{"id":385343,"date":"2025-09-12T13:11:16","date_gmt":"2025-09-12T13:11:16","guid":{"rendered":"https:\/\/www.europesays.com\/fr\/385343\/"},"modified":"2025-09-12T13:11:16","modified_gmt":"2025-09-12T13:11:16","slug":"des-agents-municipaux-menaces-la-ville-depose-plainte","status":"publish","type":"post","link":"https:\/\/www.europesays.com\/fr\/385343\/","title":{"rendered":"des agents municipaux menac\u00e9s, la Ville d\u00e9pose plainte"},"content":{"rendered":"<p>            Par<br \/>\n        <strong><br \/>\n            <a href=\"https:\/\/actu.fr\/auteur\/redaction-marseille\" title=\"Consulter tous les articles de R\u00e9daction Marseille\" target=\"_blank\" rel=\"noopener\">R\u00e9daction Marseille<\/a><br \/>\n        <\/strong><\/p>\n<p>        Publi\u00e9 le<\/p>\n<p>            12 sept. 2025 \u00e0 14h36        <\/p>\n<p>Des \u00ab\u2009actes violents\u2009\u00bb signal\u00e9s dans un bureau municipal \u00e0 <a href=\"https:\/\/actu.fr\/marseille\/\" target=\"_blank\" rel=\"noopener\">Marseille<\/a>. Ce jeudi 11\u00a0septembre 2025, \u00e0 la Belle de Mai dans le 3e arrondissement, <strong>un homme a menac\u00e9 plusieurs agents<\/strong>, r\u00e9v\u00e8le la mairie dans un communiqu\u00e9.<\/p>\n<p>    <a href=\"https:\/\/www.google.com\/maps\/embed?pb=!1m18!1m12!1m3!1d6904.534896498721!2d5.379517659721001!3d43.31427362927402!2m3!1f0!2f0!3f0!3m2!1i1024!2i768!4f13.1!3m3!1m2!1s0x12c9c08681fe5eb3%3A0x9bf6579f06062dc0!2sBureau%20Municipal%20de%20Proximit%C3%A9%20Belle%20de%20Mai!5e0!3m2!1sfr!2sfr!4v1757678952558!5m2!1sfr!2sfr\" title=\"Ouvrie le lien\" target=\"_blank\" rel=\"noopener\">Cliquez ici pour visualiser le contenu<\/a><\/p>\n<p class=\" wall-content\">Voici ce qu\u2019il s\u2019est pass\u00e9.<\/p>\n<p>Une histoire de carte d\u2019identit\u00e9<\/p>\n<p class=\" wall-content\">Dans une vid\u00e9o diffus\u00e9e sur <a href=\"https:\/\/actu.fr\/tag\/tiktok\" target=\"_blank\" rel=\"noopener\">TikTok<\/a> par le principal int\u00e9ress\u00e9, on voit l\u2019homme hurler que la mairie de Marseille veut lui \u00ab\u2009enlever [sa] nationalit\u00e9 fran\u00e7aise\u2009\u00bb.<\/p>\n<p class=\" wall-content\">Il explique que les agents lui ont demand\u00e9 des papiers attestant de nationalit\u00e9 fran\u00e7aise afin qu\u2019ils puissent refaire sa carte d\u2019identit\u00e9. <strong>\u00ab\u2009Dites \u00e0 Beno\u00eet Payan que si on ne me sort pas ma carte d\u2019identit\u00e9, je br\u00fble ici\u2009\u00bb<\/strong>, crie-t-il, avant de le r\u00e9p\u00e9ter une deuxi\u00e8me fois au moment de quitter les lieux, tout en prof\u00e9rant plusieurs insultes.<\/p>\n<blockquote class=\"tiktok-embed\" cite=\"https:\/\/www.tiktok.com\/@mtz.billel\/video\/7548878730454748438\" data-video-id=\"7548878730454748438\" data-embed-from=\"oembed\" style=\"max-width:605px; min-width:325px;\"><p>\n<a target=\"_blank\" title=\"@mtz.billel\" href=\"https:\/\/www.tiktok.com\/@mtz.billel?refer=embed\" rel=\"noopener\">@mtz.billel<\/a> <\/p>\n<p> <a target=\"_blank\" title=\"\u266c son original - MTZ Billel\" href=\"https:\/\/www.tiktok.com\/music\/son-original-7548878747433536278?refer=embed\" rel=\"noopener\">\u266c son original \u2013 MTZ Billel<\/a> <\/p>\n<\/blockquote>\n<p class=\" wall-content\">Selon nos informations, l\u2019homme avait <strong>perdu ses papiers et souhaitait les refaire<\/strong>. N\u2019\u00e9tant pas n\u00e9 en France sur son acte de naissance, les agents lui ont demand\u00e9 son acte de naturalisation, ce qu\u2019il n\u2019avait pas.<\/p>\n<p>Votre r\u00e9gion, votre actu !<\/p>\n<p>Recevez chaque jour les infos qui comptent pour vous.<\/p>\n<p>\t<a href=\"https:\/\/actu.fr\/newsletter\" class=\"ac-btn ac-btn--corner ac-btn--medium ac-btn--blue800\" target=\"_blank\" rel=\"noopener\">S&rsquo;incrire<\/a><br \/>\nPlusieurs plaintes d\u00e9pos\u00e9es<\/p>\n<p class=\" wall-content\">Dans un communiqu\u00e9 transmis \u00e0 actu Marseille, la ville \u00ab\u2009condamne avec la plus grande fermet\u00e9 les menaces dont ont \u00e9t\u00e9 victimes des agents\u2009\u00bb et parle \u00ab\u2009d\u2019actes intol\u00e9rables\u2009\u00bb. Elle explique que le maire des 2e et 3e arrondissements (DVG), Anthony Krehmeier s\u2019est rendu sur place pour \u00ab\u2009apporter son soutien direct aux agents concern\u00e9s\u2009\u00bb. \u00ab\u2009Il leur a exprim\u00e9 sa solidarit\u00e9 et son engagement total \u00e0 garantir leurs conditions de travail et leur s\u00e9curit\u00e9.\u2009\u00bb<\/p>\n<p class=\" wall-content\">Selon l\u2019entourage de Beno\u00eet Payan, les agents sont \u00ab\u2009vraiment choqu\u00e9s\u2009\u00bb et ils ont tous port\u00e9 plainte, tout comme la Ville.<\/p>\n<p>Des agents de police d\u00e9ploy\u00e9s devant le bureau<\/p>\n<p class=\" wall-content\">\u00c0 la demande du maire (DVG) de Marseille, <strong>la s\u00e9curit\u00e9 a \u00e9t\u00e9 renforc\u00e9e<\/strong> aux abords du bureau municipal \u00ab\u2009pour s\u00e9curiser les lieux\u2009\u00bb.<\/p>\n<p class=\" wall-content\">Des effectifs de <a href=\"https:\/\/actu.fr\/tag\/police\" target=\"_blank\" rel=\"noopener\">la police municipale<\/a> ont \u00e9t\u00e9 d\u00e9ploy\u00e9s.<\/p>\n<p class=\" wall-content\">Personnalisez votre actualit\u00e9 en ajoutant vos villes et m\u00e9dias en favori avec <a href=\"https:\/\/moncompte.actu.fr\" title=\"D\u00e9couvez Mon Actu\" rel=\"nofollow noopener\" data-trk=\"{&quot;cta&quot;:{&quot;action&quot;:&quot;https:\\\/\\\/moncompte.actu.fr&quot;,&quot;category&quot;:&quot;mon compte&quot;,&quot;from&quot;:&quot;article footer&quot;,&quot;name&quot;:&quot;Mon actu&quot;,&quot;type&quot;:&quot;cta&quot;}}\" target=\"_blank\">Mon Actu<\/a>.<\/p>\n<p>                    <script async src=\"\/\/www.tiktok.com\/embed.js\"><\/script><\/p>\n","protected":false},"excerpt":{"rendered":"Par R\u00e9daction Marseille Publi\u00e9 le 12 sept. 2025 \u00e0 14h36 Des \u00ab\u2009actes violents\u2009\u00bb signal\u00e9s dans un bureau municipal&hellip;\n","protected":false},"author":2,"featured_media":385344,"comment_status":"","ping_status":"","sticky":false,"template":"","format":"standard","meta":{"footnotes":""},"categories":[2814],"tags":[1111,11,1777,674,118,1011,27,884,12,1072,882,25,2439],"class_list":{"0":"post-385343","1":"post","2":"type-post","3":"status-publish","4":"format-standard","5":"has-post-thumbnail","7":"category-marseille","8":"tag-actu","9":"tag-actualites","10":"tag-eu","11":"tag-europe","12":"tag-faits-divers","13":"tag-fr","14":"tag-france","15":"tag-marseille","16":"tag-news","17":"tag-police","18":"tag-provence-alpes-cote-dazur","19":"tag-republique-francaise","20":"tag-tiktok"},"share_on_mastodon":{"url":"https:\/\/pubeurope.com\/@fr\/115191499003339534","error":""},"_links":{"self":[{"href":"https:\/\/www.europesays.com\/fr\/wp-json\/wp\/v2\/posts\/385343","targetHints":{"allow":["GET"]}}],"collection":[{"href":"https:\/\/www.europesays.com\/fr\/wp-json\/wp\/v2\/posts"}],"about":[{"href":"https:\/\/www.europesays.com\/fr\/wp-json\/wp\/v2\/types\/post"}],"author":[{"embeddable":true,"href":"https:\/\/www.europesays.com\/fr\/wp-json\/wp\/v2\/users\/2"}],"replies":[{"embeddable":true,"href":"https:\/\/www.europesays.com\/fr\/wp-json\/wp\/v2\/comments?post=385343"}],"version-history":[{"count":0,"href":"https:\/\/www.europesays.com\/fr\/wp-json\/wp\/v2\/posts\/385343\/revisions"}],"wp:featuredmedia":[{"embeddable":true,"href":"https:\/\/www.europesays.com\/fr\/wp-json\/wp\/v2\/media\/385344"}],"wp:attachment":[{"href":"https:\/\/www.europesays.com\/fr\/wp-json\/wp\/v2\/media?parent=385343"}],"wp:term":[{"taxonomy":"category","embeddable":true,"href":"https:\/\/www.europesays.com\/fr\/wp-json\/wp\/v2\/categories?post=385343"},{"taxonomy":"post_tag","embeddable":true,"href":"https:\/\/www.europesays.com\/fr\/wp-json\/wp\/v2\/tags?post=385343"}],"curies":[{"name":"wp","href":"https:\/\/api.w.org\/{rel}","templated":true}]}}