{"id":385349,"date":"2025-09-12T13:14:14","date_gmt":"2025-09-12T13:14:14","guid":{"rendered":"https:\/\/www.europesays.com\/fr\/385349\/"},"modified":"2025-09-12T13:14:14","modified_gmt":"2025-09-12T13:14:14","slug":"lyon-la-boutique-pralus-cours-vitton-inauguree","status":"publish","type":"post","link":"https:\/\/www.europesays.com\/fr\/385349\/","title":{"rendered":"Lyon. La boutique Pralus cours Vitton inaugur\u00e9e"},"content":{"rendered":"<p>Au 26 cours Vitton rempla\u00e7ant les dentelles, lingerie et maillots de bain de la boutique Cupidon, c\u2019est d\u00e9sormais la fa\u00e7ade grenat aux couleurs Pralus qui accueille le client. Ouverte le 24\u00a0juillet dernier, cette 23e boutique de l\u2019enseigne continue avec panache l\u2019aventure lyonnaise du chocolatier roannais Fran\u00e7ois Pralus. Accompagn\u00e9 de son fils Hugo (responsable production), de Romain Boudignon le directeur g\u00e9n\u00e9ral du groupe, Fran\u00e7ois Pralus est venu en ce d\u00e9but septembre\u00a0officialiser l\u2019ouverture.<\/p>\n<p>A LIRE AUSSI &gt;&gt; <a href=\"https:\/\/www.leprogres.fr\/economie\/2025\/05\/28\/francois-pralus-prepare-sa-succession\" target=\"_blank\" rel=\"noopener\">Fran\u00e7ois Pralus pr\u00e9pare sa succession et ouvre le capital de l\u2019entreprise familiale<\/a><\/p>\n<p>Le laboratoire et la boutique se partagent les 500m2 avec ses murs de pierre, ses poutres blanches et ses lustres pr\u00e9sents au sein de chaque boutique. Un rendez-vous convivial donn\u00e9 aux \u00e9lus de l\u2019arrondissement, aux commer\u00e7ants et \u00e0 de nombreux invit\u00e9s. Particuli\u00e8rement remarqu\u00e9e la pr\u00e9sence amicale de Philippe Bernachon venu en voisin pour f\u00e9liciter Fran\u00e7ois et Hugo Pralus ainsi que l\u2019\u00e9quipe.<\/p>\n<p>Celle-ci est compos\u00e9e de quatre collaborateurs en charge de l\u2019accueil client\u00e8le et de quatre p\u00e2tissiers travaillant dans le laboratoire que l\u2019on peut voir de la boutique. Les c\u00e9l\u00e8bres Pralulines, les brioches sont faites chaque jour sur place et quinze crus diff\u00e9rents de chocolat sont propos\u00e9s aux amateurs. Avis aux gourmands.<\/p>\n<p class=\"note\">La boutique est ouverte du lundi au samedi de 9h \u00e0 19h et le dimanche jusqu\u2019\u00e0 13h<\/p>\n","protected":false},"excerpt":{"rendered":"Au 26 cours Vitton rempla\u00e7ant les dentelles, lingerie et maillots de bain de la boutique Cupidon, c\u2019est d\u00e9sormais&hellip;\n","protected":false},"author":2,"featured_media":385350,"comment_status":"","ping_status":"","sticky":false,"template":"","format":"standard","meta":{"footnotes":""},"categories":[1889],"tags":[1111,11,2430,2757,1777,674,1011,27,2428,2756,6016,12,25],"class_list":{"0":"post-385349","1":"post","2":"type-post","3":"status-publish","4":"format-standard","5":"has-post-thumbnail","7":"category-lyon","8":"tag-actu","9":"tag-actualites","10":"tag-auvergne-rhone-alpes","11":"tag-edition-lyon-villeurbanne","12":"tag-eu","13":"tag-europe","14":"tag-fr","15":"tag-france","16":"tag-lyon","17":"tag-lyon-bassin","18":"tag-magazine-cuisine-et-vins","19":"tag-news","20":"tag-republique-francaise"},"share_on_mastodon":{"url":"https:\/\/pubeurope.com\/@fr\/115191510644144503","error":""},"_links":{"self":[{"href":"https:\/\/www.europesays.com\/fr\/wp-json\/wp\/v2\/posts\/385349","targetHints":{"allow":["GET"]}}],"collection":[{"href":"https:\/\/www.europesays.com\/fr\/wp-json\/wp\/v2\/posts"}],"about":[{"href":"https:\/\/www.europesays.com\/fr\/wp-json\/wp\/v2\/types\/post"}],"author":[{"embeddable":true,"href":"https:\/\/www.europesays.com\/fr\/wp-json\/wp\/v2\/users\/2"}],"replies":[{"embeddable":true,"href":"https:\/\/www.europesays.com\/fr\/wp-json\/wp\/v2\/comments?post=385349"}],"version-history":[{"count":0,"href":"https:\/\/www.europesays.com\/fr\/wp-json\/wp\/v2\/posts\/385349\/revisions"}],"wp:featuredmedia":[{"embeddable":true,"href":"https:\/\/www.europesays.com\/fr\/wp-json\/wp\/v2\/media\/385350"}],"wp:attachment":[{"href":"https:\/\/www.europesays.com\/fr\/wp-json\/wp\/v2\/media?parent=385349"}],"wp:term":[{"taxonomy":"category","embeddable":true,"href":"https:\/\/www.europesays.com\/fr\/wp-json\/wp\/v2\/categories?post=385349"},{"taxonomy":"post_tag","embeddable":true,"href":"https:\/\/www.europesays.com\/fr\/wp-json\/wp\/v2\/tags?post=385349"}],"curies":[{"name":"wp","href":"https:\/\/api.w.org\/{rel}","templated":true}]}}