{"id":385351,"date":"2025-09-12T13:16:17","date_gmt":"2025-09-12T13:16:17","guid":{"rendered":"https:\/\/www.europesays.com\/fr\/385351\/"},"modified":"2025-09-12T13:16:17","modified_gmt":"2025-09-12T13:16:17","slug":"pierre-yves-bournazel-invite-de-florent-carriere","status":"publish","type":"post","link":"https:\/\/www.europesays.com\/fr\/385351\/","title":{"rendered":"Pierre Yves Bournazel, invit\u00e9 de Florent Carri\u00e8re"},"content":{"rendered":"<p><strong>Florent Carri\u00e8r<\/strong>e recevra <strong>Pierre Yves Bournazel,<\/strong> secr\u00e9taire g\u00e9n\u00e9ral d\u00e9l\u00e9gu\u00e9 d\u2019Horizons, conseiller de Paris et candidat \u00e0 la mairie de Paris pour \u00e9changer autour de :<\/p>\n<ul>\n<li>la nomination de S\u00e9bastien Lecornu \u00e0 Matignon, quelles strat\u00e9gies pour \u00e9viter une censure des oppositions et quel budget pour 2026 ?<\/li>\n<li>Municipales \u00e0 Paris : Pierre-Yves Bournazel maintient sa candidature face \u00e0 Rachida Dati<\/li>\n<\/ul>\n<p><strong>Celine Hervieu<\/strong>, d\u00e9put\u00e9e PS de Paris, et conseill\u00e8re de Paris interviendra par visio.<\/p>\n","protected":false},"excerpt":{"rendered":"Florent Carri\u00e8re recevra Pierre Yves Bournazel, secr\u00e9taire g\u00e9n\u00e9ral d\u00e9l\u00e9gu\u00e9 d\u2019Horizons, conseiller de Paris et candidat \u00e0 la mairie&hellip;\n","protected":false},"author":2,"featured_media":197279,"comment_status":"","ping_status":"","sticky":false,"template":"","format":"standard","meta":{"footnotes":""},"categories":[1592],"tags":[1111,11,1777,674,1011,27,662,12,626,25],"class_list":{"0":"post-385351","1":"post","2":"type-post","3":"status-publish","4":"format-standard","5":"has-post-thumbnail","7":"category-ile-de-france","8":"tag-actu","9":"tag-actualites","10":"tag-eu","11":"tag-europe","12":"tag-fr","13":"tag-france","14":"tag-ile-de-france","15":"tag-news","16":"tag-paris","17":"tag-republique-francaise"},"share_on_mastodon":{"url":"https:\/\/pubeurope.com\/@fr\/115191518740984107","error":""},"_links":{"self":[{"href":"https:\/\/www.europesays.com\/fr\/wp-json\/wp\/v2\/posts\/385351","targetHints":{"allow":["GET"]}}],"collection":[{"href":"https:\/\/www.europesays.com\/fr\/wp-json\/wp\/v2\/posts"}],"about":[{"href":"https:\/\/www.europesays.com\/fr\/wp-json\/wp\/v2\/types\/post"}],"author":[{"embeddable":true,"href":"https:\/\/www.europesays.com\/fr\/wp-json\/wp\/v2\/users\/2"}],"replies":[{"embeddable":true,"href":"https:\/\/www.europesays.com\/fr\/wp-json\/wp\/v2\/comments?post=385351"}],"version-history":[{"count":0,"href":"https:\/\/www.europesays.com\/fr\/wp-json\/wp\/v2\/posts\/385351\/revisions"}],"wp:featuredmedia":[{"embeddable":true,"href":"https:\/\/www.europesays.com\/fr\/wp-json\/wp\/v2\/media\/197279"}],"wp:attachment":[{"href":"https:\/\/www.europesays.com\/fr\/wp-json\/wp\/v2\/media?parent=385351"}],"wp:term":[{"taxonomy":"category","embeddable":true,"href":"https:\/\/www.europesays.com\/fr\/wp-json\/wp\/v2\/categories?post=385351"},{"taxonomy":"post_tag","embeddable":true,"href":"https:\/\/www.europesays.com\/fr\/wp-json\/wp\/v2\/tags?post=385351"}],"curies":[{"name":"wp","href":"https:\/\/api.w.org\/{rel}","templated":true}]}}