{"id":385364,"date":"2025-09-12T13:23:13","date_gmt":"2025-09-12T13:23:13","guid":{"rendered":"https:\/\/www.europesays.com\/fr\/385364\/"},"modified":"2025-09-12T13:23:13","modified_gmt":"2025-09-12T13:23:13","slug":"lassassinat-de-linfluenceur-charlie-kirk-va-etre-instrumentalise-par-donald-trump","status":"publish","type":"post","link":"https:\/\/www.europesays.com\/fr\/385364\/","title":{"rendered":"L\u2019assassinat de l\u2019influenceur Charlie Kirk \u00ab Va \u00eatre instrumentalis\u00e9 par Donald Trump \u00bb"},"content":{"rendered":"<p><a class=\"m-item-image m-item-image--1x1 o-podcast-header__image\" href=\"https:\/\/www.rfi.fr\/fr\/podcasts\/invit%C3%A9-mi-journ%C3%A9e\/\" title=\"Invit\u00e9 international\" data-article-item-link=\"\" aria-hidden=\"true\" tabindex=\"-1\" target=\"_blank\" rel=\"noopener\"><\/p>\n<p><img decoding=\"async\" fetchpriority=\"high\" src=\"https:\/\/www.europesays.com\/fr\/wp-content\/uploads\/2025\/09\/carr\u00e9-3000x3000-invite_international.png\"   width=\"480\" height=\"480\" alt=\"Invit\u00e9 international\" loading=\"eager\" class=\"a-img \"\/><br \/>\n                                <\/a>                <\/p>\n<p class=\"t-content__chapo\">\n                                                Une chasse \u00e0 l&rsquo;homme en cours aux Etats-Unis pour retrouver celui qui a tu\u00e9 Charlie Kirk, 31 ans, influenceur conservateur pro-Trump, avec lequel il partageait bon nombre d\u2019id\u00e9es politiques. Il a \u00e9t\u00e9 assassin\u00e9 lors d&rsquo;une r\u00e9union publique sur un campus d&rsquo;universit\u00e9 dans l&rsquo;Utah. Au milieu des r\u00e9actions assurant que ce type d&rsquo;\u00e9v\u00e8nement n&rsquo;avait pas sa place en d\u00e9mocratie, le pr\u00e9sident am\u00e9ricain accuse d\u00e9j\u00e0 la gauche d&rsquo;\u00eatre responsable de sa mort. Un acte de violence politique qui\u00a0t\u00e9moigne de la polarisation extr\u00eame de la soci\u00e9t\u00e9 am\u00e9ricaine. L\u2019analyse de J\u00e9r\u00f4me Viala-Godefroy, charg\u00e9 de cours \u00e0 Sciences Po Saint-Germain en Laye, sp\u00e9cialiste de la politique am\u00e9ricaine. Auteur de \u00ab\u00a0Les mots de Trump\u00a0\u00bb, \u00e9ditions Dalloz.                    <\/p>\n<p><img decoding=\"async\" fetchpriority=\"low\" src=\"https:\/\/www.europesays.com\/fr\/wp-content\/uploads\/2025\/09\/image-146.jpg\"   width=\"1024\" height=\"576\" alt=\"Etats-Unis : &quot;Nous devons tous prier pour Charlie Kirk&quot;\u2026 Soutien de Donald Trump, l'influenceur d'extr\u00eame droite bless\u00e9 par balle\" loading=\"eager\" class=\"a-img \"\/><\/p>\n<p>                Etats-Unis : \u00ab\u00a0Nous devons tous prier pour Charlie Kirk\u00a0\u00bb\u2026 Soutien de Donald Trump, l&rsquo;influenceur d&rsquo;extr\u00eame droite bless\u00e9 par balle                AFPDDM &#8211; PATRICK T. FALLON            <\/p>\n<p>Questions d&rsquo;environnement<\/p>\n","protected":false},"excerpt":{"rendered":"Une chasse \u00e0 l&rsquo;homme en cours aux Etats-Unis pour retrouver celui qui a tu\u00e9 Charlie Kirk, 31 ans,&hellip;\n","protected":false},"author":2,"featured_media":385365,"comment_status":"","ping_status":"","sticky":false,"template":"","format":"standard","meta":{"footnotes":""},"categories":[1589],"tags":[11,782,75,73,1866,5653,12,1864,1865,1863,308],"class_list":{"0":"post-385364","1":"post","2":"type-post","3":"status-publish","4":"format-standard","5":"has-post-thumbnail","7":"category-etats-unis","8":"tag-actualites","9":"tag-ameriques","10":"tag-donald-trump","11":"tag-etats-unis","12":"tag-etats-unis-damerique","13":"tag-invite-international","14":"tag-news","15":"tag-united-states","16":"tag-united-states-of-america","17":"tag-us","18":"tag-usa"},"share_on_mastodon":{"url":"https:\/\/pubeurope.com\/@fr\/115191546225688552","error":""},"_links":{"self":[{"href":"https:\/\/www.europesays.com\/fr\/wp-json\/wp\/v2\/posts\/385364","targetHints":{"allow":["GET"]}}],"collection":[{"href":"https:\/\/www.europesays.com\/fr\/wp-json\/wp\/v2\/posts"}],"about":[{"href":"https:\/\/www.europesays.com\/fr\/wp-json\/wp\/v2\/types\/post"}],"author":[{"embeddable":true,"href":"https:\/\/www.europesays.com\/fr\/wp-json\/wp\/v2\/users\/2"}],"replies":[{"embeddable":true,"href":"https:\/\/www.europesays.com\/fr\/wp-json\/wp\/v2\/comments?post=385364"}],"version-history":[{"count":0,"href":"https:\/\/www.europesays.com\/fr\/wp-json\/wp\/v2\/posts\/385364\/revisions"}],"wp:featuredmedia":[{"embeddable":true,"href":"https:\/\/www.europesays.com\/fr\/wp-json\/wp\/v2\/media\/385365"}],"wp:attachment":[{"href":"https:\/\/www.europesays.com\/fr\/wp-json\/wp\/v2\/media?parent=385364"}],"wp:term":[{"taxonomy":"category","embeddable":true,"href":"https:\/\/www.europesays.com\/fr\/wp-json\/wp\/v2\/categories?post=385364"},{"taxonomy":"post_tag","embeddable":true,"href":"https:\/\/www.europesays.com\/fr\/wp-json\/wp\/v2\/tags?post=385364"}],"curies":[{"name":"wp","href":"https:\/\/api.w.org\/{rel}","templated":true}]}}