{"id":385370,"date":"2025-09-12T13:26:09","date_gmt":"2025-09-12T13:26:09","guid":{"rendered":"https:\/\/www.europesays.com\/fr\/385370\/"},"modified":"2025-09-12T13:26:09","modified_gmt":"2025-09-12T13:26:09","slug":"en-hongrie-les-reves-atomiques-dorban-contraries-par-lunion-europeenne","status":"publish","type":"post","link":"https:\/\/www.europesays.com\/fr\/385370\/","title":{"rendered":"En Hongrie, \u201cles r\u00eaves atomiques d\u2019Orban contrari\u00e9s\u201d par l\u2019Union europ\u00e9enne"},"content":{"rendered":"\n<p>Le jeudi 11\u00a0septembre, <a class=\"ithalc\" data-ithal=\"lien_externe\" data-ithalc=\"[nav_article]\" target=\"_blank\" href=\"https:\/\/telex.hu\/gazdasag\/2025\/09\/11\/eu-europai-unio-birosaga-paks-ii-ausztria-per\" rel=\"noopener\">rapporte <strong>Telex<\/strong><\/a><strong>,<\/strong> la Cour de justice de l\u2019Union europ\u00e9enne (CJUE) annulait le feu vert, accord\u00e9 en 2017\u00a0par la Commission europ\u00e9enne au gouvernement Orban, pour confier \u00e0 l\u2019entreprise russe Nizhny Novgorod Engineering la construction de deux nouveaux r\u00e9acteurs sur le site de la centrale nucl\u00e9aire de Paks. Selon le verdict, la Commission \u201caurait d\u00fb examiner\u201d si cette attribution directe \u201c[respectait] les r\u00e8gles de l\u2019UE en mati\u00e8re de march\u00e9s publics\u201d, pr\u00e9cise le site.<\/p>\n<p>\u201cLes r\u00eaves atomiques d\u2019Orban contrari\u00e9s\u201d, <a class=\"ithalc\" data-ithal=\"lien_externe\" data-ithalc=\"[nav_article]\" target=\"_blank\" href=\"https:\/\/www.economx.hu\/gazdasag\/paksii-itelet-birosag-kozbeszerzes-allami-tamogatas-roszatom.815939.html\" rel=\"noopener\">ass\u00e8ne le portail <strong>EconomX<\/strong><\/a><strong>,<\/strong> \u00e9voquant un \u201ccoup de tonnerre\u201d pour le pouvoir magyar. \u201cCela ne marque pas l\u2019arr\u00eat d\u00e9finitif du projet, mais la Commission devra mener une nouvelle proc\u00e9dure et s\u2019assurer de l\u2019absence d\u2019appel d\u2019offres public\u00a0pour que les investissements soient maintenus\u201d, note le m\u00e9dia. Cit\u00e9 par EconomX, l\u2019institut sp\u00e9cialis\u00e9 Energia Klub estime que \u201cl\u2019investissement dans le projet Paks\u00a0II est devenu \u00e9conomiquement et politiquement irrationnel\u201d.<\/p>\n<p>Act\u00e9 en 2014\u00a0entre Budapest et le g\u00e9ant russe sp\u00e9cialis\u00e9 dans le secteur de l\u2019\u00e9nergie nucl\u00e9aire Rosatom, la maison m\u00e8re de Nizhny Novgorod Engineering, le projet Paks\u00a0II \u201caccuse des retards successifs\u00a0depuis des ann\u00e9es\u201d, <a class=\"ithalc\" data-ithal=\"lien_externe\" data-ithalc=\"[nav_article]\" target=\"_blank\" href=\"https:\/\/www.forbes.hu\/uzlet\/paks-ii-beruhazas-kozbeszerzes-eu-birosag-itelet\/\" rel=\"noopener\">rel\u00e8ve <strong>Forbes Hongrie<\/strong><\/a><strong>.<\/strong> De plus, \u201cl\u2019augmentation\u00a0drastique des co\u00fbts ainsi que les co<\/p>\n","protected":false},"excerpt":{"rendered":"Le jeudi 11\u00a0septembre, rapporte Telex, la Cour de justice de l\u2019Union europ\u00e9enne (CJUE) annulait le feu vert, accord\u00e9&hellip;\n","protected":false},"author":2,"featured_media":385371,"comment_status":"","ping_status":"","sticky":false,"template":"","format":"standard","meta":{"footnotes":""},"categories":[1586],"tags":[11,1777,674,1011,27,1892,804,12,15077,316,25,132,14136,8904,7247],"class_list":{"0":"post-385370","1":"post","2":"type-post","3":"status-publish","4":"format-standard","5":"has-post-thumbnail","7":"category-europe","8":"tag-actualites","9":"tag-eu","10":"tag-europe","11":"tag-fr","12":"tag-france","13":"tag-gu00e9opolitique","14":"tag-hongrie","15":"tag-news","16":"tag-nuclu00e9aire","17":"tag-politique","18":"tag-republique-francaise","19":"tag-russie","20":"tag-sanctions-contre-la-russie","21":"tag-u00e9nergie","22":"tag-viktor-orban"},"share_on_mastodon":{"url":"https:\/\/pubeurope.com\/@fr\/115191557921198218","error":""},"_links":{"self":[{"href":"https:\/\/www.europesays.com\/fr\/wp-json\/wp\/v2\/posts\/385370","targetHints":{"allow":["GET"]}}],"collection":[{"href":"https:\/\/www.europesays.com\/fr\/wp-json\/wp\/v2\/posts"}],"about":[{"href":"https:\/\/www.europesays.com\/fr\/wp-json\/wp\/v2\/types\/post"}],"author":[{"embeddable":true,"href":"https:\/\/www.europesays.com\/fr\/wp-json\/wp\/v2\/users\/2"}],"replies":[{"embeddable":true,"href":"https:\/\/www.europesays.com\/fr\/wp-json\/wp\/v2\/comments?post=385370"}],"version-history":[{"count":0,"href":"https:\/\/www.europesays.com\/fr\/wp-json\/wp\/v2\/posts\/385370\/revisions"}],"wp:featuredmedia":[{"embeddable":true,"href":"https:\/\/www.europesays.com\/fr\/wp-json\/wp\/v2\/media\/385371"}],"wp:attachment":[{"href":"https:\/\/www.europesays.com\/fr\/wp-json\/wp\/v2\/media?parent=385370"}],"wp:term":[{"taxonomy":"category","embeddable":true,"href":"https:\/\/www.europesays.com\/fr\/wp-json\/wp\/v2\/categories?post=385370"},{"taxonomy":"post_tag","embeddable":true,"href":"https:\/\/www.europesays.com\/fr\/wp-json\/wp\/v2\/tags?post=385370"}],"curies":[{"name":"wp","href":"https:\/\/api.w.org\/{rel}","templated":true}]}}