{"id":385386,"date":"2025-09-12T13:36:11","date_gmt":"2025-09-12T13:36:11","guid":{"rendered":"https:\/\/www.europesays.com\/fr\/385386\/"},"modified":"2025-09-12T13:36:11","modified_gmt":"2025-09-12T13:36:11","slug":"fp1-morbidelli-sillustre-devant-quartararo-a-misano","status":"publish","type":"post","link":"https:\/\/www.europesays.com\/fr\/385386\/","title":{"rendered":"FP1\u00a0: Morbidelli s&rsquo;illustre devant Quartararo \u00e0 Misano"},"content":{"rendered":"<p>                Les VR46 au rendez-vous<\/p>\n<p>Le MotoGP\u2122 \u00e9tait en piste ce vendredi matin sur le circuit Marco Simoncelli de Misano \u00e0 l&rsquo;occasion de la FP1 du Grand Prix Red Bull de Saint-Marin et de la Riviera de Rimini. Priv\u00e9 des 10 premi\u00e8res minutes de la s\u00e9ance pour non-respect des consignes de s\u00e9curit\u00e9 \u00e0 Barcelone, Franco Morbidelli (Pertamina Enduro VR46 Racing Team) s&rsquo;offre le meilleur chrono en <strong>1&rsquo;31.342<\/strong>. L&rsquo;Italien est parti \u00e0 la faute \u00e0 quelques secondes du drapeau \u00e0 damier mais pointe au sommet de la hi\u00e9rarchie devant Fabio Quartararo (Monster Energy Yamaha MotoGP\u2122), qui d\u00e9marre tr\u00e8s fort sur le circuit o\u00f9 il a \u00e9t\u00e9 sacr\u00e9 en 2021. Fabio Di Giannantonio (Pertamina Enduro VR46 Racing Team) compl\u00e8te le top 3 ce matin.<\/p>\n<p>Tous les constructeurs dans le top 10<\/p>\n<p>Au quatri\u00e8me rang, on retrouve un Alex M\u00e1rquez (BK8 Gresini Racing MotoGP\u2122) qui aura \u00e0 c\u0153ur de confirmer apr\u00e8s sa belle victoire \u00e0 Barcelone. Le pilote Gresini devance son fr\u00e8re Marc M\u00e1rquez (Ducati Lenovo Team), qui d\u00e9marre tranquillement son week-end en cinqui\u00e8me position. \u00c0 seulement deux milli\u00e8mes du sextuple Champion du Monde MotoGP\u2122, Luca Marini (Honda HRC Castrol) est le meilleur repr\u00e9sentant de Honda avec une sixi\u00e8me place. Tr\u00e8s attendu ce week-end apr\u00e8s les belles performances de KTM la semaine derni\u00e8re, Pedro Acosta (Red Bull KTM Factory Racing) est septi\u00e8me devant les Aprilia de Marco Bezzecchi (Aprilia Racing), Ra\u00fal Fern\u00e1ndez (Trackhouse MotoGP\u2122 Team) et Jorge Mart\u00edn (Aprilia Racing), qui ferme la marche dans ce top 10.<\/p>\n<p>Le V4 en piste<\/p>\n<p lang=\"es-ES\">Le \u00ab\u00a0Martinator\u00a0\u00bb se classe juste devant son rival de 2024 Francesco Bagnaia (Ducati Lenovo Team), qui esp\u00e8re passer un meilleur week-end qu&rsquo;\u00e0 Barcelone. Johann Zarco (LCR Honda) est quant \u00e0 lui 22e de la matin\u00e9e. Le petit \u00e9v\u00e9nement de cette session \u00e9tait la pr\u00e9sence d&rsquo;Augusto Fern\u00e1ndez (Yamaha Factory Racing Team) et de la Yamaha \u00e9quip\u00e9e du moteur V4. Au cours de la s\u00e9ance, l&rsquo;Espagnol a connu un probl\u00e8me sur sa machine dont on ignore pour l&rsquo;instant la nature. De son c\u00f4t\u00e9, Miguel Oliveira (Prima Pramac Yamaha) est parti \u00e0 la faute \u00e0 deux reprises ce matin.<\/p>\n<p>La Practice MotoGP\u2122 se tiendra \u00e0 15h00 \u00e0 Misano.<\/p>\n<p>Cliquez <a href=\"https:\/\/www.motogp.com\/fr\/gp-results\/2025\/rsm\/motogp\/fp1\/classification\" rel=\"nofollow noopener\" target=\"_blank\">ici<\/a> pour acc\u00e9der aux r\u00e9sultats.<\/p>\n","protected":false},"excerpt":{"rendered":"Les VR46 au rendez-vous Le MotoGP\u2122 \u00e9tait en piste ce vendredi matin sur le circuit Marco Simoncelli de&hellip;\n","protected":false},"author":2,"featured_media":385387,"comment_status":"","ping_status":"","sticky":false,"template":"","format":"standard","meta":{"footnotes":""},"categories":[1413],"tags":[1011,27,1457,1456,60,2032],"class_list":{"0":"post-385386","1":"post","2":"type-post","3":"status-publish","4":"format-standard","5":"has-post-thumbnail","7":"category-moto","8":"tag-fr","9":"tag-france","10":"tag-moto","11":"tag-motocycle","12":"tag-sports","13":"tag-text"},"share_on_mastodon":{"url":"https:\/\/pubeurope.com\/@fr\/115191597461279921","error":""},"_links":{"self":[{"href":"https:\/\/www.europesays.com\/fr\/wp-json\/wp\/v2\/posts\/385386","targetHints":{"allow":["GET"]}}],"collection":[{"href":"https:\/\/www.europesays.com\/fr\/wp-json\/wp\/v2\/posts"}],"about":[{"href":"https:\/\/www.europesays.com\/fr\/wp-json\/wp\/v2\/types\/post"}],"author":[{"embeddable":true,"href":"https:\/\/www.europesays.com\/fr\/wp-json\/wp\/v2\/users\/2"}],"replies":[{"embeddable":true,"href":"https:\/\/www.europesays.com\/fr\/wp-json\/wp\/v2\/comments?post=385386"}],"version-history":[{"count":0,"href":"https:\/\/www.europesays.com\/fr\/wp-json\/wp\/v2\/posts\/385386\/revisions"}],"wp:featuredmedia":[{"embeddable":true,"href":"https:\/\/www.europesays.com\/fr\/wp-json\/wp\/v2\/media\/385387"}],"wp:attachment":[{"href":"https:\/\/www.europesays.com\/fr\/wp-json\/wp\/v2\/media?parent=385386"}],"wp:term":[{"taxonomy":"category","embeddable":true,"href":"https:\/\/www.europesays.com\/fr\/wp-json\/wp\/v2\/categories?post=385386"},{"taxonomy":"post_tag","embeddable":true,"href":"https:\/\/www.europesays.com\/fr\/wp-json\/wp\/v2\/tags?post=385386"}],"curies":[{"name":"wp","href":"https:\/\/api.w.org\/{rel}","templated":true}]}}