{"id":385392,"date":"2025-09-12T13:39:11","date_gmt":"2025-09-12T13:39:11","guid":{"rendered":"https:\/\/www.europesays.com\/fr\/385392\/"},"modified":"2025-09-12T13:39:11","modified_gmt":"2025-09-12T13:39:11","slug":"psg-donnarumma-sexprime-enfin","status":"publish","type":"post","link":"https:\/\/www.europesays.com\/fr\/385392\/","title":{"rendered":"PSG : Donnarumma s&rsquo;exprime enfin !"},"content":{"rendered":"<p data-testid=\"article-teaser\">Gianluigi Donnarumma a r\u00e9v\u00e9l\u00e9 son \u00ab\u00a0r\u00eave\u00a0\u00bb\u00a0: remporter la Ligue des champions avec Manchester City apr\u00e8s son transfert estival en provenance du Paris Saint-Germain.<\/p>\n<p>Donnarumma a rejoint City pour 26\u00a0millions de livres sterling (30\u00a0millions d\u2019euros\/35\u00a0millions de dollars) en provenance du g\u00e9ant fran\u00e7ais le jour de la date limite des transferts. Le joueur de 26\u00a0ans \u00e9tait devenu superflu apr\u00e8s que le PSG a d\u00e9cid\u00e9 de recruter le gardien lillois Lucas Chevalier pour 34,5\u00a0millions de livres sterling (40\u00a0millions d\u2019euros\/47\u00a0millions de dollars).\n<\/p>\n<p>Donnarumma a jou\u00e9 un r\u00f4le cl\u00e9 dans la conqu\u00eate de la premi\u00e8re Ligue des champions de son histoire par le PSG en 2024-25, en r\u00e9alisant un clean sheet en finale, l\u2019\u00e9quipe de Luis Enrique s\u2019imposant 5-0 face \u00e0 l\u2019Inter. Apr\u00e8s avoir go\u00fbt\u00e9 \u00e0 la comp\u00e9tition europ\u00e9enne de clubs, l\u2019international italien esp\u00e8re remporter son deuxi\u00e8me titre, ainsi que celui de City, d\u00e8s sa premi\u00e8re saison au club.\n<\/p>\n<p>S&rsquo;exprimant pour la premi\u00e8re fois depuis son arriv\u00e9e \u00e0 City, Donnarumma a exprim\u00e9 son ambition de remporter \u00e0 nouveau la Ligue des champions\u00a0: \u00ab\u00a0C&rsquo;est l&rsquo;un de nos objectifs, je ne vais pas le cacher.\u00a0\u00bb\n<\/p>\n<p>\u00ab\u00a0Soulever le troph\u00e9e de la Ligue des champions avec City serait un r\u00eave pour moi. Je pense que la Ligue des champions est le plus beau troph\u00e9e pour un footballeur. C&rsquo;\u00e9tait une \u00e9motion indescriptible [de la remporter avec le PSG].\u00bb\n<\/p>\n<p>City a remport\u00e9 son premier et unique titre de Ligue des champions lors d&rsquo;un tripl\u00e9 historique en 2022-23. Les hommes de Pep Guardiola ont \u00e9galement battu l&rsquo;Inter Milan en finale, Rodri inscrivant l&rsquo;unique but de la rencontre, ajoutant ainsi la Ligue des champions aux titres de Premier League et de FA Cup de City cette saison-l\u00e0.\n<\/p>\n<p>Donnarumma pourrait faire ses d\u00e9buts en Premier League lors du derby de City contre Manchester United dimanche. L&rsquo;\u00e9quipe de Guardiola d\u00e9butera ensuite sa campagne de Ligue des champions en recevant Naples le 18\u00a0septembre.<\/p>\n","protected":false},"excerpt":{"rendered":"Gianluigi Donnarumma a r\u00e9v\u00e9l\u00e9 son \u00ab\u00a0r\u00eave\u00a0\u00bb\u00a0: remporter la Ligue des champions avec Manchester City apr\u00e8s son transfert estival&hellip;\n","protected":false},"author":2,"featured_media":385393,"comment_status":"","ping_status":"","sticky":false,"template":"","format":"standard","meta":{"footnotes":""},"categories":[1410],"tags":[63,1011,27,4253,66,1434,91,50429,60,28401],"class_list":{"0":"post-385392","1":"post","2":"type-post","3":"status-publish","4":"format-standard","5":"has-post-thumbnail","7":"category-football","8":"tag-football","9":"tag-fr","10":"tag-france","11":"tag-lens","12":"tag-ligue-1","13":"tag-mercato","14":"tag-paris-saint-germain","15":"tag-paris-saint-germain-vs-lens","16":"tag-sports","17":"tag-transfers"},"share_on_mastodon":{"url":"https:\/\/pubeurope.com\/@fr\/115191609058765661","error":""},"_links":{"self":[{"href":"https:\/\/www.europesays.com\/fr\/wp-json\/wp\/v2\/posts\/385392","targetHints":{"allow":["GET"]}}],"collection":[{"href":"https:\/\/www.europesays.com\/fr\/wp-json\/wp\/v2\/posts"}],"about":[{"href":"https:\/\/www.europesays.com\/fr\/wp-json\/wp\/v2\/types\/post"}],"author":[{"embeddable":true,"href":"https:\/\/www.europesays.com\/fr\/wp-json\/wp\/v2\/users\/2"}],"replies":[{"embeddable":true,"href":"https:\/\/www.europesays.com\/fr\/wp-json\/wp\/v2\/comments?post=385392"}],"version-history":[{"count":0,"href":"https:\/\/www.europesays.com\/fr\/wp-json\/wp\/v2\/posts\/385392\/revisions"}],"wp:featuredmedia":[{"embeddable":true,"href":"https:\/\/www.europesays.com\/fr\/wp-json\/wp\/v2\/media\/385393"}],"wp:attachment":[{"href":"https:\/\/www.europesays.com\/fr\/wp-json\/wp\/v2\/media?parent=385392"}],"wp:term":[{"taxonomy":"category","embeddable":true,"href":"https:\/\/www.europesays.com\/fr\/wp-json\/wp\/v2\/categories?post=385392"},{"taxonomy":"post_tag","embeddable":true,"href":"https:\/\/www.europesays.com\/fr\/wp-json\/wp\/v2\/tags?post=385392"}],"curies":[{"name":"wp","href":"https:\/\/api.w.org\/{rel}","templated":true}]}}