{"id":385406,"date":"2025-09-12T13:46:10","date_gmt":"2025-09-12T13:46:10","guid":{"rendered":"https:\/\/www.europesays.com\/fr\/385406\/"},"modified":"2025-09-12T13:46:10","modified_gmt":"2025-09-12T13:46:10","slug":"ultraresistant-ce-champignon-qui-se-propage-a-grande-vitesse-dans-les-hopitaux-constitue-une-grave-menace","status":"publish","type":"post","link":"https:\/\/www.europesays.com\/fr\/385406\/","title":{"rendered":"Ultrar\u00e9sistant, ce champignon qui se propage \u00e0 grande vitesse dans les h\u00f4pitaux constitue \u00ab\u00a0une grave menace\u00a0\u00bb"},"content":{"rendered":"<p>Le Centre europ\u00e9en de pr\u00e9vention et de contr\u00f4le des maladies (<a href=\"https:\/\/www.ecdc.europa.eu\/en?etrans=fr\" target=\"_blank\" class=\"c-link c-link--is-underlined\" rel=\"nofollow noopener\">ECDC<\/a>) appelle \u00e0 \u00ab\u00a0une action urgente\u00a0\u00bb. R\u00e9sistant aux <a href=\"https:\/\/www.20minutes.fr\/dossier\/medicament\" class=\"c-link c-link--is-underlined\" rel=\"nofollow noopener\" target=\"_blank\">m\u00e9dicaments<\/a> antifongiques, Candidozyma auris (C. auris) est un <a href=\"https:\/\/www.20minutes.fr\/dossier\/champignon\" class=\"c-link c-link--is-underlined\" rel=\"nofollow noopener\" target=\"_blank\">champignon <\/a>qui se propage dans les \u00e9tablissements de soins \u00ab\u00a0et peut provoquer des infections graves chez les patients gravement malades\u00a0\u00bb, pr\u00e9cise l\u2019organisme. Sa quatri\u00e8me \u00e9tude r\u00e9alis\u00e9e sur ce parasite est inqui\u00e9tante. Il \u00ab\u00a0continue de se propager rapidement dans les h\u00f4pitaux europ\u00e9ens, ce qui constitue une grave menace pour les patients et les syst\u00e8mes de soins de sant\u00e9\u00a0\u00bb, note le <a href=\"https:\/\/www.ecdc.europa.eu\/en\/publications-data\/survey-epidemiological-situation-laboratory-capacity-and-preparedness-candidozyma\" target=\"_blank\" class=\"c-link c-link--is-underlined\" rel=\"nofollow noopener\">rapport<\/a>.<\/p>\n<p>Sa capacit\u00e9 \u00e0 persister sur diff\u00e9rentes surfaces et \u00e9quipements m\u00e9dicaux et \u00e0 se propager entre les patients rend particuli\u00e8rement difficile le contr\u00f4le. Entre\u00a02013 et\u00a02023, les pays de l\u2019Union europ\u00e9enne ont signal\u00e9 plus de 4.000 cas, dont 1.346 cas rien qu\u2019en\u00a02023, souligne l\u2019\u00e9tude. Des foyers r\u00e9cents ont \u00e9t\u00e9 signal\u00e9s \u00e0 <a href=\"https:\/\/www.20minutes.fr\/dossier\/chypre\" class=\"c-link c-link--is-underlined\" rel=\"nofollow noopener\" target=\"_blank\">Chypre<\/a>, en France et en <a href=\"https:\/\/www.20minutes.fr\/dossier\/allemagne\" class=\"c-link c-link--is-underlined\" rel=\"nofollow noopener\" target=\"_blank\">Allemagne<\/a>. En <a href=\"https:\/\/www.20minutes.fr\/dossier\/grece\" class=\"c-link c-link--is-underlined\" rel=\"nofollow noopener\" target=\"_blank\">Gr\u00e8ce<\/a>, <a href=\"https:\/\/www.20minutes.fr\/dossier\/italie\" class=\"c-link c-link--is-underlined\" rel=\"nofollow noopener\" target=\"_blank\">Italie<\/a>, <a href=\"https:\/\/www.20minutes.fr\/dossier\/roumanie\" class=\"c-link c-link--is-underlined\" rel=\"nofollow noopener\" target=\"_blank\">Roumanie <\/a>et <a href=\"https:\/\/www.20minutes.fr\/dossier\/espagne\" class=\"c-link c-link--is-underlined\" rel=\"nofollow noopener\" target=\"_blank\">Espagne<\/a>, la situation est plus pr\u00e9occupante encore. Sa diffusion r\u00e9gionale ou nationale est telle que les autorit\u00e9s sanitaires de ces pays \u00ab\u00a0ne peuvent plus distinguer des foyers sp\u00e9cifiques\u00a0\u00bb.<\/p>\n<\/p>\n<p>\u00ab\u00a0C.\u00a0auris s\u2019est propag\u00e9 en quelques ann\u00e9es seulement, depuis les cas isol\u00e9s jusqu\u2019\u00e0 la g\u00e9n\u00e9ralisation dans certains pays\u00a0\u00bb, note le docteur Diamantis Plachouras, responsable de la section de la r\u00e9sistance aux antimicrobiens et des infections associ\u00e9es aux soins de sant\u00e9 de l\u2019ECDC. \u00ab\u00a0Cela montre \u00e0 quelle vitesse il peut s\u2019\u00e9tablir dans les h\u00f4pitaux. Mais ce n\u2019est pas in\u00e9vitable. La d\u00e9tection pr\u00e9coce et un contr\u00f4le rapide et coordonn\u00e9 des <a href=\"https:\/\/www.20minutes.fr\/dossier\/infection\" class=\"c-link c-link--is-underlined\" rel=\"nofollow noopener\" target=\"_blank\">infections<\/a> peuvent encore emp\u00eacher une transmission plus pouss\u00e9e.\u00a0\u00bb<\/p>\n<p><a href=\"https:\/\/www.20minutes.fr\/dossier\/epidemie\" class=\"c-link c-btn c-btn--primary\" rel=\"nofollow noopener\" target=\"_blank\">Notre dossier sur les \u00e9pid\u00e9mies<\/a><\/p>\n<p>Si certains pays ont donn\u00e9 des r\u00e9sultats positifs en limitant les \u00e9pid\u00e9mies de C. auris, nombre d\u2019entre eux sont confront\u00e9s \u00e0 des lacunes essentielles. Malgr\u00e9 l\u2019augmentation du nombre de cas, seuls 17 des 36 pays participants ont actuellement mis en place un syst\u00e8me national de surveillance pour C. auris, souligne ce rapport inqui\u00e9tant.<\/p>\n","protected":false},"excerpt":{"rendered":"Le Centre europ\u00e9en de pr\u00e9vention et de contr\u00f4le des maladies (ECDC) appelle \u00e0 \u00ab\u00a0une action urgente\u00a0\u00bb. R\u00e9sistant aux&hellip;\n","protected":false},"author":2,"featured_media":385407,"comment_status":"","ping_status":"","sticky":false,"template":"","format":"standard","meta":{"footnotes":""},"categories":[10],"tags":[47,672,16996,434,123,1011,27,8906,72,13849,452,4868,71,5336],"class_list":{"0":"post-385406","1":"post","2":"type-post","3":"status-publish","4":"format-standard","5":"has-post-thumbnail","7":"category-sante","8":"tag-actualite","9":"tag-allemagne","10":"tag-chypre","11":"tag-epidemie","12":"tag-espagne","13":"tag-fr","14":"tag-france","15":"tag-grece","16":"tag-health","17":"tag-infection","18":"tag-italie","19":"tag-roumanie","20":"tag-sante","21":"tag-virus"},"share_on_mastodon":{"url":"https:\/\/pubeurope.com\/@fr\/115191636672724155","error":""},"_links":{"self":[{"href":"https:\/\/www.europesays.com\/fr\/wp-json\/wp\/v2\/posts\/385406","targetHints":{"allow":["GET"]}}],"collection":[{"href":"https:\/\/www.europesays.com\/fr\/wp-json\/wp\/v2\/posts"}],"about":[{"href":"https:\/\/www.europesays.com\/fr\/wp-json\/wp\/v2\/types\/post"}],"author":[{"embeddable":true,"href":"https:\/\/www.europesays.com\/fr\/wp-json\/wp\/v2\/users\/2"}],"replies":[{"embeddable":true,"href":"https:\/\/www.europesays.com\/fr\/wp-json\/wp\/v2\/comments?post=385406"}],"version-history":[{"count":0,"href":"https:\/\/www.europesays.com\/fr\/wp-json\/wp\/v2\/posts\/385406\/revisions"}],"wp:featuredmedia":[{"embeddable":true,"href":"https:\/\/www.europesays.com\/fr\/wp-json\/wp\/v2\/media\/385407"}],"wp:attachment":[{"href":"https:\/\/www.europesays.com\/fr\/wp-json\/wp\/v2\/media?parent=385406"}],"wp:term":[{"taxonomy":"category","embeddable":true,"href":"https:\/\/www.europesays.com\/fr\/wp-json\/wp\/v2\/categories?post=385406"},{"taxonomy":"post_tag","embeddable":true,"href":"https:\/\/www.europesays.com\/fr\/wp-json\/wp\/v2\/tags?post=385406"}],"curies":[{"name":"wp","href":"https:\/\/api.w.org\/{rel}","templated":true}]}}