{"id":385418,"date":"2025-09-12T13:52:21","date_gmt":"2025-09-12T13:52:21","guid":{"rendered":"https:\/\/www.europesays.com\/fr\/385418\/"},"modified":"2025-09-12T13:52:21","modified_gmt":"2025-09-12T13:52:21","slug":"pagaille-en-occitanie-la-sncf-annonce-jusqua-deux-heures-de-retard-pour-ses-trains-voici-ce-quil-se-passe","status":"publish","type":"post","link":"https:\/\/www.europesays.com\/fr\/385418\/","title":{"rendered":"Pagaille en Occitanie\u00a0: la SNCF annonce jusqu\u2019\u00e0 deux heures de retard pour ses trains, voici ce qu\u2019il se passe"},"content":{"rendered":"<p>\n                                                                Le trafic SNCF sur la Ligne \u00e0 grande vitesse Sud-Est est fortement perturb\u00e9 apr\u00e8s un vol de c\u00e2bles en Sa\u00f4ne-et-Loire, apprend-on ce vendredi. En Occitanie, des retards de 30 minutes voire 1 heure 30 sont annonc\u00e9s.\n                            <\/p>\n<p>Il va vous falloir trouver une place confortable, car le temps pass\u00e9 dans votre train pourrait bien \u00eatre rallong\u00e9. Vers 11\u00a0heures ce vendredi 12\u00a0septembre, <a href=\"https:\/\/www.sncf-connect.com\/trafficInfo\" target=\"_blank\" rel=\"nofollow noopener\">le r\u00e9seau SNCF <\/a>a annonc\u00e9 qu\u2019une \u00ab\u00a0panne de signalisation caus\u00e9e par <a href=\"https:\/\/www.midilibre.fr\/2025\/08\/29\/trophee-des-champions-a-poitiers-deplacement-mouvemente-pour-les-joueurs-du-mhb-12899895.php\" target=\"_blank\" rel=\"nofollow noopener\">un vol de c\u00e2bles\u00a0\u00bb<\/a><a href=\"https:\/\/www.midilibre.fr\/2025\/08\/29\/trophee-des-champions-a-poitiers-deplacement-mouvemente-pour-les-joueurs-du-mhb-12899895.php\" target=\"_blank\" rel=\"nofollow noopener\"> <\/a>allait causer des perturbations sur la Ligne \u00e0 grande vitesse Sud-Est.<\/p>\n<p>Le vol a \u00e9t\u00e9 d\u00e9tect\u00e9 aux abords de la gare Creusot-Montchanin, en Sa\u00f4ne-et-Loire. D\u2019apr\u00e8s des pr\u00e9cisions du <a href=\"https:\/\/www.lefigaro.fr\/societes\/sncf-le-trafic-des-tgv-sud-est-perturbe-toute-la-journee-ce-vendredi-apres-un-nouveau-vol-de-cables-20250912\" target=\"_blank\" rel=\"nofollow noopener\">Figaro<\/a>, il s\u2019agissait de la ligne Paris-Lyon. Ce faisant, des itin\u00e9raires vont \u00eatre d\u00e9vi\u00e9s, et la vitesse de certains trains ralentie, causant des retards de 20 minutes \u00e0 deux heures.<\/p>\n<p>Le probl\u00e8me ne pouvant \u00eatre r\u00e9solu instantan\u00e9ment, la SNCF planche sur un retour \u00e0 la normale demain samedi\u00a013 dans la matin\u00e9e. Aupr\u00e8s du Figaro, le gestionnaire d\u2019infrastructure estime une reprise du rythme standard vers 21\u00a0heures ce soir.<\/p>\n<p>L\u2019Occitanie touch\u00e9e<\/p>\n<p>La circulation dans <a href=\"https:\/\/www.midilibre.fr\/herault\/\" target=\"_blank\" rel=\"nofollow noopener\">l\u2019H\u00e9rault <\/a>sera donc perturb\u00e9e. Sur les panneaux d\u2019affichage de la gare Saint-Roch, \u00e0 Montpellier, ce vendredi, un retard de 90 minutes sur le train Ouigo\u00a0est estim\u00e9 en direction de Perpignan. Il sera un peu moindre dans le TGV Inoui vers Toulouse Matabliau\u00a0: 30 minutes environ.<\/p>\n<p>Dans le <a href=\"https:\/\/www.midilibre.fr\/gard\/\" target=\"_blank\" rel=\"nofollow noopener\">Gard<\/a>, m\u00eames gal\u00e8res. \u00c0 N\u00eemes, direction<a href=\"https:\/\/www.midilibre.fr\/2025\/08\/10\/un-casse-tete-pour-les-touristes-entre-la-navette-et-le-chantier-cest-la-galere-a-larrivee-de-la-gare-sud-de-france-a-montpellier-12868364.php\" target=\"_blank\" rel=\"nofollow noopener\"> Montpellier Saint-Roch,<\/a> il faudra attendre 30 minutes de plus avant de descendre enfin des wagons. Les gares gardoises accusent les m\u00eames retards.<\/p>\n<p>Dans le sens des arriv\u00e9es, des retards de dur\u00e9e similaire sont annonc\u00e9s\u00a0: 90 minutes depuis Paris Gare de Lyon, 30 depuis Bruxelles Midi et Lyon Part Dieu.<\/p>\n<p>Le vol des c\u00e2bles est un probl\u00e8me r\u00e9current sur le r\u00e9seau. En mars dernier, des c\u00e2bles de cuivre avaient \u00e9t\u00e9 subtilis\u00e9s par deux hommes <a href=\"https:\/\/www.midilibre.fr\/2025\/03\/27\/deux-voleurs-de-cables-de-cuivre-appartenant-a-la-sncf-en-detention-apres-leur-arrestation-a-lieuran-les-beziers-12597406.php#:~:text=Il%20faut%20savoir%20que%20la,l&#039;avocat%20de%20la%20SNCF.\" target=\"_blank\" rel=\"nofollow noopener\">sur la ligne SNCF B\u00e9darieux-B\u00e9ziers.<\/a> Le 30\u00a0avril, deux autres personnes avaient commis le m\u00eame m\u00e9fait<a href=\"https:\/\/www.midilibre.fr\/2025\/05\/04\/je-ne-vais-plus-jamais-revenir-en-france-deux-roumains-condamnes-pour-un-vol-de-cables-de-cuivre-appartenant-a-la-sncf-a-nimes-12671428.php\" target=\"_blank\" rel=\"nofollow noopener\"> au sein d\u2019un b\u00e2timent de la SNCF \u00e0 N\u00eemes.<\/a><\/p>\n","protected":false},"excerpt":{"rendered":"Le trafic SNCF sur la Ligne \u00e0 grande vitesse Sud-Est est fortement perturb\u00e9 apr\u00e8s un vol de c\u00e2bles&hellip;\n","protected":false},"author":2,"featured_media":385419,"comment_status":"","ping_status":"","sticky":false,"template":"","format":"standard","meta":{"footnotes":""},"categories":[4],"tags":[11,1011,27,12,25],"class_list":{"0":"post-385418","1":"post","2":"type-post","3":"status-publish","4":"format-standard","5":"has-post-thumbnail","7":"category-france","8":"tag-actualites","9":"tag-fr","10":"tag-france","11":"tag-news","12":"tag-republique-francaise"},"share_on_mastodon":{"url":"https:\/\/pubeurope.com\/@fr\/115191660451790699","error":""},"_links":{"self":[{"href":"https:\/\/www.europesays.com\/fr\/wp-json\/wp\/v2\/posts\/385418","targetHints":{"allow":["GET"]}}],"collection":[{"href":"https:\/\/www.europesays.com\/fr\/wp-json\/wp\/v2\/posts"}],"about":[{"href":"https:\/\/www.europesays.com\/fr\/wp-json\/wp\/v2\/types\/post"}],"author":[{"embeddable":true,"href":"https:\/\/www.europesays.com\/fr\/wp-json\/wp\/v2\/users\/2"}],"replies":[{"embeddable":true,"href":"https:\/\/www.europesays.com\/fr\/wp-json\/wp\/v2\/comments?post=385418"}],"version-history":[{"count":0,"href":"https:\/\/www.europesays.com\/fr\/wp-json\/wp\/v2\/posts\/385418\/revisions"}],"wp:featuredmedia":[{"embeddable":true,"href":"https:\/\/www.europesays.com\/fr\/wp-json\/wp\/v2\/media\/385419"}],"wp:attachment":[{"href":"https:\/\/www.europesays.com\/fr\/wp-json\/wp\/v2\/media?parent=385418"}],"wp:term":[{"taxonomy":"category","embeddable":true,"href":"https:\/\/www.europesays.com\/fr\/wp-json\/wp\/v2\/categories?post=385418"},{"taxonomy":"post_tag","embeddable":true,"href":"https:\/\/www.europesays.com\/fr\/wp-json\/wp\/v2\/tags?post=385418"}],"curies":[{"name":"wp","href":"https:\/\/api.w.org\/{rel}","templated":true}]}}