{"id":385424,"date":"2025-09-12T13:55:21","date_gmt":"2025-09-12T13:55:21","guid":{"rendered":"https:\/\/www.europesays.com\/fr\/385424\/"},"modified":"2025-09-12T13:55:21","modified_gmt":"2025-09-12T13:55:21","slug":"un-derby-de-la-grande-region-pour-le-clermont-foot-63-ce-week-end-contre-las-saint-etienne","status":"publish","type":"post","link":"https:\/\/www.europesays.com\/fr\/385424\/","title":{"rendered":"Un derby de la grande r\u00e9gion pour le Clermont Foot 63 ce week-end contre l&rsquo;AS Saint-\u00c9tienne"},"content":{"rendered":"<p style=\"line-height:1.38;margin-bottom:0pt;margin-top:0pt;\" dir=\"ltr\">Apr\u00e8s cinq matchs de pr\u00e9saison, <a href=\"https:\/\/www.rcf.fr\/articles\/actualite\/football-le-puy-foot-va-accueillir-le-clermont-foot-a-massot\" rel=\"nofollow noopener\" target=\"_blank\">dont un match nul au Puy<\/a>, et quatre matchs de Ligue 2, le Clermont-Foot s&rsquo;appr\u00eate \u00e0 vivre le premier choc de sa saison 2025-2026 avec la r\u00e9ception de <a href=\"https:\/\/www.rcf.fr\/articles\/actualite\/ivan-gazidis-le-nouveau-dirigeant-de-lasse-sest-presente-a-la-presse\" rel=\"nofollow noopener\" target=\"_blank\">l&rsquo;AS Saint-\u00c9tienne<\/a> au stade Gabriel-Montpied ce samedi 13 septembre. Un derby de la grande r\u00e9gion Auvergne-Rh\u00f4ne-Alpes face aux For\u00e9ziens pour tenter d&rsquo;encha\u00eener un deuxi\u00e8me succ\u00e8s cons\u00e9cutif \u00e0 la maison, apr\u00e8s la victoire contre Grenoble 2 buts \u00e0 1 le 22 ao\u00fbt dernier.<\/p>\n<p style=\"line-height:1.38;margin-bottom:0pt;margin-top:0pt;\" dir=\"ltr\">\u00a0<\/p>\n<p style=\"line-height:1.38;margin-bottom:0pt;margin-top:0pt;\" dir=\"ltr\"><strong>Saison 2024-25 : annus horribilis pour le CF63 et l&rsquo;ASSE<\/strong><\/p>\n<p style=\"line-height:1.38;margin-bottom:0pt;margin-top:0pt;\" dir=\"ltr\">\u00a0<\/p>\n<p style=\"line-height:1.38;margin-bottom:0pt;margin-top:0pt;\" dir=\"ltr\">La derni\u00e8re fois que les deux clubs se sont affront\u00e9s en comp\u00e9tition officielle, c\u2019\u00e9tait dans l\u2019\u00e9lite du football fran\u00e7ais : en Ligue 1. Saint-Etienne l\u2019avait emport\u00e9 2 buts \u00e0 1 sur la pelouse du Clermont-Foot au mois de f\u00e9vrier 2022, il y a 2 ans et demi. Autant dire une \u00e9ternit\u00e9.<\/p>\n<p style=\"line-height:1.38;margin-bottom:0pt;margin-top:0pt;\" dir=\"ltr\">\u00a0<\/p>\n<p style=\"line-height:1.38;margin-bottom:0pt;margin-top:0pt;\" dir=\"ltr\">Depuis, les deux clubs ont v\u00e9cu des gal\u00e8res. Le Clermont-Foot d&rsquo;abord a retrouv\u00e9 la deuxi\u00e8me division l\u2019an dernier et a<a href=\"https:\/\/www.rcf.fr\/articles\/actualite\/foot-rugby-weekend-haute-tension-pour-les-couleurs-clermontoises\" rel=\"nofollow noopener\" target=\"_blank\"> \u00e9chapp\u00e9 de peu \u00e0 la descente en Nationale<\/a> au mois de mai, gr\u00e2ce \u00e0 une double confrontation victorieuse contre Boulogne-sur-Mer lors du barrage Ligue 2 \/ National.\u00a0<\/p>\n<p style=\"line-height:1.38;margin-bottom:0pt;margin-top:0pt;\" dir=\"ltr\">\u00a0<\/p>\n<p style=\"line-height:1.38;margin-bottom:0pt;margin-top:0pt;\" dir=\"ltr\">Une saison 2024-2025 \u00e9galement p\u00e9nible pour l\u2019ASSE, class\u00e9e 17\u00e8me \u00e0 la fin de la saison de Ligue 1. Une place d\u2019avant-dernier\u00a0synonyme de rel\u00e9gation.\u00a0<\/p>\n<p style=\"line-height:1.38;margin-bottom:0pt;margin-top:0pt;\" dir=\"ltr\">\u00a0<\/p>\n<p style=\"line-height:1.38;margin-bottom:0pt;margin-top:0pt;\" dir=\"ltr\"><strong>Vers un renouveau en Ligue 2 ?\u00a0<\/strong><\/p>\n<p style=\"line-height:1.38;margin-bottom:0pt;margin-top:0pt;\" dir=\"ltr\">\u00a0<\/p>\n<p style=\"line-height:1.38;margin-bottom:0pt;margin-top:0pt;\" dir=\"ltr\">Les deux \u00e9quipes ont depuis entam\u00e9 un nouveau cycle en Ligue 2. Les premiers r\u00e9sultats sont encourageants :\u00a0 aucun des deux clubs n\u2019a encore perdu cette saison. L\u2019AS Saint-Etienne est en t\u00eate du championnat avec huit points pris sur douze possibles et apr\u00e8s\u00a0une victoire et trois matchs nuls, le Clermont Foot pointe \u00e0 la septi\u00e8me place avec un total de six points.\u00a0<\/p>\n<p style=\"line-height:1.38;margin-bottom:0pt;margin-top:0pt;\" dir=\"ltr\">\u00a0<\/p>\n<p style=\"line-height:1.38;margin-bottom:0pt;margin-top:0pt;\" dir=\"ltr\">Seules interrogations c\u00f4t\u00e9 clermontois, les d\u00e9parts d&rsquo;Andy Pelmard et Habib Ke\u00efta. Le premier est pr\u00eat\u00e9 pour la saison au Jagiellonia Bia\u0142ystok, un club du championnat polonais. Il avait pris part \u00e0 trois des autres matchs de Ligue 2 en ce d\u00e9but de saison, dont deux comme titulaire. Le second rejoint un club turque de premi\u00e8re division, Kocaelispor Kul\u00fcb\u00fc, pour un pr\u00eat d&rsquo;une saison avec option d&rsquo;achat. Habib Ke\u00efta avait pris part \u00e0 tous les matchs de ce d\u00e9but de championnat, dont deux comme titulaire.\u00a0<\/p>\n<p><strong>Le stade Gabriel-Montpied \u00e0 guichets ferm\u00e9s<\/strong><\/p>\n<p style=\"line-height:1.38;margin-bottom:0pt;margin-top:0pt;\" dir=\"ltr\">Ce derby se jouera aussi en dehors des terrains, en tribunes. Le stade Montpied sera \u00e0 guichets ferm\u00e9s. Les supporteurs Clermontois sont attendus en nombre, m\u00eame chose pour les St\u00e9phanois. Le parcage visiteur sera complet, <a href=\"https:\/\/www.rcf.fr\/actualite\/linvite-de-lete?episode=607285&amp;fbclid=IwY2xjawMuQBFleHRuA2FlbQIxMAABHngXwlji2asQFJONiweWmC3FFJ97GCF2z0Lj5texxR3eBcVA7FVKNn7C0EEC_aem_hwCbD1I4GDOyPaj2f-xMYg\" rel=\"nofollow noopener\" target=\"_blank\">les Verts<\/a> emm\u00e8neront un peu d&rsquo;ambiance du Chaudron en terre auvergnate. Le coup d\u2019envoi de Clermont Foot 63 &#8211; AS Saint-\u00c9tienne c&rsquo;est ce samedi 13 septembre \u00e0 20 heures au stade Gabriel-Montpied \u00e0 Clermont-Ferrand.<\/p>\n","protected":false},"excerpt":{"rendered":"Apr\u00e8s cinq matchs de pr\u00e9saison, dont un match nul au Puy, et quatre matchs de Ligue 2, le&hellip;\n","protected":false},"author":2,"featured_media":385425,"comment_status":"","ping_status":"","sticky":false,"template":"","format":"standard","meta":{"footnotes":""},"categories":[9653],"tags":[1111,11,2430,1777,674,1011,27,12,25,4001],"class_list":{"0":"post-385424","1":"post","2":"type-post","3":"status-publish","4":"format-standard","5":"has-post-thumbnail","7":"category-saint-etienne","8":"tag-actu","9":"tag-actualites","10":"tag-auvergne-rhone-alpes","11":"tag-eu","12":"tag-europe","13":"tag-fr","14":"tag-france","15":"tag-news","16":"tag-republique-francaise","17":"tag-saint-etienne"},"share_on_mastodon":{"url":"https:\/\/pubeurope.com\/@fr\/115191672058729043","error":""},"_links":{"self":[{"href":"https:\/\/www.europesays.com\/fr\/wp-json\/wp\/v2\/posts\/385424","targetHints":{"allow":["GET"]}}],"collection":[{"href":"https:\/\/www.europesays.com\/fr\/wp-json\/wp\/v2\/posts"}],"about":[{"href":"https:\/\/www.europesays.com\/fr\/wp-json\/wp\/v2\/types\/post"}],"author":[{"embeddable":true,"href":"https:\/\/www.europesays.com\/fr\/wp-json\/wp\/v2\/users\/2"}],"replies":[{"embeddable":true,"href":"https:\/\/www.europesays.com\/fr\/wp-json\/wp\/v2\/comments?post=385424"}],"version-history":[{"count":0,"href":"https:\/\/www.europesays.com\/fr\/wp-json\/wp\/v2\/posts\/385424\/revisions"}],"wp:featuredmedia":[{"embeddable":true,"href":"https:\/\/www.europesays.com\/fr\/wp-json\/wp\/v2\/media\/385425"}],"wp:attachment":[{"href":"https:\/\/www.europesays.com\/fr\/wp-json\/wp\/v2\/media?parent=385424"}],"wp:term":[{"taxonomy":"category","embeddable":true,"href":"https:\/\/www.europesays.com\/fr\/wp-json\/wp\/v2\/categories?post=385424"},{"taxonomy":"post_tag","embeddable":true,"href":"https:\/\/www.europesays.com\/fr\/wp-json\/wp\/v2\/tags?post=385424"}],"curies":[{"name":"wp","href":"https:\/\/api.w.org\/{rel}","templated":true}]}}