{"id":385428,"date":"2025-09-12T13:57:18","date_gmt":"2025-09-12T13:57:18","guid":{"rendered":"https:\/\/www.europesays.com\/fr\/385428\/"},"modified":"2025-09-12T13:57:18","modified_gmt":"2025-09-12T13:57:18","slug":"le-trolleybus-devie-adopte-le-plan-b2","status":"publish","type":"post","link":"https:\/\/www.europesays.com\/fr\/385428\/","title":{"rendered":"le trolleybus d\u00e9vi\u00e9 adopte le plan B2"},"content":{"rendered":"<p>        <strong>Un incendie survenu jeudi 11 septembre rue Saint-Georges a entra\u00een\u00e9 l\u2019interruption de la circulation des trolleybus sur l\u2019axe Saint-Jean et Saint-Georges \u00e0 Nancy. Par mesure de s\u00e9curit\u00e9, le trafic de la ligne Tempo 1 reste d\u00e9vi\u00e9 dans les deux sens ce vendredi.<\/strong><\/p>\n<p>Depuis jeudi, la circulation de la ligne Tempo 1 est d\u00e9vi\u00e9e apr\u00e8s l\u2019incendie survenu rue Saint-Georges \u00e0 Nancy. Un plan de circulation alternatif a \u00e9t\u00e9 mis en place, selon le \u00ab\u00a0Plan B2\u00a0\u00bb adopt\u00e9 sur le r\u00e9seau Stan, les stations Division de Fer, Place Stanislas-Cath\u00e9drale, Point-Central et Gare-Pierre-Semard ne sont plus desservies. Des arr\u00eats provisoires sont install\u00e9s sur les boulevards Joffre et du 21\u1d49 RA ainsi que rue du Tapis Vert.<\/p>\n<p><strong>Stations ferm\u00e9es et reports<\/strong><\/p>\n<p>Les stations Division de Fer, Place Stanislas-Cath\u00e9drale, Point-Central et Gare-Pierre-Semard ne sont pas desservies. Les voyageurs sont invit\u00e9s \u00e0 se reporter vers les stations Gare Saint-L\u00e9on ou Deux Rives Olympe de Gouges.<\/p>\n<p><strong>Arr\u00eats provisoires mis en place<\/strong><\/p>\n<p>&#8211; Vers Essey Mouzimpr\u00e9 : Joffre Gare (Boulevard Joffre), Charles III (rue Charles III), Division de Fer (boulevard du 21\u1d49 RA).<\/p>\n<p>&#8211; Vers CHU Brabois : Division de Fer (rue du Tapis Vert), Place des Vosges, Varsovie, Place des Justes, Joffre Gare.<br \/>Info voyageurs<\/p>\n<p>Un retour \u00e0 la normale pourrait intervenir dans la soir\u00e9e de ce vendredi 12 septembre ou samedi 13 septembre, sous r\u00e9serve d\u2019un dernier point de situation avec les sapeurs-pompiers \u00e0 19h.\u00a0<\/p>\n<p><img loading=\"lazy\" decoding=\"async\" src=\"https:\/\/www.europesays.com\/fr\/wp-content\/uploads\/2025\/09\/planB.png\" alt=\"planB\" width=\"900\" height=\"639\"\/><\/p>\n<p>\t\t\t\t\t\t<a href=\"https:\/\/www.pinterest.com\/pin\/create\/button\/\" data-pin-do=\"buttonBookmark\" data-pin-color=\"red\" rel=\"nofollow noopener\" target=\"_blank\"><img decoding=\"async\" src=\"https:\/\/www.europesays.com\/fr\/wp-content\/uploads\/2025\/04\/pinit_fg_en_rect_red_20.png\" alt=\"Pin It\"\/><\/a><\/p>\n","protected":false},"excerpt":{"rendered":"Un incendie survenu jeudi 11 septembre rue Saint-Georges a entra\u00een\u00e9 l\u2019interruption de la circulation des trolleybus sur l\u2019axe&hellip;\n","protected":false},"author":2,"featured_media":385429,"comment_status":"","ping_status":"","sticky":false,"template":"","format":"standard","meta":{"footnotes":""},"categories":[9635],"tags":[1111,11,1777,674,1011,27,775,1702,12,25],"class_list":{"0":"post-385428","1":"post","2":"type-post","3":"status-publish","4":"format-standard","5":"has-post-thumbnail","7":"category-nancy","8":"tag-actu","9":"tag-actualites","10":"tag-eu","11":"tag-europe","12":"tag-fr","13":"tag-france","14":"tag-grand-est","15":"tag-nancy","16":"tag-news","17":"tag-republique-francaise"},"share_on_mastodon":{"url":"https:\/\/pubeurope.com\/@fr\/115191679945267322","error":""},"_links":{"self":[{"href":"https:\/\/www.europesays.com\/fr\/wp-json\/wp\/v2\/posts\/385428","targetHints":{"allow":["GET"]}}],"collection":[{"href":"https:\/\/www.europesays.com\/fr\/wp-json\/wp\/v2\/posts"}],"about":[{"href":"https:\/\/www.europesays.com\/fr\/wp-json\/wp\/v2\/types\/post"}],"author":[{"embeddable":true,"href":"https:\/\/www.europesays.com\/fr\/wp-json\/wp\/v2\/users\/2"}],"replies":[{"embeddable":true,"href":"https:\/\/www.europesays.com\/fr\/wp-json\/wp\/v2\/comments?post=385428"}],"version-history":[{"count":0,"href":"https:\/\/www.europesays.com\/fr\/wp-json\/wp\/v2\/posts\/385428\/revisions"}],"wp:featuredmedia":[{"embeddable":true,"href":"https:\/\/www.europesays.com\/fr\/wp-json\/wp\/v2\/media\/385429"}],"wp:attachment":[{"href":"https:\/\/www.europesays.com\/fr\/wp-json\/wp\/v2\/media?parent=385428"}],"wp:term":[{"taxonomy":"category","embeddable":true,"href":"https:\/\/www.europesays.com\/fr\/wp-json\/wp\/v2\/categories?post=385428"},{"taxonomy":"post_tag","embeddable":true,"href":"https:\/\/www.europesays.com\/fr\/wp-json\/wp\/v2\/tags?post=385428"}],"curies":[{"name":"wp","href":"https:\/\/api.w.org\/{rel}","templated":true}]}}