{"id":385434,"date":"2025-09-12T14:00:25","date_gmt":"2025-09-12T14:00:25","guid":{"rendered":"https:\/\/www.europesays.com\/fr\/385434\/"},"modified":"2025-09-12T14:00:25","modified_gmt":"2025-09-12T14:00:25","slug":"une-chambre-et-une-toiture-en-feu-dans-une-villa-a-mauguio","status":"publish","type":"post","link":"https:\/\/www.europesays.com\/fr\/385434\/","title":{"rendered":"une chambre et une toiture en feu dans une villa \u00e0 Mauguio"},"content":{"rendered":"<p>            Par<br \/>\n        <strong><br \/>\n            <a href=\"https:\/\/actu.fr\/auteur\/jm-aubert\" title=\"Consulter tous les articles de Jean-Marc Aubert\" rel=\"nofollow noopener\" target=\"_blank\">Jean-Marc Aubert<\/a><br \/>\n        <\/strong><\/p>\n<p>        Publi\u00e9 le<\/p>\n<p>            12 sept. 2025 \u00e0 11h17        <\/p>\n<p>Les sapeurs-pompiers du <strong>Sdis 34<\/strong> sont engag\u00e9s ce vendredi 11 septembre 2025, pour un <strong>incendie<\/strong> dans une villa, \u00e0 <strong>Mauguio,<\/strong> au sud-est de Montpellier.<\/p>\n<p>    <a href=\"https:\/\/www.google.com\/maps\/embed?pb=!1m18!1m12!1m3!1d4858.169993165501!2d4.0135288091795776!3d43.613094091204374!2m3!1f0!2f0!3f0!3m2!1i1024!2i768!4f13.1!3m3!1m2!1s0x12b6a3a4f12a9c9f%3A0xbf7c18fe61d5c37b!2s85%20Rue%20Louis%20Blanc%2C%2034130%20Mauguio!5e0!3m2!1sfr!2sfr!4v1757668153527!5m2!1sfr!2sfr\" title=\"Ouvrie le lien\" rel=\"nofollow noopener\" target=\"_blank\">Cliquez ici pour visualiser le contenu<\/a><\/p>\n<p class=\" wall-content\">L\u2019alerte a \u00e9t\u00e9 donn\u00e9e vers 10h30 pour cet incendie au 85 de la rue Louis Blanc. Une chambre \u00e9tait la proie des flammes au premier \u00e9tage de cette habitation.<\/p>\n<p class=\" wall-content\">\u00c0 l\u2019arriv\u00e9e des pompiers, le feu s\u2019\u00e9tait propag\u00e9 \u00e0 la toiture. \u00a0Les deux occupants ont quitt\u00e9 les lieux avant l\u2019intervention des premiers engins et sont indemnes, mais choqu\u00e9s. Ils vont devoir \u00eatre relog\u00e9s par la commune, dont un \u00e9lu et la police municipale \u00e9taient sur le lieux, ainsi que les gendarmes de la compagnie de Lunel.<\/p>\n<p class=\" wall-content\">L\u2019origine de cet incendie serait accidentelle, une enqu\u00eate est ouverte.<\/p>\n<p class=\" wall-content\">Personnalisez votre actualit\u00e9 en ajoutant vos villes et m\u00e9dias en favori avec <a href=\"https:\/\/moncompte.actu.fr\" title=\"D\u00e9couvez Mon Actu\" rel=\"nofollow noopener\" data-trk=\"{&quot;cta&quot;:{&quot;action&quot;:&quot;https:\\\/\\\/moncompte.actu.fr&quot;,&quot;category&quot;:&quot;mon compte&quot;,&quot;from&quot;:&quot;article footer&quot;,&quot;name&quot;:&quot;Mon actu&quot;,&quot;type&quot;:&quot;cta&quot;}}\" target=\"_blank\">Mon Actu<\/a>.<\/p>\n","protected":false},"excerpt":{"rendered":"Par Jean-Marc Aubert Publi\u00e9 le 12 sept. 2025 \u00e0 11h17 Les sapeurs-pompiers du Sdis 34 sont engag\u00e9s ce&hellip;\n","protected":false},"author":2,"featured_media":343572,"comment_status":"","ping_status":"","sticky":false,"template":"","format":"standard","meta":{"footnotes":""},"categories":[9599],"tags":[1111,11,1777,674,118,1011,27,1310,2208,12,2680,1311,25],"class_list":{"0":"post-385434","1":"post","2":"type-post","3":"status-publish","4":"format-standard","5":"has-post-thumbnail","7":"category-montpellier","8":"tag-actu","9":"tag-actualites","10":"tag-eu","11":"tag-europe","12":"tag-faits-divers","13":"tag-fr","14":"tag-france","15":"tag-incendie","16":"tag-montpellier","17":"tag-news","18":"tag-occitanie","19":"tag-pompiers","20":"tag-republique-francaise"},"share_on_mastodon":{"url":"https:\/\/pubeurope.com\/@fr\/115191691592279793","error":""},"_links":{"self":[{"href":"https:\/\/www.europesays.com\/fr\/wp-json\/wp\/v2\/posts\/385434","targetHints":{"allow":["GET"]}}],"collection":[{"href":"https:\/\/www.europesays.com\/fr\/wp-json\/wp\/v2\/posts"}],"about":[{"href":"https:\/\/www.europesays.com\/fr\/wp-json\/wp\/v2\/types\/post"}],"author":[{"embeddable":true,"href":"https:\/\/www.europesays.com\/fr\/wp-json\/wp\/v2\/users\/2"}],"replies":[{"embeddable":true,"href":"https:\/\/www.europesays.com\/fr\/wp-json\/wp\/v2\/comments?post=385434"}],"version-history":[{"count":0,"href":"https:\/\/www.europesays.com\/fr\/wp-json\/wp\/v2\/posts\/385434\/revisions"}],"wp:featuredmedia":[{"embeddable":true,"href":"https:\/\/www.europesays.com\/fr\/wp-json\/wp\/v2\/media\/343572"}],"wp:attachment":[{"href":"https:\/\/www.europesays.com\/fr\/wp-json\/wp\/v2\/media?parent=385434"}],"wp:term":[{"taxonomy":"category","embeddable":true,"href":"https:\/\/www.europesays.com\/fr\/wp-json\/wp\/v2\/categories?post=385434"},{"taxonomy":"post_tag","embeddable":true,"href":"https:\/\/www.europesays.com\/fr\/wp-json\/wp\/v2\/tags?post=385434"}],"curies":[{"name":"wp","href":"https:\/\/api.w.org\/{rel}","templated":true}]}}