{"id":385439,"date":"2025-09-12T14:04:12","date_gmt":"2025-09-12T14:04:12","guid":{"rendered":"https:\/\/www.europesays.com\/fr\/385439\/"},"modified":"2025-09-12T14:04:12","modified_gmt":"2025-09-12T14:04:12","slug":"metropole-de-grenoble-eleve-poignarde-devant-le-lycee-marie-curie-a-echirolles-trois-freres-condamnes","status":"publish","type":"post","link":"https:\/\/www.europesays.com\/fr\/385439\/","title":{"rendered":"M\u00e9tropole de Grenoble. \u00c9l\u00e8ve poignard\u00e9 devant le lyc\u00e9e Marie-Curie \u00e0 \u00c9chirolles : trois fr\u00e8res condamn\u00e9s"},"content":{"rendered":"<p>Les trois fr\u00e8res soup\u00e7onn\u00e9s d&rsquo;avoir particip\u00e9 \u00e0 l&rsquo;agression durant laquelle un \u00e9l\u00e8ve du lyc\u00e9e Marie-Curie \u00e0 \u00c9chirolles, \u00e2g\u00e9 de 17 ans, avait re\u00e7u onze coups de couteau &#8211; dont un tout pr\u00e8s du coeur &#8211; devant l&rsquo;\u00e9tablissement scolaire, le 17 avril dernier \u00e0 la mi-journ\u00e9e, ont \u00e9t\u00e9 d\u00e9clar\u00e9s coupables par le tribunal correctionnel de Grenoble, ce vendredi 12 septembre.<\/p>\n<p>Ce contenu est bloqu\u00e9 car vous n&rsquo;avez pas accept\u00e9 les cookies et autres traceurs.<\/p>\n<p>En cliquant sur \u00ab J\u2019accepte \u00bb, les cookies et autres traceurs seront d\u00e9pos\u00e9s et vous pourrez visualiser les contenus  (<a href=\"\" class=\"consentModule_policy\" target=\"_blank\" title=\"Consulter la politique de protection des donn\u00e9es du fournisseur\">plus d&rsquo;informations<\/a>).<\/p>\n<p>En cliquant sur \u00ab J\u2019accepte tous les cookies \u00bb, vous autorisez des d\u00e9p\u00f4ts de cookies et autres traceurs pour le stockage de vos donn\u00e9es sur nos sites et applications \u00e0 des fins de personnalisation et de ciblage publicitaire.<\/p>\n<p class=\"consentModule_secondaryText\">Vous gardez la possibilit\u00e9 de retirer votre consentement \u00e0 tout moment en consultant notre <a href=\"https:\/\/www.ledauphine.com\/protection-des-donnees\" target=\"_blank\" title=\"Consulter notre politique de protection des donn\u00e9es\" rel=\"noopener\">politique de protection des donn\u00e9es<\/a>. <br \/>&#13;<br \/>\n            <a href=\"https:\/\/www.ledauphine.com\/faits-divers-justice\/2025\/09\/12\/javascript:Didomi.notice.show()\" class=\"consentModule_cmp\" target=\"_blank\" rel=\"noopener\">G\u00e9rer mes choix<\/a>&#13;\n        <\/p>\n<p>&#13;<br \/>\n                        J&rsquo;accepte&#13;<br \/>\n            J&rsquo;accepte tous les cookies&#13;\n        <\/p>\n<p>Celui \u00e2g\u00e9 de 25 ans, qui avait reconnu avoir donn\u00e9 des coups de pied et de poing, et qui comparaissait libre \u00e0 l&rsquo;audience du 2 septembre, a \u00e9t\u00e9 condamn\u00e9 \u00e0 3 ans de prison dont 2 avec un sursis probatoire d&rsquo;une dur\u00e9e de deux ans. Il pourra effectuer l&rsquo;ann\u00e9e de d\u00e9tention sous bracelet \u00e9lectronique.<\/p>\n<p>Les deux fr\u00e8res a\u00een\u00e9s maintenus en d\u00e9tention provisoire<\/p>\n<p>Ses deux fr\u00e8res a\u00een\u00e9s, \u00e2g\u00e9s de 28 et 31 ans &#8211; qui, eux, ont comparu d\u00e9tenus et qui ont toujours ni\u00e9 leur implication &#8211; ont \u00e9t\u00e9 condamn\u00e9s \u00e0 4 ans d&#8217;emprisonnement dont 1 an de sursis probatoire de deux ans pour le premier et 2 ans pour le second.<\/p>\n<p>Tous les deux ont \u00e9t\u00e9 maintenus en d\u00e9tention et ont interdiction de d\u00e9tenir une arme pendant 5 ans.<\/p>\n","protected":false},"excerpt":{"rendered":"Les trois fr\u00e8res soup\u00e7onn\u00e9s d&rsquo;avoir particip\u00e9 \u00e0 l&rsquo;agression durant laquelle un \u00e9l\u00e8ve du lyc\u00e9e Marie-Curie \u00e0 \u00c9chirolles, \u00e2g\u00e9&hellip;\n","protected":false},"author":2,"featured_media":385440,"comment_status":"","ping_status":"","sticky":false,"template":"","format":"standard","meta":{"footnotes":""},"categories":[9566],"tags":[1111,11,2430,271,272,9852,9853,112,1777,674,274,107,1011,27,2731,108,12,25],"class_list":{"0":"post-385439","1":"post","2":"type-post","3":"status-publish","4":"format-standard","5":"has-post-thumbnail","7":"category-grenoble","8":"tag-actu","9":"tag-actualites","10":"tag-auvergne-rhone-alpes","11":"tag-crime","12":"tag-delit-et-contravention","13":"tag-echirolles","14":"tag-echirolles-bassin","15":"tag-edition-grenoble-agglomeration","16":"tag-eu","17":"tag-europe","18":"tag-faits-divers-justice","19":"tag-fil-info","20":"tag-fr","21":"tag-france","22":"tag-grenoble","23":"tag-isere","24":"tag-news","25":"tag-republique-francaise"},"share_on_mastodon":{"url":"https:\/\/pubeurope.com\/@fr\/115191707379594389","error":""},"_links":{"self":[{"href":"https:\/\/www.europesays.com\/fr\/wp-json\/wp\/v2\/posts\/385439","targetHints":{"allow":["GET"]}}],"collection":[{"href":"https:\/\/www.europesays.com\/fr\/wp-json\/wp\/v2\/posts"}],"about":[{"href":"https:\/\/www.europesays.com\/fr\/wp-json\/wp\/v2\/types\/post"}],"author":[{"embeddable":true,"href":"https:\/\/www.europesays.com\/fr\/wp-json\/wp\/v2\/users\/2"}],"replies":[{"embeddable":true,"href":"https:\/\/www.europesays.com\/fr\/wp-json\/wp\/v2\/comments?post=385439"}],"version-history":[{"count":0,"href":"https:\/\/www.europesays.com\/fr\/wp-json\/wp\/v2\/posts\/385439\/revisions"}],"wp:featuredmedia":[{"embeddable":true,"href":"https:\/\/www.europesays.com\/fr\/wp-json\/wp\/v2\/media\/385440"}],"wp:attachment":[{"href":"https:\/\/www.europesays.com\/fr\/wp-json\/wp\/v2\/media?parent=385439"}],"wp:term":[{"taxonomy":"category","embeddable":true,"href":"https:\/\/www.europesays.com\/fr\/wp-json\/wp\/v2\/categories?post=385439"},{"taxonomy":"post_tag","embeddable":true,"href":"https:\/\/www.europesays.com\/fr\/wp-json\/wp\/v2\/tags?post=385439"}],"curies":[{"name":"wp","href":"https:\/\/api.w.org\/{rel}","templated":true}]}}