{"id":385445,"date":"2025-09-12T14:07:10","date_gmt":"2025-09-12T14:07:10","guid":{"rendered":"https:\/\/www.europesays.com\/fr\/385445\/"},"modified":"2025-09-12T14:07:10","modified_gmt":"2025-09-12T14:07:10","slug":"bus-incendie-sur-la-rocade-de-rennes-le-pont-dalma-pourrait-rouvrir-apres-des-investigations-nocturnes","status":"publish","type":"post","link":"https:\/\/www.europesays.com\/fr\/385445\/","title":{"rendered":"Bus incendi\u00e9 sur la rocade de Rennes. Le pont d&rsquo;Alma pourrait rouvrir apr\u00e8s des \u00ab\u00a0investigations nocturnes\u00a0\u00bb"},"content":{"rendered":"<p>            Par<br \/>\n        <strong><br \/>\n            <a href=\"https:\/\/actu.fr\/auteur\/brian-legoff\" title=\"Consulter tous les articles de Brian Le Goff\" target=\"_blank\" rel=\"noopener\">Brian Le Goff<\/a><br \/>\n        <\/strong><\/p>\n<p>        Publi\u00e9 le<\/p>\n<p>            12 sept. 2025 \u00e0 15h47        <\/p>\n<p>\u00ab\u00a0L\u2019ouvrage a subi<strong> d\u2019importants dommages\u00a0\u00bb,<\/strong> constate la <strong>Dir Ouest<\/strong>, lorsqu\u2019elle \u00e9voque le pont d\u2019Alma \u00e0 Rennes. Un <a href=\"https:\/\/actu.fr\/bretagne\/rennes_35238\/greve-du-10-septembre-le-conducteur-est-choque-ce-que-l-on-sait-du-bus-incendie-sur-la-rocade-de-rennes_63142337.html\" target=\"_blank\" rel=\"noopener\">bus du r\u00e9seau Star a en effet \u00e9t\u00e9 incendi\u00e9, mercredi 10 septembre, lors du mouvement \u00ab\u00a0Bloquons tout\u00a0\u00bb<\/a> qui a entra\u00een\u00e9 le <strong>blocage de la rocade.<\/strong> Depuis, la circulation sur le pont dans le sens Nantes-<a href=\"https:\/\/actu.fr\/rennes\/\" target=\"_blank\" rel=\"noopener\">Rennes<\/a> et la bretelle de sortie de la rocade ext\u00e9rieure vers le centre de Rennes <a href=\"https:\/\/actu.fr\/rennes\/\" target=\"_blank\" rel=\"noopener\">a \u00e9t\u00e9 ferm\u00e9e<\/a>. Mais, ce vendredi 12 septembre, la Dir Ouest indique que la p\u00e9riode de fermeture, d\u2019abord envisag\u00e9e jusqu\u2019\u00e0 la fin de l\u2019ann\u00e9e, pourrait \u00eatre r\u00e9duite.<\/p>\n<p class=\" wall-content\">En effet, l\u2019interdiction de circulation devrait \u00eatre effective <strong>jusqu\u2019au 26 septembre pour les voitures<\/strong>. En revanche, ce ne sera pas le cas <strong>pour les poids lourds,<\/strong> dont l\u2019interdiction d\u2019emprunter l\u2019ouvrage <strong>pourrait durer \u00ab\u00a0plusieurs mois\u00a0\u00bb<\/strong>.<\/p>\n<p>La rocade ferm\u00e9e trois nuits la semaine prochaine<\/p>\n<p class=\" wall-content\">Dans les faits, <strong>tout va d\u00e9pendre des analyses et des v\u00e9rifications<\/strong> qui vont \u00eatre men\u00e9es.<\/p>\n<p class=\" wall-content\">Pour conna\u00eetre pr\u00e9cis\u00e9ment l\u2019\u00e9tat du pont et pr\u00e9parer son programme de r\u00e9paration, la DIR Ouest, accompagn\u00e9e du CEREMA, m\u00e8nera des <strong>investigations nocturnes du mardi 16 au jeudi 18 septembre inclus, de 20h30 \u00e0 4h,<\/strong> soit durant trois nuits, et r\u00e9alisera :<\/p>\n<ul class=\" wall-content\">\n<li>des pr\u00e9l\u00e8vements et analyses du b\u00e9ton endommag\u00e9 ;<\/li>\n<li>une v\u00e9rification de la structure.<\/li>\n<\/ul>\n<p class=\" wall-content\">Pour assurer la s\u00e9curit\u00e9 du chantier durant ces trois nuits, la <strong>rocade ext\u00e9rieure (RN136) sera ferm\u00e9e\u00a0<\/strong>au niveau de la porte de Nantes.<\/p>\n<p class=\" wall-content\">Un<strong>\u00a0itin\u00e9raire de d\u00e9viation\u00a0<\/strong>sera mis en place par la RN137 direction Nantes. Concr\u00e8tement, tous les v\u00e9hicules devront prendre la bretelle de sortie de la rocade en direction de Nantes pour faire demi-tour \u00e0 l\u2019\u00e9changeur de Chartres-de-Bretagne, puis reprendre l\u2019axe Nantes-Rennes pour emprunter la bretelle d\u2019entr\u00e9e sur la rocade.<\/p>\n<p>Votre r\u00e9gion, votre actu !<\/p>\n<p>Recevez chaque jour les infos qui comptent pour vous.<\/p>\n<p>\t<a href=\"https:\/\/actu.fr\/newsletter\" class=\"ac-btn ac-btn--corner ac-btn--medium ac-btn--blue800\" target=\"_blank\" rel=\"noopener\">S&rsquo;incrire<\/a><br \/>\nDes premiers r\u00e9sultats connus fin septembre<\/p>\n<p class=\" wall-content\">Les <strong>premiers r\u00e9sultats<\/strong> des investigations seront connus <strong>d\u2019ici fin septembre,<\/strong> pr\u00e9cise la Dir Ouest. \u00ab\u00a0Ils <strong>permettront de d\u00e9finir le programme de travaux<\/strong> de renforcement n\u00e9cessaires pour r\u00e9tablir progressivement la circulation en toute s\u00e9curit\u00e9.\u00a0\u00bb<\/p>\n<p class=\" wall-content\"><strong>En fonction<\/strong> des\u00a0premiers\u00a0r\u00e9sultats,\u00a0la DIR Ouest\u00a0pourrait\u00a0mettre\u00a0en place,\u00a0d\u00e8s la fin septembre,\u00a0un <strong>dispositif<\/strong> permettant :<\/p>\n<ul class=\" wall-content\">\n<li>le <strong>passage des v\u00e9hicules l\u00e9gers<\/strong> uniquement ;<\/li>\n<li><strong>l\u2019interdiction des poids lourds<\/strong> de plus de 3,5 t.<\/li>\n<\/ul>\n<p class=\" wall-content\">\u00ab\u00a0Cette <strong>solution provisoire,<\/strong> qui durera plusieurs mois, <strong>vise \u00e0 limiter la g\u00eane<\/strong> pour les automobilistes <strong>tout en garantissant<\/strong> que l\u2019ouvrage ne soit pas sollicit\u00e9 au-del\u00e0 de ses capacit\u00e9s avant r\u00e9paration\u00a0\u00bb, conclut la Dir Ouest.<\/p>\n<p class=\" wall-content\">Personnalisez votre actualit\u00e9 en ajoutant vos villes et m\u00e9dias en favori avec <a href=\"https:\/\/moncompte.actu.fr\" title=\"D\u00e9couvez Mon Actu\" rel=\"nofollow noopener\" data-trk=\"{&quot;cta&quot;:{&quot;action&quot;:&quot;https:\\\/\\\/moncompte.actu.fr&quot;,&quot;category&quot;:&quot;mon compte&quot;,&quot;from&quot;:&quot;article footer&quot;,&quot;name&quot;:&quot;Mon actu&quot;,&quot;type&quot;:&quot;cta&quot;}}\" target=\"_blank\">Mon Actu<\/a>.<\/p>\n","protected":false},"excerpt":{"rendered":"Par Brian Le Goff Publi\u00e9 le 12 sept. 2025 \u00e0 15h47 \u00ab\u00a0L\u2019ouvrage a subi d\u2019importants dommages\u00a0\u00bb, constate la&hellip;\n","protected":false},"author":2,"featured_media":385446,"comment_status":"","ping_status":"","sticky":false,"template":"","format":"standard","meta":{"footnotes":""},"categories":[2821],"tags":[1111,11,47212,829,1777,674,1011,27,50957,12,584,25,4797,104],"class_list":{"0":"post-385445","1":"post","2":"type-post","3":"status-publish","4":"format-standard","5":"has-post-thumbnail","7":"category-rennes","8":"tag-actu","9":"tag-actualites","10":"tag-bloquons-tout","11":"tag-bretagne","12":"tag-eu","13":"tag-europe","14":"tag-fr","15":"tag-france","16":"tag-mouvement-du-10-septembre","17":"tag-news","18":"tag-rennes","19":"tag-republique-francaise","20":"tag-rocade","21":"tag-societe"},"share_on_mastodon":{"url":"https:\/\/pubeurope.com\/@fr\/115191719292932408","error":""},"_links":{"self":[{"href":"https:\/\/www.europesays.com\/fr\/wp-json\/wp\/v2\/posts\/385445","targetHints":{"allow":["GET"]}}],"collection":[{"href":"https:\/\/www.europesays.com\/fr\/wp-json\/wp\/v2\/posts"}],"about":[{"href":"https:\/\/www.europesays.com\/fr\/wp-json\/wp\/v2\/types\/post"}],"author":[{"embeddable":true,"href":"https:\/\/www.europesays.com\/fr\/wp-json\/wp\/v2\/users\/2"}],"replies":[{"embeddable":true,"href":"https:\/\/www.europesays.com\/fr\/wp-json\/wp\/v2\/comments?post=385445"}],"version-history":[{"count":0,"href":"https:\/\/www.europesays.com\/fr\/wp-json\/wp\/v2\/posts\/385445\/revisions"}],"wp:featuredmedia":[{"embeddable":true,"href":"https:\/\/www.europesays.com\/fr\/wp-json\/wp\/v2\/media\/385446"}],"wp:attachment":[{"href":"https:\/\/www.europesays.com\/fr\/wp-json\/wp\/v2\/media?parent=385445"}],"wp:term":[{"taxonomy":"category","embeddable":true,"href":"https:\/\/www.europesays.com\/fr\/wp-json\/wp\/v2\/categories?post=385445"},{"taxonomy":"post_tag","embeddable":true,"href":"https:\/\/www.europesays.com\/fr\/wp-json\/wp\/v2\/tags?post=385445"}],"curies":[{"name":"wp","href":"https:\/\/api.w.org\/{rel}","templated":true}]}}