{"id":385466,"date":"2025-09-12T14:19:22","date_gmt":"2025-09-12T14:19:22","guid":{"rendered":"https:\/\/www.europesays.com\/fr\/385466\/"},"modified":"2025-09-12T14:19:22","modified_gmt":"2025-09-12T14:19:22","slug":"metropole-de-lille-les-travaux-des-voies-et-quais-du-tramway-sont-enfin-finis-avant-une-grosse-nouveaute","status":"publish","type":"post","link":"https:\/\/www.europesays.com\/fr\/385466\/","title":{"rendered":"M\u00e9tropole de Lille. Les travaux des voies et quais du tramway sont enfin finis, avant une grosse nouveaut\u00e9"},"content":{"rendered":"<p>            Par<br \/>\n        <strong><br \/>\n            <a href=\"https:\/\/actu.fr\/auteur\/annesophie-2\" title=\"Consulter tous les articles de Anne-Sophie Hourdeaux\" target=\"_blank\" rel=\"noopener\">Anne-Sophie Hourdeaux<\/a><br \/>\n        <\/strong><\/p>\n<p>        Publi\u00e9 le<\/p>\n<p>            12 sept. 2025 \u00e0 15h48        <\/p>\n<p>Il a fallu trois \u00e9t\u00e9s pour venir \u00e0 bout des<b> travaux de r\u00e9novation des quais et voies du tramway<\/b>, dans la m\u00e9tropole de <a href=\"https:\/\/actu.fr\/hauts-de-france\/lille_59350\" target=\"_blank\" rel=\"noopener\">Lille<\/a> (Nord). Pour 2025, le <b>tramway<\/b> a \u00e9t\u00e9 compl\u00e8tement \u00e0 l\u2019arr\u00eat du 7 juillet au 31 ao\u00fbt. <b>Quinze quais ont \u00e9t\u00e9 modernis\u00e9s, des voies ont \u00e9t\u00e9 v\u00e9g\u00e9talis\u00e9es.<\/b> On vous explique ce chantier, qui pr\u00e9figure une <b>grosse nouveaut\u00e9<\/b> entre 2026 et 2028.<\/p>\n<p>6 mois de travaux sur 3 ans pour le tramway lillois, avant une grande nouveaut\u00e9<\/p>\n<p class=\" wall-content\">Le relooking des quais du tramway, c\u2019est fini. Pour ne pas trop impacter le trafic, ce sont les p\u00e9riodes de vacances estivales qui ont \u00e9t\u00e9 choisies pour les travaux, car il fallait arr\u00eater compl\u00e8tement la circulation le temps du chantier. Ce qui a n\u00e9cessit\u00e9 6 mois de travaux r\u00e9partis sur 3 ans, avec 200 personnes mobilis\u00e9es.<\/p>\n<p>    <img   decoding=\"async\" loading=\"lazy\" class=\"size-large\" src=\"https:\/\/www.europesays.com\/fr\/wp-content\/uploads\/2025\/09\/470d231bb2c866b0d231bb2c82f0d2v-960x640.jpeg\" alt=\"tramway travaux\" width=\"960\" height=\"640\"\/><br \/>\n    Les quais des arr\u00eats du tram ont \u00e9t\u00e9 enti\u00e8rement refaits pendant 3 \u00e9t\u00e9s entre\u00a02022 et\u00a02025. \u00a9Anne-Sophie Hourdeaux\/Croix du Nord<\/p>\n<p class=\" wall-content\">Depuis le 31\u00a0ao\u00fbt 2025, le tramway a repris du service. Qu\u2019est-ce qui a chang\u00e9\u2009?<\/p>\n<p class=\" wall-content\">\u2013 15 quais (sur 46) ont \u00e9t\u00e9 rallong\u00e9s, mis aux normes d\u2019accessibilit\u00e9, ajust\u00e9s sur leur hauteur\u2009;<\/p>\n<p class=\" wall-content\">\u2013 de nouveaux abris et rev\u00eatements ont \u00e9t\u00e9 install\u00e9s\u2009;<\/p>\n<p class=\" wall-content\">\u2013 quelques arbres ont \u00e9t\u00e9 abattus\u2009;<\/p>\n<p>Votre r\u00e9gion, votre actu !<\/p>\n<p>Recevez chaque jour les infos qui comptent pour vous.<\/p>\n<p>\t<a href=\"https:\/\/actu.fr\/newsletter\" class=\"ac-btn ac-btn--corner ac-btn--medium ac-btn--blue800\" target=\"_blank\" rel=\"noopener\">S&rsquo;incrire<\/a><\/p>\n<p class=\" wall-content\">\u2013 le quai 1 du Crois\u00e9 Laroche a \u00e9t\u00e9 d\u00e9plac\u00e9 et ses voies v\u00e9g\u00e9talis\u00e9es\u2009;<\/p>\n<p class=\" wall-content\">\u2013 7\u00a0km de voies de la branche Roubaix ont \u00e9t\u00e9 r\u00e9nov\u00e9s, n\u00e9cessitant 20\u2009000\u00a0tonnes de ballast et 12\u2009000 traverses\u2009;<\/p>\n<p class=\" wall-content\">\u2013 la vid\u00e9osurveillance est renforc\u00e9e.<\/p>\n<p>Cure de jouvence et accessibilit\u00e9<\/p>\n<p class=\" wall-content\">\u00ab\u2009Sur certains quais, le bitume n\u2019\u00e9tait plus droit \u00e0 cause des racines qui le soulevaient, d\u2019autres quais \u00e9taient \u00e9troits. Tout a \u00e9t\u00e9 retravaill\u00e9 pour d\u00e9velopper encore plus l\u2019<b>accessibilit\u00e9 aux personnes en situation de handicap<\/b>. Le mobilier a \u00e9t\u00e9 chang\u00e9, comme les bancs C\u2019est une sacr\u00e9e cure de jouvence\u2009!\u2009\u00bb, d\u00e9taille S\u00e9bastien Lepr\u00eatre, vice-pr\u00e9sident de la <a href=\"https:\/\/actu.fr\/tag\/metropole-europeenne-de-lille\" target=\"_blank\" rel=\"noopener\">M\u00e9tropole europ\u00e9enne de Lille<\/a> d\u00e9l\u00e9gu\u00e9 aux transports.<\/p>\n<p>    <img   decoding=\"async\" loading=\"lazy\" class=\"size-large\" src=\"https:\/\/www.europesays.com\/fr\/wp-content\/uploads\/2025\/09\/2ffe231bb2c86230f231bb2c8070f2v-960x640.jpeg\" alt=\"tramway travaux\" width=\"960\" height=\"640\"\/><br \/>\n    Sur les rails de 4 stations du tramway ont \u00e9t\u00e9 install\u00e9s des plants de \u00ab\u2009sedum\u2009\u00bb, une plante r\u00e9sistante qui donne un effet \u00ab\u2009tapis de mousse\u2009\u00bb, sur 2\u2009700\u00a0m2 au total. \u00a9Anne-Sophie Hourdeaux\/Croix du NordV\u00e9g\u00e9talisation de 4 voies<\/p>\n<p class=\" wall-content\">Le changement le plus visible ne se trouve pas sur les quais, mais sur les rails\u2009! Peut-\u00eatre l\u2019avez-vous remarqu\u00e9\u2009: certaines parties de la voie, entre les rails, ne sont plus caillouteuses mais v\u00e9g\u00e9talis\u00e9es, passant du gris au vert. Patrice Deffrasnes, de K\u00e9olis (ma\u00eetre d\u2019\u0153uvre des travaux) explique\u2009: \u00ab\u2009Nous avons pos\u00e9 2\u2009700\u00a0m2 de sedum, une plante, sur les rails de 4 stations\u2009: Romarin, Brossolette, Trois Suisses et Crois\u00e9 Laroche\u2009\u00bb. Le sedum est une sorte de mousse, \u00ab\u2009qui demande tr\u00e8s peu d\u2019entretien et qui change de couleurs selon les saisons\u2009\u00bb pr\u00e9cise Fran\u00e7ois Briche de la MEL. Cela donne un bel effet visuel loin de la grisaille du bitume et des cailloux\u2009!<\/p>\n<p>    <img   decoding=\"async\" loading=\"lazy\" class=\"size-large\" src=\"https:\/\/www.europesays.com\/fr\/wp-content\/uploads\/2025\/09\/58b7231bb2c863cb7231bb2c8ffb72v-960x640.jpeg\" alt=\"tramway travaux\" width=\"960\" height=\"640\"\/><br \/>\n    D\u00e9tail d\u2019un quai refait \u00e0 neuf. \u00a9Anne-Sophie Hourdeaux\/Croix du Nord<\/p>\n<p class=\" wall-content\">Le maire de Marcq-en-Bar\u0153ul, Bernard G\u00e9rard, a r\u00e9agi, sa commune comptant 5 stations\u2009: \u00ab\u2009Ces travaux sont extraordinaires\u2009! Nous avan\u00e7ons vers une ville plus durable et plus humaine. Ce ne sont pas que des travaux d\u2019infrastructures, mais le choix d\u2019une mobilit\u00e9 plus propre, qui am\u00e9liore la qualit\u00e9 de l\u2019air\u2009\u00bb.<\/p>\n<p class=\" wall-content\">Le pr\u00e9fet du Nord Bertrand Gaume a salu\u00e9 la \u00ab\u2009renaturation\u2009\u00bb d\u2019un axe urbain n\u00e9 en 1909. \u00ab\u2009Vous avez ici la culture du tramway, avec le d\u00e9veloppement des parkings-relais qui ont montr\u00e9 leur pertinence. Il y a une po\u00e9sie avec ce tram qui relie les villes\u2009!\u2009\u00bb Il a rappel\u00e9 que le Plan de Relance avait contribu\u00e9 \u00e0 ces travaux, \u00e0 hauteur de 17\u00a0millions d\u2019euros.<\/p>\n<p>    <img   decoding=\"async\" loading=\"lazy\" class=\"size-large\" src=\"https:\/\/www.europesays.com\/fr\/wp-content\/uploads\/2025\/09\/9af5cec8d2c86bef5cec8d2c86206cv-960x640.jpeg\" alt=\"tram travaux 2025\" width=\"960\" height=\"640\"\/><br \/>\n    Les quais refaits cet \u00e9t\u00e9 permettent d\u2019\u00eatre plus accessibles aux personnes handicap\u00e9es. \u00a9Anne-Sophie Hourdeaux\/Croix du Nord<\/p>\n<p class=\" wall-content\">Le chantier a aussi port\u00e9 sur\u2009:<\/p>\n<ul class=\" wall-content\">\n<li>la reconstruction de l\u2019ouvrage d\u2019art Planche \u00c9pinoy \u00e0 Croix (pont),<\/li>\n<li>l\u2019adaptation du centre de maintenance Rouges Barres avec des travaux de gros \u0153uvre et de nouveaux \u00e9quipements techniques (levage, tour en fosse, machine \u00e0 laver, passerelles d\u2019acc\u00e8s)\u2009;<\/li>\n<li>le d\u00e9placement de 10 pyl\u00f4nes\u2009;<\/li>\n<li>et le renouvellement de plus de 500 consoles de cat\u00e9naires.<\/li>\n<\/ul>\n<p>    <img   decoding=\"async\" loading=\"lazy\" class=\"size-large\" src=\"https:\/\/www.europesays.com\/fr\/wp-content\/uploads\/2025\/09\/628e231bb2c86468e231bb2c81a8e2v-960x640.jpeg\" alt=\"tramway travaux\" width=\"960\" height=\"640\"\/><br \/>\n    Exemple de travaux effectu\u00e9s cet \u00e9t\u00e9 sur les voies du tramway\u2009: 7\u00a0km de voies ont \u00e9t\u00e9 refaites. \u00a9Anne-Sophie Hourdeaux\/Croix du Nord27 nouvelles rames entre\u00a02026 et\u00a02028<\/p>\n<p class=\" wall-content\">Ces travaux d\u2019ampleur, dont le montant revient \u00e0 60\u00a0millions d\u2019euros, pr\u00e9parent le terrain \u00e0 une grande nouvelle\u2009: de nouvelles rames de tramway dernier cri vont arriver dans la m\u00e9tropole lilloise, entre fin\u00a02026 et\u00a02028. Le tram actuel date de 1994.<\/p>\n<p class=\" wall-content\">\u00ab\u2009Nous avons actuellement 24 rames, nous allons progressivement les remplacer par non pas 24 nouvelles, mais 27. Nous recevrons les premi\u00e8res vers septembre\u00a02026, les autres arriveront progressivement jusque 2028\u2009\u00bb, a signal\u00e9 Damien Castelain, pr\u00e9sident de la MEL.<\/p>\n<p class=\" wall-content\">Il a pr\u00e9cis\u00e9\u2009: \u00ab\u2009Ces rames seront plus grandes, avec prises USB, et un taux de fr\u00e9quence d\u00e9velopp\u00e9\u2009!\u2009\u00bb<\/p>\n<p class=\" wall-content\">Le co\u00fbt global des travaux engag\u00e9s depuis 2023 s\u2019\u00e9l\u00e8ve \u00e0 60\u00a0M\u20ac HT, qui s\u2019ajoute aux 116\u00a0millions d\u2019euros que vont co\u00fbter les nouvelles rames.<\/p>\n<p class=\" wall-content\">L\u2019ensemble du projet (rames +\u00a0travaux) b\u00e9n\u00e9ficie de 31\u00a0M\u20ac HT de subventions\u2009: 17,40\u00a0M\u20ac HT de l\u2019\u00c9tat et 13,60\u00a0M\u20ac HT de la Commission europ\u00e9enne.<\/p>\n<p class=\" wall-content\">Personnalisez votre actualit\u00e9 en ajoutant vos villes et m\u00e9dias en favori avec <a href=\"https:\/\/moncompte.actu.fr\" title=\"D\u00e9couvez Mon Actu\" rel=\"nofollow noopener\" data-trk=\"{&quot;cta&quot;:{&quot;action&quot;:&quot;https:\\\/\\\/moncompte.actu.fr&quot;,&quot;category&quot;:&quot;mon compte&quot;,&quot;from&quot;:&quot;article footer&quot;,&quot;name&quot;:&quot;Mon actu&quot;,&quot;type&quot;:&quot;cta&quot;}}\" target=\"_blank\">Mon Actu<\/a>.<\/p>\n","protected":false},"excerpt":{"rendered":"Par Anne-Sophie Hourdeaux Publi\u00e9 le 12 sept. 2025 \u00e0 15h48 Il a fallu trois \u00e9t\u00e9s pour venir \u00e0&hellip;\n","protected":false},"author":2,"featured_media":385467,"comment_status":"","ping_status":"","sticky":false,"template":"","format":"standard","meta":{"footnotes":""},"categories":[2815],"tags":[1111,11,1777,674,1011,27,811,4288,1307,4863,12,25,104,2803],"class_list":{"0":"post-385466","1":"post","2":"type-post","3":"status-publish","4":"format-standard","5":"has-post-thumbnail","7":"category-lille","8":"tag-actu","9":"tag-actualites","10":"tag-eu","11":"tag-europe","12":"tag-fr","13":"tag-france","14":"tag-hauts-de-france","15":"tag-ilevia","16":"tag-lille","17":"tag-metropole-europeenne-de-lille","18":"tag-news","19":"tag-republique-francaise","20":"tag-societe","21":"tag-transport"},"share_on_mastodon":{"url":"https:\/\/pubeurope.com\/@fr\/115191766539106447","error":""},"_links":{"self":[{"href":"https:\/\/www.europesays.com\/fr\/wp-json\/wp\/v2\/posts\/385466","targetHints":{"allow":["GET"]}}],"collection":[{"href":"https:\/\/www.europesays.com\/fr\/wp-json\/wp\/v2\/posts"}],"about":[{"href":"https:\/\/www.europesays.com\/fr\/wp-json\/wp\/v2\/types\/post"}],"author":[{"embeddable":true,"href":"https:\/\/www.europesays.com\/fr\/wp-json\/wp\/v2\/users\/2"}],"replies":[{"embeddable":true,"href":"https:\/\/www.europesays.com\/fr\/wp-json\/wp\/v2\/comments?post=385466"}],"version-history":[{"count":0,"href":"https:\/\/www.europesays.com\/fr\/wp-json\/wp\/v2\/posts\/385466\/revisions"}],"wp:featuredmedia":[{"embeddable":true,"href":"https:\/\/www.europesays.com\/fr\/wp-json\/wp\/v2\/media\/385467"}],"wp:attachment":[{"href":"https:\/\/www.europesays.com\/fr\/wp-json\/wp\/v2\/media?parent=385466"}],"wp:term":[{"taxonomy":"category","embeddable":true,"href":"https:\/\/www.europesays.com\/fr\/wp-json\/wp\/v2\/categories?post=385466"},{"taxonomy":"post_tag","embeddable":true,"href":"https:\/\/www.europesays.com\/fr\/wp-json\/wp\/v2\/tags?post=385466"}],"curies":[{"name":"wp","href":"https:\/\/api.w.org\/{rel}","templated":true}]}}