{"id":385470,"date":"2025-09-12T14:21:13","date_gmt":"2025-09-12T14:21:13","guid":{"rendered":"https:\/\/www.europesays.com\/fr\/385470\/"},"modified":"2025-09-12T14:21:13","modified_gmt":"2025-09-12T14:21:13","slug":"la-ligne-b5-renforce-loffre-de-mobilite-a-marseille","status":"publish","type":"post","link":"https:\/\/www.europesays.com\/fr\/385470\/","title":{"rendered":"La ligne B5 renforce l\u2019offre de mobilit\u00e9 \u00e0 Marseille"},"content":{"rendered":"<p>C\u2019est l\u2019une des \u00e9volutions de la rentr\u00e9e en mati\u00e8re de mobilit\u00e9. La M\u00e9tropole Aix-Marseille-Provence et la RTM ont lanc\u00e9 la ligne B5 le 1er septembre dernier. Elle relie le quartier de La Gaye au P\u00f4le d\u2019\u00e9changes multimodal (PEM) de La Fourrag\u00e8re, en desservant notamment le centre commercial Saint-Loup et le lyc\u00e9e Jean Perrin.<\/p>\n<p>Une liaison directe entre La Gaye et La Fourrag\u00e8re<\/p>\n<p>Pour garantir confort et r\u00e9gularit\u00e9, le B5 emprunte les voies r\u00e9serv\u00e9es aux bus sur les boulevards Urbain Sud et de la Gaye, ainsi que l\u2019autoroute A507 (L2) entre La Fourrag\u00e8re et Saint-Loup. Dix arr\u00eats sont desservis, dont la station de m\u00e9tro M1 de La Fourrag\u00e8re, o\u00f9 un parking relais est \u00e9galement \u00e0 disposition des usagers.<\/p>\n<p>Un r\u00e9seau de transport efficace et adapt\u00e9 aux besoins de chacun<\/p>\n<p>La ligne circule de 5h30 \u00e0 21h, et \u00e0 partir de 6h30 le dimanche. Elle permet de connecter directement le m\u00e9tro M1 et les cars interurbains vers Aubagne \u00e0 La Fourrag\u00e8re, ainsi que, d\u2019ici quelques mois, le tramway T3 \u00e0 La Gaye.<\/p>\n<p>Avec la mise en service du B5, la M\u00e9tropole Aix-Marseille-Provence confirme son engagement \u00e0 d\u00e9velopper une offre de transport moderne, performante et adapt\u00e9e aux besoins de tous les habitants.<\/p>\n","protected":false},"excerpt":{"rendered":"C\u2019est l\u2019une des \u00e9volutions de la rentr\u00e9e en mati\u00e8re de mobilit\u00e9. La M\u00e9tropole Aix-Marseille-Provence et la RTM ont&hellip;\n","protected":false},"author":2,"featured_media":385471,"comment_status":"","ping_status":"","sticky":false,"template":"","format":"standard","meta":{"footnotes":""},"categories":[2814],"tags":[1111,11,1777,674,1011,27,884,2800,12,882,25],"class_list":{"0":"post-385470","1":"post","2":"type-post","3":"status-publish","4":"format-standard","5":"has-post-thumbnail","7":"category-marseille","8":"tag-actu","9":"tag-actualites","10":"tag-eu","11":"tag-europe","12":"tag-fr","13":"tag-france","14":"tag-marseille","15":"tag-metropole","16":"tag-news","17":"tag-provence-alpes-cote-dazur","18":"tag-republique-francaise"},"share_on_mastodon":{"url":"https:\/\/pubeurope.com\/@fr\/115191774123200135","error":""},"_links":{"self":[{"href":"https:\/\/www.europesays.com\/fr\/wp-json\/wp\/v2\/posts\/385470","targetHints":{"allow":["GET"]}}],"collection":[{"href":"https:\/\/www.europesays.com\/fr\/wp-json\/wp\/v2\/posts"}],"about":[{"href":"https:\/\/www.europesays.com\/fr\/wp-json\/wp\/v2\/types\/post"}],"author":[{"embeddable":true,"href":"https:\/\/www.europesays.com\/fr\/wp-json\/wp\/v2\/users\/2"}],"replies":[{"embeddable":true,"href":"https:\/\/www.europesays.com\/fr\/wp-json\/wp\/v2\/comments?post=385470"}],"version-history":[{"count":0,"href":"https:\/\/www.europesays.com\/fr\/wp-json\/wp\/v2\/posts\/385470\/revisions"}],"wp:featuredmedia":[{"embeddable":true,"href":"https:\/\/www.europesays.com\/fr\/wp-json\/wp\/v2\/media\/385471"}],"wp:attachment":[{"href":"https:\/\/www.europesays.com\/fr\/wp-json\/wp\/v2\/media?parent=385470"}],"wp:term":[{"taxonomy":"category","embeddable":true,"href":"https:\/\/www.europesays.com\/fr\/wp-json\/wp\/v2\/categories?post=385470"},{"taxonomy":"post_tag","embeddable":true,"href":"https:\/\/www.europesays.com\/fr\/wp-json\/wp\/v2\/tags?post=385470"}],"curies":[{"name":"wp","href":"https:\/\/api.w.org\/{rel}","templated":true}]}}