{"id":385479,"date":"2025-09-12T14:26:17","date_gmt":"2025-09-12T14:26:17","guid":{"rendered":"https:\/\/www.europesays.com\/fr\/385479\/"},"modified":"2025-09-12T14:26:17","modified_gmt":"2025-09-12T14:26:17","slug":"ikea-prend-le-train-pour-acheminer-ses-meubles-de-son-entrepot-de-metz-en-ile-de-france","status":"publish","type":"post","link":"https:\/\/www.europesays.com\/fr\/385479\/","title":{"rendered":"Ikea prend le train pour acheminer ses meubles de son entrep\u00f4t de Metz en Ile-de-France"},"content":{"rendered":"<p><a href=\"https:\/\/94.citoyens.com\/2025\/nuisances-nocturnes-a-laeroport-dorly-7-villes-attaquent-larrete-extra-light-de-letat-en-justice,09-09-2025.html\" title=\"Nuisances nocturnes \u00e0 l\u2019a\u00e9roport d\u2019Orly\u00a0: 7 villes attaquent l\u2019arr\u00eat\u00e9 extra-light de l\u2019Etat en justice\" class=\"visuel\" rel=\"nofollow noopener\" target=\"_blank\"> <img decoding=\"async\" src=\"https:\/\/www.europesays.com\/fr\/wp-content\/uploads\/2025\/09\/avion-de-nuit-canva-380x173.jpg\"  class=\"attachment-home-article wp-post-image lazyload\" alt=\"Nuisances nocturnes \u00e0 l\u2019a\u00e9roport d\u2019Orly\u00a0: 7 villes attaquent l\u2019arr\u00eat\u00e9 extra-light de l\u2019Etat en justice\"\/>  \u00a9  Danilo Bueno\t <\/a> <a class=\"lien-icone-article-payant\" href=\"https:\/\/94.citoyens.com\/gestion-abonnement\/paiement-abonnement?level=1\" title=\"Article r\u00e9serv\u00e9 aux abonn\u00e9s\" rel=\"nofollow noopener\" target=\"_blank\">  <img decoding=\"async\" class=\"icone-article-payant\" alt=\"Article r\u00e9serv\u00e9 aux abonn\u00e9s\" src=\"https:\/\/www.europesays.com\/fr\/wp-content\/uploads\/2025\/04\/sans_contour_32x32_couleur_originale.png\"\/>  <\/a> <a href=\"https:\/\/94.citoyens.com\/2025\/nuisances-nocturnes-a-laeroport-dorly-7-villes-attaquent-larrete-extra-light-de-letat-en-justice,09-09-2025.html\" title=\"Nuisances nocturnes \u00e0 l\u2019a\u00e9roport d\u2019Orly\u00a0: 7 villes attaquent l\u2019arr\u00eat\u00e9 extra-light de l\u2019Etat en justice\" rel=\"nofollow noopener\" target=\"_blank\"> Nuisances nocturnes \u00e0 l\u2019a\u00e9roport d\u2019Orly\u00a0: 7 villes attaquent l\u2019arr\u00eat\u00e9 extra-light de l\u2019Etat en justice\t<\/a><\/p>\n<p>Alors que l\u2019Etat, invit\u00e9 \u00e0 r\u00e9duire le bruit autour de l\u2019a\u00e9roport d\u2019Orly pour se conformer aux recommandations de l\u2019OMS (Organisation mondiale de la sant\u00e9), a refus\u00e9 de prolonger le couvre-feu pour atteindre sept heures de r\u00e9pit, , malgr\u00e9 les demandes d\u2019\u00e9lus et avis de l\u2019Acad\u00e9mie de m\u00e9decine, sept villes du couloir a\u00e9rien ont d\u00e9cid\u00e9 d\u2019attaquer\u2026<\/p>\n<p><a href=\"https:\/\/94.citoyens.com\/2025\/grand-paris-le-chabot-poisson-historique-de-la-seine-fait-son-retour-dans-le-fleuve-assaini,11-08-2025.html\" title=\"Grand-Paris\u00a0: le chabot, poisson historique de la Seine, fait son retour dans le fleuve assaini\" class=\"visuel\" rel=\"nofollow noopener\" target=\"_blank\"> <img decoding=\"async\" src=\"https:\/\/www.europesays.com\/fr\/wp-content\/uploads\/2025\/09\/quais-de-seine-paris-juillet-2025-380x173.jpg\"  class=\"attachment-home-article wp-post-image lazyload\" alt=\"Grand-Paris\u00a0: le chabot, poisson historique de la Seine, fait son retour dans le fleuve assaini\"\/>  \u00a9 CD\t <\/a> <a href=\"https:\/\/94.citoyens.com\/2025\/grand-paris-le-chabot-poisson-historique-de-la-seine-fait-son-retour-dans-le-fleuve-assaini,11-08-2025.html\" title=\"Grand-Paris\u00a0: le chabot, poisson historique de la Seine, fait son retour dans le fleuve assaini\" rel=\"nofollow noopener\" target=\"_blank\"> Grand-Paris\u00a0: le chabot, poisson historique de la Seine, fait son retour dans le fleuve assaini\t<\/a><\/p>\n<p>Dans la Seine, des poissons qui avaient d\u00e9sert\u00e9 le fleuve autrefois trop pollu\u00e9 font leur retour \u00e0 mesure que l\u2019eau s\u2019assainit, mais d\u2019autres sont chass\u00e9s par de nouvelles esp\u00e8ces invasives \u00e0 la croissance \u00e9clair, dont des gobies venus d\u2019Europe de l\u2019Est.<\/p>\n<p><a href=\"https:\/\/94.citoyens.com\/2025\/ile-de-france-le-defi-de-linadaptation-des-tours-de-verre-au-changement-climatique,20-08-2025.html\" title=\"Ile-de-France\u00a0: le d\u00e9fi de l\u2019inadaptation des tours de verre au changement climatique\" class=\"visuel\" rel=\"nofollow noopener\" target=\"_blank\"> <img decoding=\"async\" src=\"https:\/\/www.europesays.com\/fr\/wp-content\/uploads\/2025\/09\/pais-la-defense-nicolas-debray-pixabay-380x173.jpg\"  class=\"attachment-home-article wp-post-image lazyload\" alt=\"Ile-de-France\u00a0: le d\u00e9fi de l\u2019inadaptation des tours de verre au changement climatique\"\/>  \u00a9 Nicolas Debray\t <\/a> <a href=\"https:\/\/94.citoyens.com\/2025\/ile-de-france-le-defi-de-linadaptation-des-tours-de-verre-au-changement-climatique,20-08-2025.html\" title=\"Ile-de-France\u00a0: le d\u00e9fi de l\u2019inadaptation des tours de verre au changement climatique\" rel=\"nofollow noopener\" target=\"_blank\"> Ile-de-France\u00a0: le d\u00e9fi de l\u2019inadaptation des tours de verre au changement climatique\t<\/a><\/p>\n<p>Les tours de bureaux en verre qui symbolisent les paysages de bureaux ont \u00e9t\u00e9 con\u00e7ues pour privil\u00e9gier la lumi\u00e8re mais pas la fra\u00eecheur quand le soleil tape sur les vitres en pleine canicule. Un d\u00e9fi qui reste entier alors que se multiplient les vagues de chaleur.<\/p>\n<p><a href=\"https:\/\/94.citoyens.com\/2025\/zone-a-trafic-limite-paris-veut-prolonger-la-periode-de-pedagogie-avant-de-verbaliser,07-09-2025.html\" title=\"Zone \u00e0 trafic limit\u00e9\u00a0: Paris veut prolonger la p\u00e9riode de p\u00e9dagogie avant de verbaliser\" class=\"visuel\" rel=\"nofollow noopener\" target=\"_blank\"> <img decoding=\"async\" src=\"https:\/\/www.europesays.com\/fr\/wp-content\/uploads\/2025\/09\/avenue-de-lopera-google-street-view-380x173.jpg\"  class=\"attachment-home-article wp-post-image lazyload\" alt=\"Zone \u00e0 trafic limit\u00e9\u00a0: Paris veut prolonger la p\u00e9riode de p\u00e9dagogie avant de verbaliser\"\/>  \u00a9 Google Street View\t <\/a> <a href=\"https:\/\/94.citoyens.com\/2025\/zone-a-trafic-limite-paris-veut-prolonger-la-periode-de-pedagogie-avant-de-verbaliser,07-09-2025.html\" title=\"Zone \u00e0 trafic limit\u00e9\u00a0: Paris veut prolonger la p\u00e9riode de p\u00e9dagogie avant de verbaliser\" rel=\"nofollow noopener\" target=\"_blank\"> Zone \u00e0 trafic limit\u00e9\u00a0: Paris veut prolonger la p\u00e9riode de p\u00e9dagogie avant de verbaliser\t<\/a><\/p>\n<p>La verbalisation des conducteurs dans la zone \u00e0 trafic limit\u00e9 (ZTL) de l\u2019hypercentre de Paris ne commencrea pas avant 2026, a annonc\u00e9 la mairie jeudi, dix mois apr\u00e8s le lancement sur un mode \u00ab p\u00e9dagogique \u00bb de ce dispositif de restriction de la circulation.<\/p>\n","protected":false},"excerpt":{"rendered":"\u00a9 Danilo Bueno Nuisances nocturnes \u00e0 l\u2019a\u00e9roport d\u2019Orly\u00a0: 7 villes attaquent l\u2019arr\u00eat\u00e9 extra-light de l\u2019Etat en justice Alors&hellip;\n","protected":false},"author":2,"featured_media":385480,"comment_status":"","ping_status":"","sticky":false,"template":"","format":"standard","meta":{"footnotes":""},"categories":[1592],"tags":[1111,11,18113,1777,674,1011,27,714,662,5667,3316,11906,8010,12,626,8857,25,3067,2803,1125,33667],"class_list":{"0":"post-385479","1":"post","2":"type-post","3":"status-publish","4":"format-standard","5":"has-post-thumbnail","7":"category-ile-de-france","8":"tag-actu","9":"tag-actualites","10":"tag-environement","11":"tag-eu","12":"tag-europe","13":"tag-fr","14":"tag-france","15":"tag-ikea","16":"tag-ile-de-france","17":"tag-initiatives","18":"tag-la-poste","19":"tag-magasins","20":"tag-meubles","21":"tag-news","22":"tag-paris","23":"tag-region-parisienne","24":"tag-republique-francaise","25":"tag-suisse","26":"tag-transport","27":"tag-val-de-marne","28":"tag-valenton"},"share_on_mastodon":{"url":"https:\/\/pubeurope.com\/@fr\/115191793981037155","error":""},"_links":{"self":[{"href":"https:\/\/www.europesays.com\/fr\/wp-json\/wp\/v2\/posts\/385479","targetHints":{"allow":["GET"]}}],"collection":[{"href":"https:\/\/www.europesays.com\/fr\/wp-json\/wp\/v2\/posts"}],"about":[{"href":"https:\/\/www.europesays.com\/fr\/wp-json\/wp\/v2\/types\/post"}],"author":[{"embeddable":true,"href":"https:\/\/www.europesays.com\/fr\/wp-json\/wp\/v2\/users\/2"}],"replies":[{"embeddable":true,"href":"https:\/\/www.europesays.com\/fr\/wp-json\/wp\/v2\/comments?post=385479"}],"version-history":[{"count":0,"href":"https:\/\/www.europesays.com\/fr\/wp-json\/wp\/v2\/posts\/385479\/revisions"}],"wp:featuredmedia":[{"embeddable":true,"href":"https:\/\/www.europesays.com\/fr\/wp-json\/wp\/v2\/media\/385480"}],"wp:attachment":[{"href":"https:\/\/www.europesays.com\/fr\/wp-json\/wp\/v2\/media?parent=385479"}],"wp:term":[{"taxonomy":"category","embeddable":true,"href":"https:\/\/www.europesays.com\/fr\/wp-json\/wp\/v2\/categories?post=385479"},{"taxonomy":"post_tag","embeddable":true,"href":"https:\/\/www.europesays.com\/fr\/wp-json\/wp\/v2\/tags?post=385479"}],"curies":[{"name":"wp","href":"https:\/\/api.w.org\/{rel}","templated":true}]}}