{"id":385493,"date":"2025-09-12T14:33:11","date_gmt":"2025-09-12T14:33:11","guid":{"rendered":"https:\/\/www.europesays.com\/fr\/385493\/"},"modified":"2025-09-12T14:33:11","modified_gmt":"2025-09-12T14:33:11","slug":"une-rhetorique-guerriere-apres-lassassinat-de-charlie-kirk-la-crainte-dun-embrasement-aux-etats-unis","status":"publish","type":"post","link":"https:\/\/www.europesays.com\/fr\/385493\/","title":{"rendered":"\u00ab\u00a0Une rh\u00e9torique guerri\u00e8re\u00a0\u00bb\u2026 Apr\u00e8s l\u2019assassinat de Charlie Kirk, la crainte d\u2019un embrasement aux Etats-Unis"},"content":{"rendered":"<p>Apr\u00e8s <a href=\"https:\/\/www.20minutes.fr\/monde\/etats-unis\/4172547-20250911-assassinat-charlie-kirk-fusil-puissant-retrouve-jd-vance-place-point-chasse-homme\" class=\"c-link c-link--is-underlined\" rel=\"nofollow noopener\" target=\"_blank\">l\u2019assassinat mercredi dans l\u2019Utah de Charlie Kirk<\/a>, influenceur d\u2019extr\u00eame droite et visage de la jeunesse trumpiste, <a href=\"https:\/\/www.20minutes.fr\/monde\/etats-unis\/\" class=\"c-link c-link--is-underlined\" rel=\"nofollow noopener\" target=\"_blank\">les Etats-Unis<\/a> sont sous le choc. Et divis\u00e9s. Alors que <a href=\"https:\/\/www.20minutes.fr\/dossier\/donald_trump\" class=\"c-link c-link--is-underlined\" rel=\"nofollow noopener\" target=\"_blank\">Donald Trump<\/a> a annonc\u00e9 ce vendredi l\u2019arrestation du principal suspect et que les fun\u00e9railles du trentenaire auront lieu ce week-end, en pr\u00e9sence du pr\u00e9sident am\u00e9ricain, plusieurs questions se posent sur les cons\u00e9quences de cet acte. On en parle avec Ludivine Gilli, directrice de l\u2019Observatoire de l\u2019Am\u00e9rique du Nord \u00e0 la Fondation Jean Jaur\u00e8s<\/p>\n<\/p>\n<p>Doit-on craindre un embrasement\u00a0?<\/p>\n<p>Qualifi\u00e9 de \u00ab\u00a0martyr\u00a0\u00bb par Donald Trump, <a href=\"https:\/\/www.20minutes.fr\/monde\/etats-unis\/4172386-20250910-charlie-kirk-influenceur-pro-trump-fait-tirer-dessus-lors-meeting\" class=\"c-link c-link--is-underlined\" rel=\"nofollow noopener\" target=\"_blank\">Charlie Kirk<\/a> \u00e9tait p\u00e8re de deux enfants et avait fond\u00e9 Turning Point USA \u00e0 l\u2019\u00e2ge de 18 ans, le plus important groupe de jeunes conservateurs aux Etats-Unis. Sa mort est donc un choc immense pour la droite et l\u2019extr\u00eame droite am\u00e9ricaine, qui ne cesse de partager sa col\u00e8re. \u00ab\u00a0Une m\u00e8che a \u00e9t\u00e9 allum\u00e9e en Am\u00e9rique et je pense que la droite am\u00e9ricaine, surtout les jeunes, n\u2019acceptera pas\u00a0\u00bb la mort de l\u2019une de ses voix les plus c\u00e9l\u00e8bres, a notamment d\u00e9clar\u00e9 Matt Boyle, repr\u00e9sentant du site d\u2019informations ultraconservateur Breitbart News. \u00ab\u00a0Nous devons avoir une volont\u00e9 d\u2019acier. Charlie Kirk est tomb\u00e9 au front\u00a0\u00bb, a r\u00e9agi Jack Posobiec, autre influenceur d\u2019extr\u00eame droite.<\/p>\n<p>Un champ lexical du combat devenu commun outre-Atlantique. \u00ab\u00a0L\u2019une des raisons pour lesquelles on arrive \u00e0 cette situation, c\u2019est la rh\u00e9torique martiale et guerri\u00e8re qui s\u2019est impos\u00e9e dans le d\u00e9bat politique du fait de Donald Trump, du mouvement MAGA et du parti r\u00e9publicain ces derni\u00e8res ann\u00e9es\u00a0\u00bb, souligne Ludivine Gilli. \u00ab\u00a0Dans le contexte des r\u00e9seaux sociaux, de la radicalisation de l\u2019opinion, on peut s\u2019attendre \u00e0 des appels directs \u00e0 la violence\u00a0\u00bb, imagine-t-elle, appelant n\u00e9anmoins \u00e0 observer la situation \u00ab\u00a0au jour le jour\u00a0\u00bb.<\/p>\n<p>Pour l\u2019instant, le conflit s\u2019observe surtout sur les r\u00e9seaux sociaux, o\u00f9 une chasse aux sorci\u00e8res est lanc\u00e9e\u00a0: de nombreux comptes exposent les utilisateurs qui se moquent de la mort de Charlie Kirk, identifiant leurs employeurs et lan\u00e7ant un appel au licenciement. Par ailleurs, des personnes transgenres ont \u00e9t\u00e9 accus\u00e9es d\u2019\u00eatre le tueur ou en lien avec ce dernier, subissant des raids violents et homophobes.<\/p>\n<p>Les d\u00e9mocrates sont-ils menac\u00e9s\u00a0?<\/p>\n<p>Quelques heures apr\u00e8s le meurtre, Donald Trump avait point\u00e9 la responsabilit\u00e9 de \u00ab\u00a0l\u2019ultragauche\u00a0\u00bb, alors que les motivations du tireur sont inconnues. <a href=\"https:\/\/www.20minutes.fr\/dossier\/elon_musk\" class=\"c-link c-link--is-underlined\" rel=\"nofollow noopener\" target=\"_blank\">Elon Musk<\/a> lui a embo\u00eet\u00e9 le pas avec un message clair\u00a0: \u00ab\u00a0The Left is the party of murder\u00a0\u00bb, \u00ab\u00a0la gauche est le parti du meurtre\u00a0\u00bb. \u00ab\u00a0La gauche n\u2019a pas r\u00e9ussi \u00e0 l\u2019emporter dans les d\u00e9bats alors ils l\u2019ont tu\u00e9\u00a0\u00bb, a appuy\u00e9 Clay Travis, un animateur et commentateur qui relaie les id\u00e9es trumpistes. \u00ab\u00a0Nous ne sommes pas du genre radical. Mais si vous pensiez que vous alliez faire taire le mouvement, vous allez \u00eatre rudement d\u00e9\u00e7us. Vous nous avez r\u00e9veill\u00e9s, putain\u00a0!\u00a0\u00bb, a dit pour sa part l\u2019animateur conservateur Greg Gutfeld sur Fox News, cha\u00eene de r\u00e9f\u00e9rence de la droite am\u00e9ricaine.<\/p>\n<p>Les \u00e9lus d\u00e9mocrates, eux, ont condamn\u00e9 l\u2019assassinat. \u00ab\u00a0Ce genre de violence n\u2019a pas sa place dans notre pays. Elle doit cesser imm\u00e9diatement\u00a0\u00bb, a d\u00e9clar\u00e9 l\u2019ex-pr\u00e9sident Joe Biden. \u00ab\u00a0Michelle et moi prierons pour la famille de Charlie ce soir, en particulier pour sa femme Erika et leurs deux jeunes enfants\u00a0\u00bb, a \u00e9galement \u00e9crit Barack Obama, qualifiant l\u2019acte de \u00ab\u00a0violence abjecte\u00a0\u00bb. Mais la machine semble inarr\u00eatable. \u00ab\u00a0Quel que soit le responsable et ses motivations, il y aura un r\u00e9cit de la part de Trump et de son camp utilis\u00e9 pour fomenter la haine vis-\u00e0-vis de ce qu\u2019il appelle \u00ab\u00a0la gauche radicale\u00a0\u00bb et qui d\u00e9signe en fait l\u2019opposition \u00e0 son pouvoir\u00a0\u00bb, expose Ludivine Gilli.<\/p>\n<p>En attendant, les \u00e9lus restent sur leurs gardes. Apr\u00e8s la r\u00e9ception de messages mena\u00e7ants, la repr\u00e9sentante des d\u00e9mocrates de l\u2019Utah, Angela Romero, a conseill\u00e9 aux \u00e9lus du Congr\u00e8s d\u2019\u00e9viter les \u00e9v\u00e9nements publics, rapporte le m\u00e9dia <a href=\"https:\/\/www.axios.com\/local\/salt-lake-city\/2025\/09\/11\/utah-democrats-cancel-safety-charlie-kirk-shooting\" rel=\"nofollow noopener\" target=\"_blank\" class=\"c-link c-link--is-underlined\">Axios.<\/a> D\u2019autres hommes et femmes politiques ont fait le choix d\u2019une annulation, \u00e0 l\u2019instar de la m\u00e9diatique d\u00e9mocrate Alexandria Ocasio-Cortez ou de la r\u00e9publicaine Nancy Mace, \u00e9lue en Caroline du Sud.<\/p>\n<p>Un principe de prudence fond\u00e9 pour Ludivine Gilli. D\u2019une part parce que le passage \u00e0 l\u2019acte de ce tireur peut en inspirer d\u2019autres. D\u2019autre part car le contexte est explosif. \u00ab\u00a0Pendant la campagne, et peut-\u00eatre davantage depuis le retour au pouvoir de Donald Trump, la rh\u00e9torique qu\u2019il alimente a intensifi\u00e9 les menaces contre le personnel politique mais aussi contre des juges, des fonctionnaires, qui ont re\u00e7u des dizaines voire centaines de menaces de mort\u00a0\u00bb, rappelle-t-elle.<\/p>\n<p>La vie politique am\u00e9ricaine est-elle de plus en plus violente\u00a0?<\/p>\n<p>La mort de Charlie Kirk est une nouvelle \u00e9tape d\u2019une vie politique am\u00e9ricaine marqu\u00e9e par la violence. D\u00e8s mercredi, le pr\u00e9sident am\u00e9ricain a \u00e9voqu\u00e9 un \u00ab\u00a0moment sombre pour l\u2019Am\u00e9rique\u00a0\u00bb. Lui-m\u00eame, durant la campagne, <a href=\"https:\/\/www.20minutes.fr\/monde\/etats-unis\/4163563-20250714-tentative-assassinat-donald-trump-an-apres-rapport-denonce-erreurs-inexcusables\" class=\"c-link c-link--is-underlined\" rel=\"nofollow noopener\" target=\"_blank\">a \u00e9chapp\u00e9 \u00e0 deux tentatives d\u2019assassinat.<\/a> En\u00a02025, Melissa Hortman, une \u00e9lue d\u00e9mocrate au parlement du Minnesota et son \u00e9poux, <a href=\"https:\/\/www.20minutes.fr\/monde\/etats-unis\/4158701-20250616-etats-unis-chasse-homme-suspect-arrete-point-meurtre-elue-democrate-minnesota\" class=\"c-link c-link--is-underlined\" rel=\"nofollow noopener\" target=\"_blank\">ont \u00e9t\u00e9 tu\u00e9s par un tireur masqu\u00e9<\/a>. Le domicile du gouverneur de Pennsylvanie, <a href=\"https:\/\/www.20minutes.fr\/monde\/etats-unis\/4148510-20250414-etats-unis-incendie-volontaire-domicile-josh-shapiro-figure-democrate-americaine\" class=\"c-link c-link--is-underlined\" rel=\"nofollow noopener\" target=\"_blank\">Josh Shapiro, \u00e9lu d\u00e9mocrate de confession juive<\/a>, a \u00e9galement \u00e9t\u00e9 victime d\u2019un incendie volontaire. \u00ab\u00a0Sur un temps long, la violence de la soci\u00e9t\u00e9 am\u00e9ricaine n\u2019est pas une aberration historique. En revanche, dans les d\u00e9cennies r\u00e9centes, on observe une remont\u00e9e en puissance de cette violence politique\u00a0\u00bb, note Ludivine Gilli.<\/p>\n<p><a href=\"https:\/\/www.20minutes.fr\/monde\/etats-unis\/\" class=\"c-link c-btn c-btn--primary\" rel=\"nofollow noopener\" target=\"_blank\">Retrouvez ici tous nos articles sur les Etats-Unis<\/a><\/p>\n<p>Donald Trump a appel\u00e9 au calme jeudi. \u00ab\u00a0Charlie Kirk militait pour la non-violence. C\u2019est de cette mani\u00e8re que je voudrais que les gens r\u00e9pondent\u00a0\u00bb, a-t-il d\u00e9clar\u00e9 dans la presse. Mais sera-t-il entendu\u00a0? \u00ab\u00a0Aucun pr\u00e9sident n\u2019a int\u00e9r\u00eat \u00e0 mettre le feu aux poudres\u00a0\u00bb, note la sp\u00e9cialiste de la Fondation Jean-Jaur\u00e8s, qui \u00e9voque toutefois l\u2019instabilit\u00e9 des r\u00e9actions du milliardaire am\u00e9ricain et le r\u00f4le non n\u00e9gligable des influenceurs de la galaxie MAGA sur la base conservatrice.<\/p>\n<p>Sortant de sa discr\u00e9tion, l\u2019ex-pr\u00e9sident r\u00e9publicain, George W. Bush, a publi\u00e9 une d\u00e9claration appelant \u00e0 bannir \u00ab\u00a0la violence\u00a0\u00bb et le \u00ab\u00a0vitriol\u00a0\u00bb de la \u00ab\u00a0place publique\u00a0\u00bb. \u00ab\u00a0Les membres d\u2019autres partis politiques ne sont pas nos ennemis\u00a0; ce sont nos concitoyens\u00a0\u00bb, \u00e9crit-il.<\/p>\n","protected":false},"excerpt":{"rendered":"Apr\u00e8s l\u2019assassinat mercredi dans l\u2019Utah de Charlie Kirk, influenceur d\u2019extr\u00eame droite et visage de la jeunesse trumpiste, les&hellip;\n","protected":false},"author":2,"featured_media":385494,"comment_status":"","ping_status":"","sticky":false,"template":"","format":"standard","meta":{"footnotes":""},"categories":[1589],"tags":[47,11,35451,6744,75,1067,73,1866,2438,51817,74,12,1864,1865,1863,308],"class_list":{"0":"post-385493","1":"post","2":"type-post","3":"status-publish","4":"format-standard","5":"has-post-thumbnail","7":"category-etats-unis","8":"tag-actualite","9":"tag-actualites","10":"tag-armes-a-feu-aux-etats-unis","11":"tag-assassinat","12":"tag-donald-trump","13":"tag-enquete","14":"tag-etats-unis","15":"tag-etats-unis-damerique","16":"tag-influenceur","17":"tag-maga","18":"tag-monde","19":"tag-news","20":"tag-united-states","21":"tag-united-states-of-america","22":"tag-us","23":"tag-usa"},"share_on_mastodon":{"url":"https:\/\/pubeurope.com\/@fr\/115191821600421682","error":""},"_links":{"self":[{"href":"https:\/\/www.europesays.com\/fr\/wp-json\/wp\/v2\/posts\/385493","targetHints":{"allow":["GET"]}}],"collection":[{"href":"https:\/\/www.europesays.com\/fr\/wp-json\/wp\/v2\/posts"}],"about":[{"href":"https:\/\/www.europesays.com\/fr\/wp-json\/wp\/v2\/types\/post"}],"author":[{"embeddable":true,"href":"https:\/\/www.europesays.com\/fr\/wp-json\/wp\/v2\/users\/2"}],"replies":[{"embeddable":true,"href":"https:\/\/www.europesays.com\/fr\/wp-json\/wp\/v2\/comments?post=385493"}],"version-history":[{"count":0,"href":"https:\/\/www.europesays.com\/fr\/wp-json\/wp\/v2\/posts\/385493\/revisions"}],"wp:featuredmedia":[{"embeddable":true,"href":"https:\/\/www.europesays.com\/fr\/wp-json\/wp\/v2\/media\/385494"}],"wp:attachment":[{"href":"https:\/\/www.europesays.com\/fr\/wp-json\/wp\/v2\/media?parent=385493"}],"wp:term":[{"taxonomy":"category","embeddable":true,"href":"https:\/\/www.europesays.com\/fr\/wp-json\/wp\/v2\/categories?post=385493"},{"taxonomy":"post_tag","embeddable":true,"href":"https:\/\/www.europesays.com\/fr\/wp-json\/wp\/v2\/tags?post=385493"}],"curies":[{"name":"wp","href":"https:\/\/api.w.org\/{rel}","templated":true}]}}