{"id":385499,"date":"2025-09-12T14:36:14","date_gmt":"2025-09-12T14:36:14","guid":{"rendered":"https:\/\/www.europesays.com\/fr\/385499\/"},"modified":"2025-09-12T14:36:14","modified_gmt":"2025-09-12T14:36:14","slug":"le-pilote-tourangeau-julien-meunier-champion-rallyx-europe-et-rallyx-north","status":"publish","type":"post","link":"https:\/\/www.europesays.com\/fr\/385499\/","title":{"rendered":"Le pilote tourangeau Julien Meunier champion RallyX Europe et RallyX North"},"content":{"rendered":"<p>D\u00e9but ao\u00fbt, se d\u00e9roulait la derni\u00e8re manche du RallyX North en Allemagne \u00e0 Estering. Une \u00e9tape qui marquait \u00e9galement la fin du championnat RallyX SuperCar Lites.<br \/>Julien Meunier, <a target=\"_self\" href=\"https:\/\/www.lanouvellerepublique.fr\/indre-et-loire\/commune\/pont-de-ruan\/rallycross-le-tourangeau-julien-meunier-indetronable-en-super-1600\" rel=\"noopener\">double champion de France Super1600 en titre<\/a>, participait pour la deuxi\u00e8me saison cons\u00e9cutive \u00e0 cette \u00e9preuve sous les couleurs de la structure Omse&#8230;. <\/p>\n<p>    Cet article a \u00e9t\u00e9 tronqu\u00e9. Abonnez-vous pour lire l&rsquo;article complet sur notre site.<\/p>\n<p style=\"margin: 0 !important; padding: 0 !important; font-size: 12px !important;\">Cet article a \u00e9t\u00e9 tronqu\u00e9. Abonnez-vous pour lire l&rsquo;article complet.<\/p>\n<p>    <a href=\"https:\/\/www.lanouvellerepublique.fr\/abonnements\" style=\"display: inline-block; margin-top: 5px !important; padding: 6px 12px !important; background: #cb1c27; color: white; text-decoration: none; border-radius: 4px; font-size: 12px !important;\" target=\"_blank\" rel=\"noopener\"><br \/>\n      S&rsquo;abonner<br \/>\n    <\/a><\/p>\n","protected":false},"excerpt":{"rendered":"D\u00e9but ao\u00fbt, se d\u00e9roulait la derni\u00e8re manche du RallyX North en Allemagne \u00e0 Estering. Une \u00e9tape qui marquait&hellip;\n","protected":false},"author":2,"featured_media":385500,"comment_status":"","ping_status":"","sticky":false,"template":"","format":"standard","meta":{"footnotes":""},"categories":[1586],"tags":[11,1976,1777,674,1011,27,1387,12,51818,25,51819,60,1390],"class_list":{"0":"post-385499","1":"post","2":"type-post","3":"status-publish","4":"format-standard","5":"has-post-thumbnail","7":"category-europe","8":"tag-actualites","9":"tag-auto-moto","10":"tag-eu","11":"tag-europe","12":"tag-fr","13":"tag-france","14":"tag-indre-et-loire","15":"tag-news","16":"tag-pont-de-ruan","17":"tag-republique-francaise","18":"tag-sache","19":"tag-sports","20":"tag-tours"},"share_on_mastodon":{"url":"https:\/\/pubeurope.com\/@fr\/115191833278368150","error":""},"_links":{"self":[{"href":"https:\/\/www.europesays.com\/fr\/wp-json\/wp\/v2\/posts\/385499","targetHints":{"allow":["GET"]}}],"collection":[{"href":"https:\/\/www.europesays.com\/fr\/wp-json\/wp\/v2\/posts"}],"about":[{"href":"https:\/\/www.europesays.com\/fr\/wp-json\/wp\/v2\/types\/post"}],"author":[{"embeddable":true,"href":"https:\/\/www.europesays.com\/fr\/wp-json\/wp\/v2\/users\/2"}],"replies":[{"embeddable":true,"href":"https:\/\/www.europesays.com\/fr\/wp-json\/wp\/v2\/comments?post=385499"}],"version-history":[{"count":0,"href":"https:\/\/www.europesays.com\/fr\/wp-json\/wp\/v2\/posts\/385499\/revisions"}],"wp:featuredmedia":[{"embeddable":true,"href":"https:\/\/www.europesays.com\/fr\/wp-json\/wp\/v2\/media\/385500"}],"wp:attachment":[{"href":"https:\/\/www.europesays.com\/fr\/wp-json\/wp\/v2\/media?parent=385499"}],"wp:term":[{"taxonomy":"category","embeddable":true,"href":"https:\/\/www.europesays.com\/fr\/wp-json\/wp\/v2\/categories?post=385499"},{"taxonomy":"post_tag","embeddable":true,"href":"https:\/\/www.europesays.com\/fr\/wp-json\/wp\/v2\/tags?post=385499"}],"curies":[{"name":"wp","href":"https:\/\/api.w.org\/{rel}","templated":true}]}}