{"id":385501,"date":"2025-09-12T14:37:19","date_gmt":"2025-09-12T14:37:19","guid":{"rendered":"https:\/\/www.europesays.com\/fr\/385501\/"},"modified":"2025-09-12T14:37:19","modified_gmt":"2025-09-12T14:37:19","slug":"les-utilisateurs-dobjets-connectes-reprennent-le-controle-de-leurs-donnees-a-partir-daujourdhui","status":"publish","type":"post","link":"https:\/\/www.europesays.com\/fr\/385501\/","title":{"rendered":"Les utilisateurs d\u2019objets connect\u00e9s reprennent le contr\u00f4le de leurs donn\u00e9es \u00e0 partir d\u2019aujourd\u2019hui"},"content":{"rendered":"<p>Le <a href=\"https:\/\/eur-lex.europa.eu\/legal-content\/FR\/TXT\/HTML\/?uri=OJ:L_202302854&amp;qid=1757672975768\" rel=\"nofollow noopener\" target=\"_blank\">r\u00e8glement de l\u2019UE sur les donn\u00e9es<\/a> (Data Act) s\u2019applique \u00e0 partir d\u2019aujourd\u2019hui dans l\u2019ensemble de l\u2019Union europ\u00e9enne. Il donne aux utilisateurs le contr\u00f4le des donn\u00e9es g\u00e9n\u00e9r\u00e9es par leurs objets connect\u00e9s, tels que les montres intelligentes ou les voitures, tout en ouvrant de nouvelles perspectives pour les petites entreprises, qui pourront utiliser ces donn\u00e9es afin de d\u00e9velopper des services innovants apr\u00e8s-vente.<\/p>\n<p>Le r\u00e8glement sur les donn\u00e9es am\u00e9liore l\u2019acc\u00e8s \u00e0 des donn\u00e9es de haute qualit\u00e9 et, ce faisant, le potentiel d\u2019innovation fond\u00e9e sur les donn\u00e9es. Il \u00e9tablit des r\u00e8gles \u00e9quitables pour garantir une mise \u00e0 disposition plus large des donn\u00e9es, favorisant ainsi l\u2019innovation, la comp\u00e9titivit\u00e9 et la croissance de l\u2019\u00e9conomie num\u00e9rique europ\u00e9enne.<\/p>\n<p>Les consommateurs et les utilisateurs professionnels d\u2019objets connect\u00e9s \u2014 tels que les voitures, les t\u00e9l\u00e9viseurs intelligents ou les machines industrielles \u2014 pourront d\u00e9sormais acc\u00e9der aux donn\u00e9es brutes g\u00e9n\u00e9r\u00e9es par leurs appareils, les utiliser et les partager.<\/p>\n<p>La Commission publie \u00e9galement aujourd\u2019hui des orientations pour faciliter la mise en \u0153uvre du r\u00e8glement sur les donn\u00e9es et met en place un service d\u2019assistance juridique d\u00e9di\u00e9 (Data Act legal helpdesk).<\/p>\n<p>Plus d\u2019informations sont disponibles dans notre <a href=\"https:\/\/ec.europa.eu\/commission\/presscorner\/detail\/fr\/ip_25_2078\" rel=\"nofollow noopener\" target=\"_blank\">communiqu\u00e9 de presse<\/a>.<\/p>\n","protected":false},"excerpt":{"rendered":"Le r\u00e8glement de l\u2019UE sur les donn\u00e9es (Data Act) s\u2019applique \u00e0 partir d\u2019aujourd\u2019hui dans l\u2019ensemble de l\u2019Union europ\u00e9enne.&hellip;\n","protected":false},"author":2,"featured_media":385502,"comment_status":"","ping_status":"","sticky":false,"template":"","format":"standard","meta":{"footnotes":""},"categories":[1586],"tags":[11,1777,674,1779,1011,27,12,8015,25,1778,364],"class_list":{"0":"post-385501","1":"post","2":"type-post","3":"status-publish","4":"format-standard","5":"has-post-thumbnail","7":"category-europe","8":"tag-actualites","9":"tag-eu","10":"tag-europe","11":"tag-european-union","12":"tag-fr","13":"tag-france","14":"tag-news","15":"tag-protection-des-donnees","16":"tag-republique-francaise","17":"tag-ue","18":"tag-union-europeenne"},"share_on_mastodon":{"url":"https:\/\/pubeurope.com\/@fr\/115191837210614581","error":""},"_links":{"self":[{"href":"https:\/\/www.europesays.com\/fr\/wp-json\/wp\/v2\/posts\/385501","targetHints":{"allow":["GET"]}}],"collection":[{"href":"https:\/\/www.europesays.com\/fr\/wp-json\/wp\/v2\/posts"}],"about":[{"href":"https:\/\/www.europesays.com\/fr\/wp-json\/wp\/v2\/types\/post"}],"author":[{"embeddable":true,"href":"https:\/\/www.europesays.com\/fr\/wp-json\/wp\/v2\/users\/2"}],"replies":[{"embeddable":true,"href":"https:\/\/www.europesays.com\/fr\/wp-json\/wp\/v2\/comments?post=385501"}],"version-history":[{"count":0,"href":"https:\/\/www.europesays.com\/fr\/wp-json\/wp\/v2\/posts\/385501\/revisions"}],"wp:featuredmedia":[{"embeddable":true,"href":"https:\/\/www.europesays.com\/fr\/wp-json\/wp\/v2\/media\/385502"}],"wp:attachment":[{"href":"https:\/\/www.europesays.com\/fr\/wp-json\/wp\/v2\/media?parent=385501"}],"wp:term":[{"taxonomy":"category","embeddable":true,"href":"https:\/\/www.europesays.com\/fr\/wp-json\/wp\/v2\/categories?post=385501"},{"taxonomy":"post_tag","embeddable":true,"href":"https:\/\/www.europesays.com\/fr\/wp-json\/wp\/v2\/tags?post=385501"}],"curies":[{"name":"wp","href":"https:\/\/api.w.org\/{rel}","templated":true}]}}