{"id":385511,"date":"2025-09-12T14:44:12","date_gmt":"2025-09-12T14:44:12","guid":{"rendered":"https:\/\/www.europesays.com\/fr\/385511\/"},"modified":"2025-09-12T14:44:12","modified_gmt":"2025-09-12T14:44:12","slug":"wta-aryna-sabalenka-designe-ses-deux-adversaires-les-plus-difficiles-ces-deux-joueuses-representent-le-plus-grand-defi-physique-pour-moi-avec-elles-vous-devez-parfois-recommencer-a-zero","status":"publish","type":"post","link":"https:\/\/www.europesays.com\/fr\/385511\/","title":{"rendered":"WTA > Aryna Sabalenka d\u00e9signe ses deux adversaires les plus difficiles : \u00ab\u00a0Ces deux joueuses repr\u00e9sentent le plus grand d\u00e9fi physique pour moi. Avec elles, vous devez parfois recommencer \u00e0 z\u00e9ro\u00a0\u00bb"},"content":{"rendered":"<p>R\u00e9cemment de passage dans le podcast de Jay Shetty, Aryna Sabalenka, laur\u00e9ate de son quatri\u00e8me titre du Grand Chelem \u00e0 l\u2019US Open, a expliqu\u00e9 pour\u00adquoi Coco Gauff et Iga Swiatek \u00e9taient les joueuses les plus compli\u00adqu\u00e9es \u00e0 affronter sur le circuit.\u00a0<\/p>\n<p><strong>\u00ab\u202fCoco Gauff et Iga Swiatek sont mes adver\u00adsaires les plus coriaces physi\u00adque\u00adment. Je pense que ces deux\u2010l\u00e0 repr\u00e9\u00adsentent le plus grand d\u00e9fi physique. Elles se d\u00e9placent vrai\u00adment tr\u00e8s bien. Parfois, vous jouez un point, et avec d\u2019autres joueuses, ce coup serait proba\u00adble\u00adment un point remport\u00e9, mais avec elles, vous devez parfois recom\u00admencer \u00e0 z\u00e9ro, et physi\u00adque\u00adment, ce n\u2019est pas facile. Mentalement, ce n\u2019est pas facile de rester forte et d\u2019\u00eatre pr\u00eate \u00e0 ce que la balle revienne \u00e0 chaque fois. Il faut \u00eatre vrai\u00adment forte physi\u00adque\u00adment pour supporter cette inten\u00adsit\u00e9. Je ne peux pas en choisir une seule quand il s\u2019agit de l\u2019ad\u00adver\u00adsaire la plus diffi\u00adcile menta\u00adle\u00adment. Vous savez pour\u00adquoi\u202f? Parce que tout le monde est diffi\u00adcile. Chacune pose des d\u00e9fis diff\u00e9\u00adrents et il est diffi\u00adcile de dire que telle joueuse est la plus diffi\u00adcile pour moi, car cela revien\u00addrait \u00e0 sous\u2010estimer le reste du groupe, ce qui n\u2019est pas juste. Elles posent donc toutes des d\u00e9fis diff\u00e9rents.\u202f\u00bb<\/strong><\/p>\n<p class=\"post-published-date\" style=\"color: silver; font-size: 75%; text-align: left;\">Publi\u00e9 le vendredi 12 septembre 2025 \u00e0 15:45<\/p>\n","protected":false},"excerpt":{"rendered":"R\u00e9cemment de passage dans le podcast de Jay Shetty, Aryna Sabalenka, laur\u00e9ate de son quatri\u00e8me titre du Grand&hellip;\n","protected":false},"author":2,"featured_media":385512,"comment_status":"","ping_status":"","sticky":false,"template":"","format":"standard","meta":{"footnotes":""},"categories":[1415],"tags":[7615,1011,27,2200,60,1467],"class_list":{"0":"post-385511","1":"post","2":"type-post","3":"status-publish","4":"format-standard","5":"has-post-thumbnail","7":"category-tennis","8":"tag-aryna-sabalenka","9":"tag-fr","10":"tag-france","11":"tag-iga-swiatek","12":"tag-sports","13":"tag-tennis"},"share_on_mastodon":{"url":"https:\/\/pubeurope.com\/@fr\/115191864559357583","error":""},"_links":{"self":[{"href":"https:\/\/www.europesays.com\/fr\/wp-json\/wp\/v2\/posts\/385511","targetHints":{"allow":["GET"]}}],"collection":[{"href":"https:\/\/www.europesays.com\/fr\/wp-json\/wp\/v2\/posts"}],"about":[{"href":"https:\/\/www.europesays.com\/fr\/wp-json\/wp\/v2\/types\/post"}],"author":[{"embeddable":true,"href":"https:\/\/www.europesays.com\/fr\/wp-json\/wp\/v2\/users\/2"}],"replies":[{"embeddable":true,"href":"https:\/\/www.europesays.com\/fr\/wp-json\/wp\/v2\/comments?post=385511"}],"version-history":[{"count":0,"href":"https:\/\/www.europesays.com\/fr\/wp-json\/wp\/v2\/posts\/385511\/revisions"}],"wp:featuredmedia":[{"embeddable":true,"href":"https:\/\/www.europesays.com\/fr\/wp-json\/wp\/v2\/media\/385512"}],"wp:attachment":[{"href":"https:\/\/www.europesays.com\/fr\/wp-json\/wp\/v2\/media?parent=385511"}],"wp:term":[{"taxonomy":"category","embeddable":true,"href":"https:\/\/www.europesays.com\/fr\/wp-json\/wp\/v2\/categories?post=385511"},{"taxonomy":"post_tag","embeddable":true,"href":"https:\/\/www.europesays.com\/fr\/wp-json\/wp\/v2\/tags?post=385511"}],"curies":[{"name":"wp","href":"https:\/\/api.w.org\/{rel}","templated":true}]}}