{"id":385518,"date":"2025-09-12T14:50:12","date_gmt":"2025-09-12T14:50:12","guid":{"rendered":"https:\/\/www.europesays.com\/fr\/385518\/"},"modified":"2025-09-12T14:50:12","modified_gmt":"2025-09-12T14:50:12","slug":"mister-v-un-homme-en-pets-liberation","status":"publish","type":"post","link":"https:\/\/www.europesays.com\/fr\/385518\/","title":{"rendered":"Mister V, un homme en pets \u2013 Lib\u00e9ration"},"content":{"rendered":"<p class=\"sc-cPiKLX AiZTS text-element\">Une chambre d\u2019ado, fin des ann\u00e9es 2000. D\u00e9sesp\u00e9r\u00e9e par d\u2019imbitables probl\u00e8mes de maths, la fille de 16 ans que nous sommes d\u00e9couvre la vid\u00e9o d\u2019un gringalet de 16 ans, d\u00e9sesp\u00e9r\u00e9 par d\u2019imbitables probl\u00e8mes de maths. Sur le moment, ces trois longues minutes de sketch gr\u00e9sillantes, \u00e0 l\u2019image granuleuse, nous paraissent brillantes. C\u2019est le d\u00e9but de l\u2019univers Mister V, qui parodie sa vie de lyc\u00e9en fan de rap et de basket avec ses copains sur fond d\u2019humour pipi-caca-prout et de montagnes grenobloises. <\/p>\n<p class=\"sc-cPiKLX AiZTS text-element\">Seize ans plus tard, on rencontre le youtubeur-humoriste-rappeur-pas basketteur de 32 ans dans une loge VIP de l\u2019immense salle de basket Adidas Arena. Sweat vert et baggy streetwear, Yvick Letexier, de son vrai nom, a l\u2019aura d\u2019un bon pote bien dans ses sneakers qui s\u2019est encore couch\u00e9 trop tard. \u00abJ\u2019ai mont\u00e9 une vid\u00e9o jusqu\u2019\u00e0 3 heures cette nuit\u00bb, souffle l\u2019homme aux 23 millions d\u2019abonn\u00e9s tous r\u00e9seaux confondus et aux productions super l\u00e9ch\u00e9es, ni gr\u00e9sillantes ni granuleuses. <\/p>\n<p class=\"sc-cPiKLX AiZTS text-element\">Yvick Letexier ne retire jamais sa casquette et endosse d\u00e9sormais celle d\u2019acteur. Dans McWalter, com\u00e9die Amazon Prime, il incarne un agent secret amn\u00e9sique, accus\u00e9 \u00e0 tort de terrorisme, qui doit braver 14 m\u00e9chants et 53 explosions \u00e0 la seconde. Etonnamment dr\u00f4le, ce pastiche de film d\u2019action am\u00e9ricain des ann\u00e9es 90 puise dans l\u2019absurde de <a href=\"https:\/\/www.liberation.fr\/medias\/1999\/02\/01\/quand-kad-et-olivier-etonnent-trois-minutes-de-faux-jt-sur-comedie-comedie-18h58-tu-m-etonnes-de-kad_263811\/\" ta=\"\" style=\"clear: both\" rel=\"nofollow noopener\" target=\"_blank\"><\/p>\n","protected":false},"excerpt":{"rendered":"Une chambre d\u2019ado, fin des ann\u00e9es 2000. D\u00e9sesp\u00e9r\u00e9e par d\u2019imbitables probl\u00e8mes de maths, la fille de 16 ans&hellip;\n","protected":false},"author":2,"featured_media":385519,"comment_status":"","ping_status":"","sticky":false,"template":"","format":"standard","meta":{"footnotes":""},"categories":[1359],"tags":[58,59,1011,27,2438,973,938],"class_list":{"0":"post-385518","1":"post","2":"type-post","3":"status-publish","4":"format-standard","5":"has-post-thumbnail","7":"category-people","8":"tag-divertissement","9":"tag-entertainment","10":"tag-fr","11":"tag-france","12":"tag-influenceur","13":"tag-people","14":"tag-reseaux-sociaux"},"share_on_mastodon":{"url":"https:\/\/pubeurope.com\/@fr\/115191888377311844","error":""},"_links":{"self":[{"href":"https:\/\/www.europesays.com\/fr\/wp-json\/wp\/v2\/posts\/385518","targetHints":{"allow":["GET"]}}],"collection":[{"href":"https:\/\/www.europesays.com\/fr\/wp-json\/wp\/v2\/posts"}],"about":[{"href":"https:\/\/www.europesays.com\/fr\/wp-json\/wp\/v2\/types\/post"}],"author":[{"embeddable":true,"href":"https:\/\/www.europesays.com\/fr\/wp-json\/wp\/v2\/users\/2"}],"replies":[{"embeddable":true,"href":"https:\/\/www.europesays.com\/fr\/wp-json\/wp\/v2\/comments?post=385518"}],"version-history":[{"count":0,"href":"https:\/\/www.europesays.com\/fr\/wp-json\/wp\/v2\/posts\/385518\/revisions"}],"wp:featuredmedia":[{"embeddable":true,"href":"https:\/\/www.europesays.com\/fr\/wp-json\/wp\/v2\/media\/385519"}],"wp:attachment":[{"href":"https:\/\/www.europesays.com\/fr\/wp-json\/wp\/v2\/media?parent=385518"}],"wp:term":[{"taxonomy":"category","embeddable":true,"href":"https:\/\/www.europesays.com\/fr\/wp-json\/wp\/v2\/categories?post=385518"},{"taxonomy":"post_tag","embeddable":true,"href":"https:\/\/www.europesays.com\/fr\/wp-json\/wp\/v2\/tags?post=385518"}],"curies":[{"name":"wp","href":"https:\/\/api.w.org\/{rel}","templated":true}]}}