{"id":385520,"date":"2025-09-12T14:51:10","date_gmt":"2025-09-12T14:51:10","guid":{"rendered":"https:\/\/www.europesays.com\/fr\/385520\/"},"modified":"2025-09-12T14:51:10","modified_gmt":"2025-09-12T14:51:10","slug":"je-naime-pas-les-ambiances-des-catalogues-de-deco-canape-hugues-chevalier-ambiance-new-yorkaise-au-coeur-de-son-appartement-hausmannien-sur-la-rive-droite","status":"publish","type":"post","link":"https:\/\/www.europesays.com\/fr\/385520\/","title":{"rendered":"\u00ab\u00a0Je n&rsquo;aime pas les ambiances des catalogues de d\u00e9co\u00a0\u00bb, canap\u00e9 Hugues Chevalier, ambiance new-yorkaise&#8230; au c\u0153ur de son appartement hausmannien sur la Rive Droite"},"content":{"rendered":"\n<p data-start=\"703\" data-end=\"927\">Depuis plusieurs ann\u00e9es, celle qui anime les grands entretiens politiques sur France 2 vit dans un appartement lumineux et raffin\u00e9 de la rive droite parisienne. Un cocon \u00e9l\u00e9gant o\u00f9 se marient \u0153uvres chin\u00e9es et sobri\u00e9t\u00e9 contemporaine.<\/p>\n<p>    Caroline Roux : un appartement haussmannien plein de caract\u00e8re <\/p>\n<p data-start=\"986\" data-end=\"1376\">Cet espace est bien plus qu\u00a0\u00bbune adresse parisienne : il repr\u00e9sente un <strong>v\u00e9ritable refuge<\/strong> pour Caroline Roux. C\u2019est ici qu&rsquo;elle travaille, re\u00e7oit ses proches et partage des moments avec sa famille. Install\u00e9e depuis une quinzaine d\u2019ann\u00e9es dans <a href=\"https:\/\/www.lejournaldelamaison.fr\/le-journal-de-la-maison\/nouveautes\/tendances\/tendances-deco\/9-astuces-pour-donner-un-style-dappartement-haussmannien-a-son-interieur-453128.html\" rel=\"nofollow noopener\" target=\"_blank\"><strong>ce superbe appartement haussmannien au c\u0153ur de Paris<\/strong><\/a>, elle profite d&rsquo;un parquet en point de Hongrie, de chemin\u00e9es anciennes et de moulures d&rsquo;\u00e9poque.<\/p>\n<p data-start=\"1378\" data-end=\"1741\">Volontairement sobre mais personnalis\u00e9e, la d\u00e9coration fait de ce lieu <strong>un cadre chaleureux et intemporel<\/strong>.\u00a0\u00ab\u00a0Un espace vivant mais raffin\u00e9 o\u00f9 l&rsquo;on se sent incroyablement bien\u00a0\u00bb, \u00e9crivait le magazine C\u00f4t\u00e9 Maison en 2016. Sublim\u00e9e par de hauts plafonds, des murs immacul\u00e9s et de grandes portes vitr\u00e9es, la lumi\u00e8re naturelle baigne les pi\u00e8ces.<\/p>\n<p>    Entre design iconique et curiosit\u00e9s chin\u00e9es <\/p>\n<p data-start=\"1797\" data-end=\"2153\">Sur les clich\u00e9s qu\u2019elle partage ponctuellement sur les r\u00e9seaux sociaux, on d\u00e9couvre un savant m\u00e9lange de mobilier contemporain et de pi\u00e8ces rares. Caroline Roux a choisi <strong>les c\u00e9l\u00e8bres Eames Plastic Chairs pour entourer une vaste table en bois sombre<\/strong>, et elle semble avoir un faible pour <a href=\"https:\/\/www.lejournaldelamaison.fr\/le-journal-de-la-maison\/nouveautes\/tendances\/tendances-deco\/lampe-champignon-modele-adopter-tendance-434750.html\" rel=\"nofollow noopener\" target=\"_blank\"><strong>la lampe champignon Atollo (Voltex)<\/strong><\/a>, pr\u00e9sente dans plusieurs pi\u00e8ces.<\/p>\n<p data-start=\"2155\" data-end=\"2804\">Ces ic\u00f4nes du design c\u00f4toient des tr\u00e9sors chin\u00e9s au fil <strong>du temps, tels qu\u2019une commode v\u00e9nitienne ou des papillons Deyrolles<\/strong>. \u00ab\u00a0Je n&rsquo;aime pas les ambiances des catalogues de d\u00e9co. J&rsquo;ai m\u00e9lang\u00e9 des objets chin\u00e9s ici et l\u00e0, qui apportent des touches d&rsquo;histoire et parfois d&rsquo;humour, avec une ambiance new-yorkaise sobre et rectiligne : un parquet fonc\u00e9, des rideaux longs tr\u00e8s droits, un canap\u00e9 Hugues Chevalier, une immense biblioth\u00e8que\u00a0\u00bb, expliquait-elle d\u00e9j\u00e0 en 2016 dans C\u00f4t\u00e9 Maison. La journaliste a aussi confi\u00e9 son go\u00fbt pour <strong>les bougies parfum\u00e9es, en particulier les c\u00e9l\u00e8bres \u00ab\u00a0Baies\u00a0\u00bb et \u00ab\u00a0Feu de Bois\u00a0\u00bb de la maison Diptyque<\/strong>.<\/p>\n<blockquote class=\"instagram-media \" style=\"background: #ffffff;border: 0;margin: 1px;width: 100%;padding: 0;max-width: 500px;\" data-instgrm-permalink=\"https:\/\/www.instagram.com\/p\/DI4AU4IvyV1\/\" data-instgrm-version=\"14\"\/><p>    Une parenth\u00e8se normande loin de Paris <\/p>\n<p data-start=\"2854\" data-end=\"3087\">Quand son emploi du temps le permet, Caroline Roux quitte la capitale pour rejoindre <a href=\"https:\/\/www.lejournaldelamaison.fr\/le-journal-de-la-maison\/decoration-par-style\/bord-de-mer\/plages-secretes-pres-de-honfleur-calvados-517791\" rel=\"nofollow noopener\" target=\"_blank\">la c\u00f4te normande<\/a>. Elle affectionne particuli\u00e8rement <strong>Blainville-sur-Mer, pr\u00e8s de Deauville<\/strong>, o\u00f9 elle aime se ressourcer dans une maison de campagne.<\/p>\n<p data-start=\"3089\" data-end=\"3294\">Ces escapades au grand air, elle les partage souvent avec son mari Laurent Solly, leurs enfants Marceau, 15 ans, et Rosalie, 20 ans, sans oublier le chat Berlioz, compagnon fid\u00e8le des s\u00e9jours en famille.<\/p>\n<p>                <script async src=\"\/\/www.instagram.com\/embed.js\"><\/script><\/p>\n","protected":false},"excerpt":{"rendered":"Depuis plusieurs ann\u00e9es, celle qui anime les grands entretiens politiques sur France 2 vit dans un appartement lumineux&hellip;\n","protected":false},"author":2,"featured_media":385521,"comment_status":"","ping_status":"","sticky":false,"template":"","format":"standard","meta":{"footnotes":""},"categories":[1358],"tags":[1348,1384,1385,1386,58,59,1011,27],"class_list":{"0":"post-385520","1":"post","2":"type-post","3":"status-publish","4":"format-standard","5":"has-post-thumbnail","7":"category-arts-et-design","8":"tag-arts","9":"tag-arts-and-design","10":"tag-arts-et-design","11":"tag-design","12":"tag-divertissement","13":"tag-entertainment","14":"tag-fr","15":"tag-france"},"share_on_mastodon":{"url":"https:\/\/pubeurope.com\/@fr\/115191893006200223","error":""},"_links":{"self":[{"href":"https:\/\/www.europesays.com\/fr\/wp-json\/wp\/v2\/posts\/385520","targetHints":{"allow":["GET"]}}],"collection":[{"href":"https:\/\/www.europesays.com\/fr\/wp-json\/wp\/v2\/posts"}],"about":[{"href":"https:\/\/www.europesays.com\/fr\/wp-json\/wp\/v2\/types\/post"}],"author":[{"embeddable":true,"href":"https:\/\/www.europesays.com\/fr\/wp-json\/wp\/v2\/users\/2"}],"replies":[{"embeddable":true,"href":"https:\/\/www.europesays.com\/fr\/wp-json\/wp\/v2\/comments?post=385520"}],"version-history":[{"count":0,"href":"https:\/\/www.europesays.com\/fr\/wp-json\/wp\/v2\/posts\/385520\/revisions"}],"wp:featuredmedia":[{"embeddable":true,"href":"https:\/\/www.europesays.com\/fr\/wp-json\/wp\/v2\/media\/385521"}],"wp:attachment":[{"href":"https:\/\/www.europesays.com\/fr\/wp-json\/wp\/v2\/media?parent=385520"}],"wp:term":[{"taxonomy":"category","embeddable":true,"href":"https:\/\/www.europesays.com\/fr\/wp-json\/wp\/v2\/categories?post=385520"},{"taxonomy":"post_tag","embeddable":true,"href":"https:\/\/www.europesays.com\/fr\/wp-json\/wp\/v2\/tags?post=385520"}],"curies":[{"name":"wp","href":"https:\/\/api.w.org\/{rel}","templated":true}]}}