{"id":385522,"date":"2025-09-12T14:52:51","date_gmt":"2025-09-12T14:52:51","guid":{"rendered":"https:\/\/www.europesays.com\/fr\/385522\/"},"modified":"2025-09-12T14:52:51","modified_gmt":"2025-09-12T14:52:51","slug":"les-meilleures-nouveautes-de-la-rentree-2025","status":"publish","type":"post","link":"https:\/\/www.europesays.com\/fr\/385522\/","title":{"rendered":"les meilleures nouveaut\u00e9s de la rentr\u00e9e 2025"},"content":{"rendered":"<p>      Salman Rushdie, Sally Rooney,\u00a0Russell Banks, Marie Darrieussecq&#8230; Voici une s\u00e9lection de livres de poche puissants, qui d\u00e9tonnent et font r\u00e9fl\u00e9chir loin des pr\u00e9occupations habituelles de la rentr\u00e9e.              <a href=\"https:\/\/www.europesays.com\/fr\/wp-content\/uploads\/2025\/09\/ad12cd7_upload-1-8hsbxosvqion-salman-rushdie-c-rachel-eliza-griffiths.jpg\" data-pswp-width=\"\" data-pswp-height=\"\" class=\"media__hd\" target=\"_blank\">      <img decoding=\"async\" fetchpriority=\"high\" src=\"https:\/\/www.europesays.com\/fr\/wp-content\/uploads\/2025\/09\/ad12cd7_upload-1-8hsbxosvqion-salman-rushdie-c-rachel-eliza-griffiths.jpg\" class=\"media__picture js-media-zoom-main \" alt=\"Salman Rushdie, auteur de \u00ab\u00a0La Cit\u00e9 de la victoire\u00a0\u00bb.\" title=\"Photo Rachel Eliza Griffiths\"\/>      <\/p>\n<p class=\"media__legend\"> Salman Rushdie, auteur de \u00ab\u00a0La Cit\u00e9 de la victoire\u00a0\u00bb.  Photo Rachel Eliza Griffiths  <\/p>\n<p>     <\/a>                    <\/p>\n<p class=\"author author--simple\">Par  <a class=\"author author--link\" href=\"https:\/\/www.telerama.fr\/recherche\/articles?q=Camille+Cevaer+avec+le+service+Livres\" rel=\"nofollow noopener\" target=\"_blank\"> Camille Cevaer avec le service Livres <\/a>    <\/p>\n<p class=\"publication__date\">Publi\u00e9 le 12 septembre 2025 \u00e0 09h04<\/p>\n<p>   Partager   <\/p>\n<ul class=\"sharing-popin--results\">\n<li class=\"sharing-popin--item sharing-popin--item-container\"> Partage  <\/li>\n<li data-share=\"linkedin\" class=\"sharing-popin--item\">  LinkedIn <\/li>\n<li data-share=\"facebook\" class=\"sharing-popin--item\">  Facebook <\/li>\n<li data-share=\"mail\" data-social=\"mail\" class=\"sharing-popin--item\">  Envoyer par email <\/li>\n<li data-share=\"copy\" class=\"sharing-popin--item\">  Copier le lien <\/li>\n<\/ul>\n<p>        Favoris       <\/p>\n<p>                <a class=\"openapp__link\" data-event=\"click-open-app\" data-deep-link=\"tlrm:\/\/element?id=\/livre\/livres-de-poche-les-meilleures-nouveautes-de-la-rentree-2025-0439-7027019.php&amp;source=deeplink_site\">  Lire dans l&rsquo;application<br \/>\n  <\/a>                               <strong>\u201c<\/strong>Reine<strong>\u201d, de <\/strong>Pauline Gu\u00e9na                      <\/p>\n<p class=\"paragraph\">Au c\u0153ur d\u2019une chaude nuit d\u2019\u00e9t\u00e9, dans la banlieue sud-est de Paris, un homme est abattu \u00e0 la sortie d\u2019un bar miteux. Le tireur est un tueur \u00e0 gages qui vient d\u2019agir par amour, avant de s\u2019enfuir. Sur place, une jeune femme mutique est retrouv\u00e9e par la police. Un journaliste novice coinc\u00e9 au service web d\u2019une r\u00e9daction nationale s\u2019int\u00e9resse \u00e0 l\u2019affaire, sans savoir que la couverture de ce fait divers va le transformer. C\u2019est d\u2019abord ce dernier personnage que Pauline Gu\u00e9na nous am\u00e8ne \u00e0 suivre. Son \u00e9criture po\u00e9tique, vivante, permet au lecteur de se fondre dans l\u2019existence des protagonistes de ce roman noir qui distille un suspense \u00e9l\u00e9gant. Il faut reconna\u00eetre que l\u2019importance accord\u00e9e \u00e0 la subtilit\u00e9 des \u00e9motions fait parfois passer au second plan le souffle narratif dans cette histoire finalement assez ramass\u00e9e. Mais le d\u00e9nouement, simple et ma\u00eetris\u00e9, ach\u00e8ve de graver dans la m\u00e9moire un texte singulier.<strong>\u2014\u00a0Y.L.-S.<\/strong><\/p>\n<p>                              <a href=\"https:\/\/www.europesays.com\/fr\/wp-content\/uploads\/2025\/09\/2bc3f82_upload-1-0xap8lm5n0g2-couv-poche-2.png\" data-pswp-width=\"\" data-pswp-height=\"\" class=\"media__hd\" target=\"_blank\">      <img decoding=\"async\" loading=\"lazy\" src=\"https:\/\/www.europesays.com\/fr\/wp-content\/uploads\/2025\/09\/2bc3f82_upload-1-0xap8lm5n0g2-couv-poche-2.png\" class=\"media__picture js-media-zoom  media__size--large\" alt=\"\" title=\"\"\/>       <\/a>                          <\/p>\n<p>\u00c9d. Folio, 8,50\u00a0\u20ac.<\/p>\n<p class=\"edito__prefixe\">   Lire notre critique    <\/p>\n<p class=\"edito__text-container\">     <a alt=\"Lire notre critique \" href=\"https:\/\/www.telerama.fr\/livre\/avec-reine-pauline-guena-continue-de-creuser-la-veine-sociale-du-roman-noir-7020467.php\" class=\"article__title--edito\" rel=\"nofollow noopener\" target=\"_blank\">\u201cReine\u201d, de Pauline Gu\u00e9na <\/a>  <\/p>\n<p>                                        <strong>\u201c<\/strong>Emma Goldman<strong>\u201d, de <\/strong>Vivian Gornick                      <\/p>\n<p class=\"paragraph\">Limpide est, effectivement, l\u2019essai biographique que Gornick consacre \u00e0 Emma Goldman (1869-1940), militante anarchiste avec laquelle elle partage des origines juives et russes. Mais l\u00e0 n\u2019est pas la source de son int\u00e9r\u00eat pour l\u2019\u00e9ruptive et infatigable activiste dont elle cherche plut\u00f4t \u00e0 cerner et \u00ab\u00a0\u00e9clairer l\u2019\u00e9lan existentiel qui sous-tend sa politique radicale\u00a0\u00bb. Les id\u00e9es, pour Emma Goldman, ne valaient pas grand-chose si on se contentait de l\u2019intelligence pour s\u2019en saisir, alors qu\u2019il fallait plut\u00f4t, disait-elle, les \u00ab\u00a0sentir dans chacune de ses fibres comme une flamme, une fi\u00e8vre d\u00e9vorante, une passion \u00e9l\u00e9mentaire\u00a0\u00bb. La foi d\u2019Emma Goldman en l\u2019id\u00e9al anarchiste \u00ab\u00a0se\u00a0logeait dans le syst\u00e8me nerveux\u00a0\u00bb, r\u00e9sume Gornick, au seuil de ce r\u00e9cit prenant qui embrasse d\u2019un geste net et enlev\u00e9 l\u2019existence tumultueuse de son sujet. Tout en l\u2019\u00e9clairant de r\u00e9flexions qui esquissent, derri\u00e8re ce portrait en mouvement, un tableau de la vie politique de son temps.<strong>\u2014\u00a0Na.C<\/strong><\/p>\n<p>                              <a href=\"https:\/\/www.europesays.com\/fr\/wp-content\/uploads\/2025\/09\/2544865_upload-1-s9j46qakdm59-couv-poche.png\" data-pswp-width=\"\" data-pswp-height=\"\" class=\"media__hd\" target=\"_blank\">      <img decoding=\"async\" loading=\"lazy\" src=\"https:\/\/www.europesays.com\/fr\/wp-content\/uploads\/2025\/09\/2544865_upload-1-s9j46qakdm59-couv-poche.png\" class=\"media__picture js-media-zoom  media__size--large\" alt=\"\" title=\"\"\/>       <\/a>                          <\/p>\n<p>\u00c9d. Payot, 9,50\u00a0\u20ac.<\/p>\n<p class=\"edito__prefixe\">   Lire notre critique   <\/p>\n<p class=\"edito__text-container\">       <a alt=\"Lire notre critique\" href=\"https:\/\/www.telerama.fr\/livre\/emma-goldman-la-revolution-comme-mode-de-vie-une-icone-anarchiste-racontee-par-une-icone-feministe_cri-7030953.php\" class=\"article__title--edito\" rel=\"nofollow noopener\" target=\"_blank\">\u00ab\u00a0Emma Goldman\u00a0\u00bb\u00a0, de Vivian Gornick<\/a>  <\/p>\n<p>                                        <strong>\u201c<\/strong>Les Cantiques du corbeau<strong>\u201d, de <\/strong>Bartabas                      <\/p>\n<p class=\"paragraph\">Parfois, il suffit d\u2019une phrase, d\u2019une image pour \u00eatre entra\u00een\u00e9 comme malgr\u00e9 soi, et lentement envo\u00fbt\u00e9 par un livre. Ainsi en va-t-il du tr\u00e8s court et fulgurant opus de Bartabas, patron du Th\u00e9\u00e2tre \u00e9questre Zingaro\u00a0:\u00a0\u00ab\u00a0Ma vie diurne sera toujours un long cort\u00e8ge fun\u00e9raire\u00a0\u00bb,\u00a0ou encore\u00a0\u00ab\u00a0j\u2019ob\u00e9irai au cantique de mon destin\u00a0\u00bb\u2026\u00a0Apr\u00e8s\u00a0D\u2019un cheval l\u2019autre\u00a0(2020), premier et singulier ouvrage, o\u00f9 il revisitait son parcours artistique et intime \u00e0 travers chacun des chevaux qui tout au long de son existence l\u2019avaient accompagn\u00e9, voil\u00e0 que le moine-\u00e9cuyer r\u00e9invente, en vingt-deux chants oniriques, rien moins que les origines de l\u2019humanit\u00e9. L\u2019effroi et la douceur tissent ces visionnaires et hallucin\u00e9s\u00a0Cantiques du corbeau,\u00a0le rire et le martyre, le r\u00eave et le mythe. Et, imp\u00e9rial et humble \u00e0 la fois, Bartabas conclut simplement son voyage chamanique\u00a0:\u00a0\u00ab\u00a0Nous sommes tous des b\u00eates tourment\u00e9es qui errent dans la nuit.\u00a0\u00bb.<strong>\u2014\u00a0F.P.<\/strong><\/p>\n<p>                              <a href=\"https:\/\/www.europesays.com\/fr\/wp-content\/uploads\/2025\/09\/e06945f_upload-1-7esuwgzwj6r2-couv-poche-3.png\" data-pswp-width=\"\" data-pswp-height=\"\" class=\"media__hd\" target=\"_blank\">      <img decoding=\"async\" loading=\"lazy\" src=\"https:\/\/www.europesays.com\/fr\/wp-content\/uploads\/2025\/09\/e06945f_upload-1-7esuwgzwj6r2-couv-poche-3.png\" class=\"media__picture js-media-zoom  media__size--large\" alt=\"\" title=\"\"\/>       <\/a>                          <\/p>\n<p>\u00c9d. Folio, 7,00\u00a0\u20ac.<\/p>\n<p class=\"edito__prefixe\">   Lire notre critique   <\/p>\n<p class=\"edito__text-container\">       <a alt=\"Lire notre critique\" href=\"https:\/\/www.telerama.fr\/livres\/les-cantiques-du-corbeau-3-16556709.php\" class=\"article__title--edito\" rel=\"nofollow noopener\" target=\"_blank\">\u00ab\u00a0Les Cantiques du corbeau\u00a0\u00bb, de Bartabas<\/a>  <\/p>\n<p>                                        <strong>\u201c<\/strong>La Cit\u00e9 de la victoire<strong>\u201d, de <\/strong>Salman Rushdie                                      <\/p>\n<p class=\"paragraph\">La Cit\u00e9 de la victoire, l\u2019\u00e9pop\u00e9e historique de Pampa Kampana, une jeune femme dot\u00e9e de pouvoirs magiques qui fit na\u00eetre au XIVe\u00a0si\u00e8cle une cit\u00e9 utopique.\u00a0Le quotidien\u00a0The\u00a0Washington Post\u00a0remarque, des parall\u00e8les entre les menaces dont est victime la jeune Pampa et \u00ab\u00a0les propres combats de l\u2019auteur contre la haine sectaire et l\u2019ignorance\u00a0\u00bb. \u00ab\u00a0Certaines co\u00efncidences, poursuit The\u00a0Washington Post, sont presque trop difficiles \u00e0 supporter.\u00a0\u00bb Tout en \u00e9voquant la richesse de sa prose et de ses r\u00e9f\u00e9rences historiques, le\u00a0<a target=\"_blank\" href=\"https:\/\/www.latimes.com\/entertainment-arts\/books\/story\/2023-01-30\/salman-rushdies-new-novel-victory-city-reminds-us-how-his-writing-changed-the-world\" rel=\"nofollow noopener\">Los Angeles Times<\/a>\u00a0\u00e9crit, pour sa part, que ce quinzi\u00e8me ouvrage \u00ab\u00a0nous rappelle comment l\u2019\u00e9criture de Salman Rushdie a chang\u00e9 le monde\u00a0\u00bb.<\/p>\n<p>                              <a href=\"https:\/\/www.europesays.com\/fr\/wp-content\/uploads\/2025\/09\/4260cba_upload-1-3kny03wzleq7-couv-poche.png\" data-pswp-width=\"\" data-pswp-height=\"\" class=\"media__hd\" target=\"_blank\">      <img decoding=\"async\" loading=\"lazy\" src=\"https:\/\/www.europesays.com\/fr\/wp-content\/uploads\/2025\/09\/4260cba_upload-1-3kny03wzleq7-couv-poche.png\" class=\"media__picture js-media-zoom  media__size--large\" alt=\"\" title=\"\"\/>       <\/a>                          <\/p>\n<p>\u00c9d. Babel, 10,90\u00a0\u20ac.<\/p>\n<p class=\"edito__prefixe\">   Lire notre article    <\/p>\n<p class=\"edito__text-container\">   <a alt=\"Lire notre article \" href=\"https:\/\/www.telerama.fr\/livre\/salman-rushdie-publie-son-nouveau-roman-et-reprend-la-parole-7014205.php\" class=\"article__title--edito\" rel=\"nofollow noopener\" target=\"_blank\">\u00ab\u00a0La Cit\u00e9 de la victoire\u00a0\u00bb, de Salman Rushdie<\/a>  <\/p>\n<p>                                        <strong>\u201c<\/strong>Intermezzo<strong>\u201d, de <\/strong>\u00a0Sally Rooney                      <\/p>\n<p class=\"paragraph\">\u00c0 chaque nouvel opus de Sally Rooney, un sch\u00e9ma relationnel observ\u00e9 \u00e0 la loupe\u00a0: apr\u00e8s le m\u00e9nage \u00e0 quatre\u00a0(Conversations entre amis),\u00a0le jeune couple amoureux\u00a0(<a target=\"_blank\" href=\"https:\/\/www.telerama.fr\/livres\/normal-people,n6832913.php\" rel=\"nofollow noopener\">Normal people<\/a>),\u00a0le tandem d\u2019amies de longue date\u00a0(<a target=\"_blank\" href=\"https:\/\/www.telerama.fr\/livres\/ou-es-tu-monde-admirable-3-17006350.php\" rel=\"nofollow noopener\">O\u00f9 es-tu, monde admirable<\/a>),\u00a0<a target=\"_blank\" href=\"https:\/\/www.telerama.fr\/livre\/la-romanciere-irlandaise-sally-rooney-tout-ce-qui-m-arrive-agit-sur-mon-ecriture-7011729.php\" rel=\"nofollow noopener\">l\u2019\u00e9crivaine irlandaise<\/a>\u00a0se penche, dans ce quatri\u00e8me roman, sur l\u2019attachement fraternel, qu\u2019elle entreprend de diss\u00e9quer au prisme des liens qui unissent \u2013 et d\u00e9sunissent \u2013 deux jeunes hommes confront\u00e9s \u00e0 la disparition r\u00e9cente de leur p\u00e8re. Intermezzo\u00a0est le roman d\u2019une f\u00e9ministe de 33\u00a0ans lucide mais pas d\u00e9sesp\u00e9r\u00e9e, dont l\u2019astucieuse m\u00e9canique et la redoutable finesse d\u2019observation emportent davantage l\u2019adh\u00e9sion que certaines aff\u00e8teries stylistiques.<strong>\u2014\u00a0E.G.<\/strong><\/p>\n<p>                              <a href=\"https:\/\/www.europesays.com\/fr\/wp-content\/uploads\/2025\/09\/cbdd9ce_upload-1-rbypxnlpmqoo-couv-poche-1.png\" data-pswp-width=\"\" data-pswp-height=\"\" class=\"media__hd\" target=\"_blank\">      <img decoding=\"async\" loading=\"lazy\" src=\"https:\/\/www.europesays.com\/fr\/wp-content\/uploads\/2025\/09\/cbdd9ce_upload-1-rbypxnlpmqoo-couv-poche-1.png\" class=\"media__picture js-media-zoom  media__size--large\" alt=\"\" title=\"\"\/>       <\/a>                          <\/p>\n<p>\u00c9d. Folio, 10,00\u00a0\u20ac.<\/p>\n<p class=\"edito__prefixe\">   Lire notre critique   <\/p>\n<p class=\"edito__text-container\">       <a alt=\"Lire notre critique\" href=\"https:\/\/www.telerama.fr\/livre\/intermezzo-subtile-partie-d-echecs-sentimentale-signee-sally-rooney_cri-7034513.php\" class=\"article__title--edito\" rel=\"nofollow noopener\" target=\"_blank\">\u201cIntermezzo\u201d, de Sally Rooney<\/a>  <\/p>\n<p>                                        <strong>\u201c<\/strong>Archipels<strong>\u201d, d\u2019<\/strong>H\u00e9l\u00e8ne Gaudy                      <\/p>\n<p class=\"paragraph\">\u00ab\u00a0Il n\u2019est pas plus facile de d\u00e9crire mon propre p\u00e8re que des explorateurs su\u00e9dois du XIX\u1d49 si\u00e8cle\u00a0\u00bb,\u00a0confesse H\u00e9l\u00e8ne Gaudy au terme de ce livre magnifique. Elle \u00e9voque l\u00e0 un pr\u00e9c\u00e9dent ouvrage,\u00a0<a target=\"_blank\" href=\"https:\/\/www.telerama.fr\/livres\/un-monde-sans-rivage,n6389812.php\" rel=\"nofollow noopener\">Un monde sans rivage<\/a>\u00a0(2019), dans lequel elle pistait les destins des t\u00e9m\u00e9raires aventuriers scandinaves. Il y a une filiation entre les deux livres\u00a0: rechercher le pass\u00e9 au moyen des traces que les hommes ont laiss\u00e9es derri\u00e8re eux. T\u00e2che ardue, cette fois, tant son p\u00e8re brouille les pistes. Si les paysages travers\u00e9s peuvent d\u00e9finir un itin\u00e9raire personnel, alors celui de son p\u00e8re serait une \u00eele, rep\u00e9rable mais isol\u00e9e et secr\u00e8te.<strong>\u2014\u00a0G.H.<\/strong><\/p>\n<p>                              <a href=\"https:\/\/www.europesays.com\/fr\/wp-content\/uploads\/2025\/09\/8f821aa_upload-1-k0xmvf1nwltv-couv-poche-1.png\" data-pswp-width=\"\" data-pswp-height=\"\" class=\"media__hd\" target=\"_blank\">      <img decoding=\"async\" loading=\"lazy\" src=\"https:\/\/www.europesays.com\/fr\/wp-content\/uploads\/2025\/09\/8f821aa_upload-1-k0xmvf1nwltv-couv-poche-1.png\" class=\"media__picture js-media-zoom  media__size--large\" alt=\"\" title=\"\"\/>       <\/a>                          <\/p>\n<p>\u00c9d. Points, 9,30\u00a0\u20ac.<\/p>\n<p class=\"edito__prefixe\">   Lire notre critique    <\/p>\n<p class=\"edito__text-container\">       <a alt=\"Lire notre critique \" href=\"https:\/\/www.telerama.fr\/livre\/archipels-d-helene-gaudy-les-mysteres-d-un-pere_cri-7034021.php\" class=\"article__title--edito\" rel=\"nofollow noopener\" target=\"_blank\">\u201cArchipels\u201d d\u2019H\u00e9l\u00e8ne Gaudy<\/a>  <\/p>\n<p>                                        <strong>\u201c<\/strong>Fabriquer une femme<strong>\u201d, de <\/strong>Marie Darrieussecq                                      <\/p>\n<p class=\"paragraph\">Balzac, aussi, aimait de livre en livre ressusciter certains personnages. Non que Marie Darrieussecq, 55\u00a0ans, ait son ambition d\u2019\u00e9crire une\u00a0Com\u00e9die humaine,\u00a0juste, peut-\u00eatre, de densifier quelques-unes de ses h\u00e9ro\u00efnes s\u0153urs sous de nouvelles complexit\u00e9s. Ainsi se retrouve-t-on \u00e0 Cl\u00e8ves, la bourgade de son enfance r\u00e9invent\u00e9e, au Pays basque. Ainsi red\u00e9couvre-t-on deux amies adolescentes, Rose, la jeune bourgeoise s\u00e9rieuse, et Solange, la d\u00e9vergond\u00e9e aux parents divorc\u00e9s et paum\u00e9s. De ses dr\u00f4les de paragraphes informels et pourtant sculpt\u00e9s, de son \u00e9criture sonore et visuelle, si magiquement enracin\u00e9e dans l\u2019endroit, l\u2019\u00e9poque qu\u2019elle d\u00e9crit, Marie Darrieussecq dit admirablement la France urbaine et n\u00e9orurale des ann\u00e9es mitterrandiennes, les d\u00e9sarrois et extravagances d\u2019une g\u00e9n\u00e9ration aux lendemains qui ne chanteront plus, au \u00ab\u00a0progr\u00e8s\u00a0\u00bb d\u00e9funt.<strong>\u2014\u00a0F.P.<\/strong><\/p>\n<p>                              <a href=\"https:\/\/www.europesays.com\/fr\/wp-content\/uploads\/2025\/09\/aeea645_upload-1-shxmbegdokfq-couv-poche-2.png\" data-pswp-width=\"\" data-pswp-height=\"\" class=\"media__hd\" target=\"_blank\">      <img decoding=\"async\" loading=\"lazy\" src=\"https:\/\/www.europesays.com\/fr\/wp-content\/uploads\/2025\/09\/aeea645_upload-1-shxmbegdokfq-couv-poche-2.png\" class=\"media__picture js-media-zoom  media__size--large\" alt=\"\" title=\"\"\/>       <\/a>                          <\/p>\n<p>\u00c9d. Folio, 9,50\u00a0\u20ac.<\/p>\n<p class=\"edito__prefixe\">   Lire notre critique   <\/p>\n<p class=\"edito__text-container\">       <a alt=\"Lire notre critique\" href=\"https:\/\/www.telerama.fr\/livre\/fabriquer-une-femme-de-marie-darrieussecq-le-destin-de-deux-copines-dans-la-france-des-annees-80_cri-7030515.php\" class=\"article__title--edito\" rel=\"nofollow noopener\" target=\"_blank\">\u201cFabriquer une femme\u201d de Marie Darrieussecq\u00a0<\/a>  <\/p>\n<p>                                        <strong>\u201c<\/strong>Copeaux de bois<strong>\u201d, d\u2019<\/strong>Anouk Lejczyk                      <\/p>\n<p class=\"paragraph\">Anouk Lejczyk est devenue b\u00fbcheronne pour un temps limit\u00e9, en vue d\u2019\u00e9crire un livre que voici, car \u00e9crire est son m\u00e9tier premier. Pas de f\u00e9erie cosmique, pas de dolorisme de l\u2019extr\u00eame, juste un compte rendu fid\u00e8le de ce quotidien de novice, une mise \u00e0 plat des mots entendus, des performances exig\u00e9es, des m\u00e9thodes de formation, des moqueries de circonstances. Mais avant de mettre \u00e0 plat, il faut couper. Alors Anouk Lejczyk d\u00e9coupe, hache, tron\u00e7onne son texte, avec des retours \u00e0 la ligne instinctifs, en plein milieu des phrases, trait\u00e9es comme des branches qu\u2019elle \u00e9carte, qu\u2019elle \u00e9lague. L\u2019aventuri\u00e8re foresti\u00e8re nous plonge dans un monde p\u00e9tri de doutes, tiraill\u00e9 entre un sentiment d\u2019urgence et d\u2019\u00e9ternit\u00e9, somm\u00e9 de s\u2019adapter aux changements, tout en gardant un lien avec les gestes les plus anciens. Les discours restent en surface, et soudain la banalit\u00e9 se fendille sous l\u2019effet d\u2019une peur sourde, contemporaine, g\u00e9n\u00e9ralis\u00e9e. Les vieux r\u00e9flexes ont la vie dure, l\u2019\u00e9cologie se vit comme une honte d\u2019en \u00eatre arriv\u00e9 l\u00e0. Mais il faut tenir, garder du souffle et de la confiance pour avancer. Ce livre en est empli, et d\u00e9roule dans sa phrase finale une proposition d\u2019avenir qui ne se refuse pas\u00a0: \u00ab\u00a0faire entrer la lumi\u00e8re.\u00a0\u00bb. <strong>\u2014\u00a0M.L.<\/strong><\/p>\n<p>                              <a href=\"https:\/\/www.europesays.com\/fr\/wp-content\/uploads\/2025\/09\/9ea0c91_upload-1-in56sjt4duxn-couv-poche0.png\" data-pswp-width=\"\" data-pswp-height=\"\" class=\"media__hd\" target=\"_blank\">      <img decoding=\"async\" loading=\"lazy\" src=\"https:\/\/www.europesays.com\/fr\/wp-content\/uploads\/2025\/09\/9ea0c91_upload-1-in56sjt4duxn-couv-poche0.png\" class=\"media__picture js-media-zoom  media__size--large\" alt=\"\" title=\"\"\/>       <\/a>                          <\/p>\n<p>\u00c9d. J\u2019ai lu, 8,20\u00a0\u20ac.<\/p>\n<p class=\"edito__prefixe\">   Lire notre critique    <\/p>\n<p class=\"edito__text-container\">       <a alt=\"Lire notre critique \" href=\"https:\/\/www.telerama.fr\/livre\/copeaux-de-bois_cri-7028775.php\" class=\"article__title--edito\" rel=\"nofollow noopener\" target=\"_blank\">\u00ab\u00a0Copeaux de bois\u00a0\u00bb, d\u2019Anouk Lejczyk<\/a>  <\/p>\n<p>                                        <strong>\u201c<\/strong>Les Trois Lumi\u00e8res<strong>\u201d, de <\/strong>Claire Keegan                      <\/p>\n<p class=\"paragraph\">Al\u2019arriv\u00e9e imminente d\u2019un nouveau b\u00e9b\u00e9 \u00e0 la maison, des parents confient leur fille \u00e0 son oncle et sa tante. D\u2019abord d\u00e9rout\u00e9e, la petite trouve aupr\u00e8s de ce couple sans enfants un refuge et un r\u00e9confort. L\u2019odeur d\u2019une tarte, une promenade sur la plage, la chaleur de la cuisine, tout l\u2019apaise et l\u2019aide \u00e0 grandir. Claire Keegan sait, en quelques mots po\u00e9tiques et directs, peindre une Irlande rurale et la douceur infinie des sentiments.<\/p>\n<p>                              <a href=\"https:\/\/www.europesays.com\/fr\/wp-content\/uploads\/2025\/09\/56fda4c_upload-1-96bsrdcnhrg8-couv-poche.png\" data-pswp-width=\"\" data-pswp-height=\"\" class=\"media__hd\" target=\"_blank\">      <img decoding=\"async\" loading=\"lazy\" src=\"https:\/\/www.europesays.com\/fr\/wp-content\/uploads\/2025\/09\/56fda4c_upload-1-96bsrdcnhrg8-couv-poche.png\" class=\"media__picture js-media-zoom  media__size--large\" alt=\"\" title=\"\"\/>       <\/a>                          <\/p>\n<p>\u00c9d. Le Livre de Poche, 7,70\u00a0\u20ac.<\/p>\n<p class=\"edito__prefixe\">   Lire notre critique    <\/p>\n<p class=\"edito__text-container\">       <a alt=\"Lire notre critique \" href=\"https:\/\/www.telerama.fr\/livres\/les-trois-lumieres,86309.php\" class=\"article__title--edito\" rel=\"nofollow noopener\" target=\"_blank\">\u00ab\u00a0Les Trois Lumi\u00e8res\u00a0\u00bb, de Claire Keegan<\/a>  <\/p>\n<p>                                        <strong>\u201c<\/strong>Le Royaume enchant\u00e9<strong>\u201d, de <\/strong>Russell Banks                      <\/p>\n<p class=\"paragraph\">De 3\u00a0000 hectares de terres mar\u00e9cageuses acquis en Floride,\u00a0le groupe d\u2019une quinzaine d\u2019adeptes, \u00e0 force de foi inflexible et de travail acharn\u00e9, a fait un \u00e9den prosp\u00e8re, couvert de vergers et de p\u00e2turages, baptis\u00e9 La Nouvelle-B\u00e9thanie. Un paradis profond\u00e9ment r\u00e9actionnaire, dont\u00a0Le Royaume enchant\u00e9,\u00a0par la voix de Harley Mann, nous raconte l\u2019acm\u00e9 et la chute\u00a0\u2014\u00a0\u00e0 laquelle, adolescent, Harley Mann fut \u00e9troitement m\u00eal\u00e9, lorsque son amour interdit pour la jeune Sadie fit imploser la communaut\u00e9. \u00c0 travers lui, \u00e0 travers ceux qui l\u2019entourent Russell Banks incarne puissamment les fausses promesses du dogmatisme, de la radicalit\u00e9 et de l\u2019utopie. Celles non moins d\u00e9l\u00e9t\u00e8res de l\u2019individualisme mat\u00e9rialiste \u2014\u00a0et la dimension explosive de leur rencontre. Sur les ruines de l\u2019illusoire paradis de La Nouvelle-B\u00e9thanie, quelques d\u00e9cennies plus tard, l\u2019empire Disney a pris pied et b\u00e2ti, \u00e0 son tour, un autre pseudo-Royaume enchant\u00e9, une usine \u00e0 r\u00eaves, symbole du capitalisme du divertissement. Tel est le sens, d\u00e9senchant\u00e9, de l\u2019Histoire, semble nous confier Banks. <strong>\u2014\u00a0Na.C<\/strong><\/p>\n<p>                              <a href=\"https:\/\/www.europesays.com\/fr\/wp-content\/uploads\/2025\/09\/069d2f5_upload-1-3wk0pn5m1yru-couv-poche-3.png\" data-pswp-width=\"\" data-pswp-height=\"\" class=\"media__hd\" target=\"_blank\">      <img decoding=\"async\" loading=\"lazy\" src=\"https:\/\/www.europesays.com\/fr\/wp-content\/uploads\/2025\/09\/069d2f5_upload-1-3wk0pn5m1yru-couv-poche-3.png\" class=\"media__picture js-media-zoom  media__size--large\" alt=\"\" title=\"\"\/>       <\/a>                          <\/p>\n<p>\u00c9d. Babel, 10,90\u00a0\u20ac.<\/p>\n<p class=\"edito__prefixe\">   Lire notre critique   <\/p>\n<p class=\"edito__text-container\">       <a alt=\"Lire notre critique\" href=\"https:\/\/www.telerama.fr\/livre\/le-royaume-enchante-les-cauchemars-de-l-amerique-hantent-l-ultime-roman-de-russell-banks_cri-7030509.php\" class=\"article__title--edito\" rel=\"nofollow noopener\" target=\"_blank\">\u201cLe Royaume enchant\u00e9\u201d, de Russell Banks<\/a>  <\/p>\n<p>                                        <strong>\u201cAssemblage\u201d, de Natasha Brown<\/strong>                      <\/p>\n<p class=\"paragraph\">Elle n\u2019a pas m\u00e9nag\u00e9 ses efforts, elle a mis toute son \u00e9nergie, et m\u00eame davantage, \u00e0 \u00ab\u00a0ce d\u00e9passement sans fin\u00a0\u00bb d\u2019elle-m\u00eame. \u00ab\u00a0Je suis tout ce qu\u2019on m\u2019a dit de devenir. \u00c7a ne suffit pas\u00a0\u00bb, constate pourtant la narratrice d\u2019Assemblage. Jeune Britannique noire, issue d\u2019une famille modeste, elle a excell\u00e9 \u00e0 l\u2019\u00e9cole et \u00e0 l\u2019universit\u00e9 et gravite d\u00e9sormais dans l\u2019univers glac\u00e9 et suffisant de la finance. Son petit ami blanc est un h\u00e9ritier, rejeton d\u2019une famille de la haute bourgeoisie anglaise. Comme une cr\u00e9ature au corps \u00e9lastique, elle s\u2019est coul\u00e9e dans les codes culturels et les m\u0153urs d\u2019un monde au seuil duquel elle demeure. \u00c0 travers le monologue de sa narratrice, Assemblage ne fait entendre nulle plainte. Une col\u00e8re plut\u00f4t, froide et nette, m\u00eame si elle est m\u00eal\u00e9e de lassitude, d\u2019angoisse sourde, de cr\u00e2ne renoncement. Une tonalit\u00e9 inconfortable, rugueuse, d\u00e9rangeante, qui tout ensemble porte et irrigue une narration morcel\u00e9e au fil de laquelle la jeune femme d\u00e9roule les faits \u2013 les gestes, les symboles, et surtout les mots, r\u00e9v\u00e9lateurs, \u00e0 l\u2019insu de ceux qui les prononcent, des hi\u00e9rarchies av\u00e9r\u00e9es et non dites, du rejet racial et social, du m\u00e9pris de genre \u2013 et les diss\u00e8que avec une intelligence critique implacable. Ne s\u2019\u00e9pargnant pas elle-m\u00eame tandis qu\u2019elle examine, l\u2019\u00e2me intranquille, son acquiescement \u00e0 ce syst\u00e8me qu\u2019elle est sur le point de r\u00e9silier. \u00ab\u00a0N\u00e9e ici, de parents n\u00e9s ici, jamais v\u00e9cu ailleurs \u2013 pourtant jamais d\u2019ici\u00a0\u00bb, r\u00e9sume-t-elle sans pathos, au fil de ce (premier) roman d\u2019une \u00e9clatante ma\u00eetrise, \u00e0 teneur hautement politique, mais non moins incarn\u00e9 et remuant. <strong>\u2014\u00a0Na.C.<\/strong><\/p>\n<p>                              <a href=\"https:\/\/www.europesays.com\/fr\/wp-content\/uploads\/2025\/08\/e3677c3_upload-1-0t5avioy7v0t-couv-poche-1.png\" data-pswp-width=\"\" data-pswp-height=\"\" class=\"media__hd\" target=\"_blank\">      <img decoding=\"async\" loading=\"lazy\" src=\"https:\/\/www.europesays.com\/fr\/wp-content\/uploads\/2025\/08\/e3677c3_upload-1-0t5avioy7v0t-couv-poche-1.png\" class=\"media__picture js-media-zoom  media__size--large\" alt=\"\" title=\"\"\/>       <\/a>                          <\/p>\n<p>\u00c9d. Le livre de poche, 7,90\u00a0\u20ac.<\/p>\n<p class=\"edito__prefixe\">   Lire notre critique   <\/p>\n<p class=\"edito__text-container\">       <a alt=\"Lire notre critique\" href=\"https:\/\/www.telerama.fr\/livres\/assemblage-3-17431569.php\" class=\"article__title--edito\" rel=\"nofollow noopener\" target=\"_blank\">\u00ab\u00a0Assemblage\u00a0\u00bb, de Natasha Brown<\/a>  <\/p>\n<p>                                        <strong>\u201cCroix de cendre\u201d, d\u2019Antoine S\u00e9nanque<\/strong>                      <\/p>\n<p class=\"paragraph\">Un prieur, un sacristain, deux moines, un inquisiteur et des oblats\u2026 Nous sommes au XIV\u1d49\u00a0si\u00e8cle, ravag\u00e9 par l\u2019\u00e9pid\u00e9mie de peste de\u00a01348. Mais si ce roman d\u2019Antoine S\u00e9nanque est une histoire religieuse, s\u2019il fait la part belle aux dimensions symboliques, aux doutes qui sans cesse tenaillent les \u00e2mes des protagonistes, il est aussi un formidable roman d\u2019aventures o\u00f9 les corps et le spirituel se conjuguent et o\u00f9 les enjeux politiques prennent parfois le dessus sur toute autre consid\u00e9ration. Merveilleusement \u00e9crit, le roman d\u2019Antoine S\u00e9nanque prend peu \u00e0 peu les rythmes d\u2019un polar m\u00e9di\u00e9val dont le suspense se savoure des laudes jusqu\u2019aux v\u00eapres. <strong>\u2014 G.H.<\/strong><\/p>\n<p>                              <a href=\"https:\/\/www.europesays.com\/fr\/wp-content\/uploads\/2025\/08\/c278b45_upload-1-ybi7j80iorda-couv-poche.png\" data-pswp-width=\"\" data-pswp-height=\"\" class=\"media__hd\" target=\"_blank\">      <img decoding=\"async\" loading=\"lazy\" src=\"https:\/\/www.europesays.com\/fr\/wp-content\/uploads\/2025\/08\/c278b45_upload-1-ybi7j80iorda-couv-poche.png\" class=\"media__picture js-media-zoom  media__size--large\" alt=\"\" title=\"\"\/>       <\/a>                          <\/p>\n<p>\u00c9d. Le livre de poche, 9,70\u00a0\u20ac.<\/p>\n<p class=\"edito__prefixe\">   Lire notre critique   <\/p>\n<p class=\"edito__text-container\">       <a alt=\"Lire notre critique\" href=\"https:\/\/www.telerama.fr\/livre\/croix-de-cendre-le-polar-medieval-d-antoine-senanque-sur-fond-d-inquisition_cri-7027863.php\" class=\"article__title--edito\" rel=\"nofollow noopener\" target=\"_blank\">\u201cCroix de cendre\u201d, d\u2019Antoine S\u00e9nanque <\/a>  <\/p>\n<p>                                        <strong>\u201cOn n\u2019est plus des gens normaux\u201d, de Justin Morin<\/strong>                      <\/p>\n<p class=\"paragraph\">\u00c0 l\u2019\u00e9t\u00e9\u00a02017, un automobiliste a fonc\u00e9 sur la terrasse d\u2019une pizzeria de Seine-et-Marne, tuant Angela, 13\u00a0ans, et faisant des dizaines de bless\u00e9s. Quelques ann\u00e9es plus tard, Justin Morin couvre le proc\u00e8s comme journaliste. Lui qui, pour son travail, voit d\u00e9filer les faits divers, est touch\u00e9 diff\u00e9remment, peut-\u00eatre parce qu\u2019il vient de devenir p\u00e8re. Il est marqu\u00e9 par la solidarit\u00e9 entre les victimes, mais aussi par la solitude de la s\u0153ur du criminel, appel\u00e9e \u00e0 la barre. Le projet d\u2019\u00e9criture na\u00eetra de la volont\u00e9 de raconter, d\u2019abord, le difficile statut de victime. Ce r\u00e9cit est poignant car le journaliste se fait subtilement \u00e9crivain et trouve le ton juste, entre le recueil soign\u00e9 de la parole et l\u2019\u00e9tude cisel\u00e9e d\u2019\u00e9motions complexes. Mais l\u2019autre d\u00e9clencheur d\u2019On n\u2019est plus des gens normaux vient de l\u2019interrogation face \u00e0 la loyaut\u00e9 de la s\u0153ur envers son fr\u00e8re coupable. C\u2019est un chemin de cr\u00eate, sur lequel le primo-romancier \u00e9volue avec sensibilit\u00e9, sans doute aid\u00e9 par son passage dans un master de cr\u00e9ation litt\u00e9raire. Sous sa plume, la fiction assum\u00e9e appara\u00eet comme le moyen le plus honn\u00eate de traiter ce qui n\u2019a pu \u00eatre transmis. <strong>\u2014<\/strong> <strong>Y.L.-S.<\/strong><\/p>\n<p>                              <a href=\"https:\/\/www.europesays.com\/fr\/wp-content\/uploads\/2025\/08\/2191304_upload-1-srglfrfuv5cz-couv-poche0.png\" data-pswp-width=\"\" data-pswp-height=\"\" class=\"media__hd\" target=\"_blank\">      <img decoding=\"async\" loading=\"lazy\" src=\"https:\/\/www.europesays.com\/fr\/wp-content\/uploads\/2025\/08\/2191304_upload-1-srglfrfuv5cz-couv-poche0.png\" class=\"media__picture js-media-zoom  media__size--large\" alt=\"\" title=\"\"\/>       <\/a>                          <\/p>\n<p>\u00c9d. Folio, 8,00\u00a0\u20ac.<\/p>\n<p class=\"edito__prefixe\">   Lire notre critique    <\/p>\n<p class=\"edito__text-container\">       <a alt=\"Lire notre critique \" href=\"https:\/\/www.telerama.fr\/livre\/on-n-est-plus-des-gens-normaux-de-justin-morin-un-subtil-passage-du-journalisme-a-la-fiction_cri-7035709.php\" class=\"article__title--edito\" rel=\"nofollow noopener\" target=\"_blank\">\u201cOn n\u2019est plus des gens normaux\u201d, de Justin Morin\u00a0<\/a>  <\/p>\n<p>                                        <strong>\u201cLe Vent l\u00e9ger\u201d, de Jean-Fran\u00e7ois Beauchemin<\/strong>                      <\/p>\n<p class=\"paragraph\">Un chevreuil au fond du jardin, le chant des oiseaux, tout l\u2019\u00e9merveille. Peu connu en France, le Qu\u00e9b\u00e9cois Jean-Fran\u00e7ois Beauchemin nous enchante avec ses livres. Personne ne d\u00e9plorera l\u2019acc\u00e9l\u00e9ration r\u00e9paratrice qui se fait sentir aujourd\u2019hui, alors que sont propos\u00e9s au public fran\u00e7ais \u00ab\u00a0Le vent l\u00e9ger\u00a0\u00bb au titre aussi d\u00e9licat que leur contenu, qui sonde le chagrin, m\u00eal\u00e9 d\u2019irr\u00e9ductible all\u00e9gresse, de six enfants bient\u00f4t endeuill\u00e9s par la perte de leur m\u00e8re. <strong>\u2014 M.L.<\/strong><\/p>\n<p>                              <a href=\"https:\/\/www.europesays.com\/fr\/wp-content\/uploads\/2025\/08\/0b09fab_upload-1-r21cuvu0ov8q-couv-poche-3.png\" data-pswp-width=\"\" data-pswp-height=\"\" class=\"media__hd\" target=\"_blank\">      <img decoding=\"async\" loading=\"lazy\" src=\"https:\/\/www.europesays.com\/fr\/wp-content\/uploads\/2025\/08\/0b09fab_upload-1-r21cuvu0ov8q-couv-poche-3.png\" class=\"media__picture js-media-zoom  media__size--large\" alt=\"\" title=\"\"\/>       <\/a>                          <\/p>\n<p>\u00c9d. Folio, 8,00\u00a0\u20ac.<\/p>\n<p class=\"edito__prefixe\">   \u00c0 lire aussi :   <\/p>\n<p class=\"edito__text-container\">     <a alt=\"Lire aussi\" href=\"https:\/\/www.telerama.fr\/livre\/jean-francois-beauchemin-j-ecris-pour-une-seule-raison-celebrer-la-joie-d-etre-vivant-7018908.php\" class=\"article__title--edito\" rel=\"nofollow noopener\" target=\"_blank\">Jean-Fran\u00e7ois Beauchemin\u00a0: \u00ab\u00a0J\u2019\u00e9cris pour une seule raison\u00a0: c\u00e9l\u00e9brer la joie d\u2019\u00eatre vivant\u00a0\u00bb<\/a>  <\/p>\n<p>                                        <strong>\u201cLe Mode avion\u201d, de Laurent Nunez<\/strong>                      <\/p>\n<p class=\"paragraph\">\u00c9tienne Choulier, \u00ab\u00a0homme de science\u00a0\u00bb\u00a0? Consid\u00e9rant sa statue \u00e0 Fontan, petit village des Alpes-Maritimes, le narrateur, dubitatif, m\u00e8ne l\u2019enqu\u00eate. Le fameux Choulier \u00e9tait, dans les ann\u00e9es\u00a01930, un homme discret, que ses coll\u00e8gues jugeaient \u00ab\u00a0saugrenu\u00a0\u00bb, et aussi, accessoirement, le plus jeune agr\u00e9g\u00e9 de grammaire de France. Il d\u00e9sar\u00e7onnait ses interlocuteurs en d\u00e9clarant\u00a0: \u00ab\u00a0C\u2019est incurable h\u00e9las. J\u2019ai une tr\u00e8s grave maladie, horrible de nos jours\u00a0: je vois le langage\u2026\u00a0\u00bb \u00c0 la cantine de la Sorbonne, il fit la connaissance de Stef\u00e1n Meinhof, autre universitaire, qui lui dit\u00a0: \u00ab\u00a0Idem pour moi.\u00a0\u00bb Voir le langage devint alors leur obsession commune. Emm\u00e9nageant dans un vieux mas \u00e0 Fontan, les deux hommes s\u2019immergent dans l\u2019\u00e9tude, pour \u00ab\u00a0d\u00e9terrer un tr\u00e9sor philologique\u00a0\u00bb, une th\u00e9orie in\u00e9dite. Dans son carnet, Choulier note ses interrogations\u00a0: \u00ab\u00a0Pourquoi \u00ab\u00a0tout attach\u00e9\u00a0\u00bb s\u2019\u00e9crit-il s\u00e9par\u00e9ment, alors que \u00ab\u00a0s\u00e9par\u00e9ment\u00a0\u00bb s\u2019\u00e9crit tout attach\u00e9\u00a0?\u00a0\u00bb Il croit avoir enfin construit son th\u00e9or\u00e8me quand Meinhof est s\u00fbr, lui aussi, de tenir sa th\u00e9orie. Les ann\u00e9es passent\u2026 Qu\u2019adviendra-t-il des deux comp\u00e8res\u00a0? Le Mode avion, petit livre d\u2019aventure intellectuelle, fac\u00e9tieux, savoureusement dr\u00f4le et \u00e9rudit, est un beau clin d\u2019\u0153il \u00e0 Bouvard et P\u00e9cuchet, les deux \u00ab\u00a0cloportes\u00a0\u00bb de Gustave Flaubert. <strong>\u2014 G.H.<\/strong><\/p>\n<p>                              <a href=\"https:\/\/www.europesays.com\/fr\/wp-content\/uploads\/2025\/08\/5c0523e_upload-1-lwd1nwedtpun-couv-poche-2.png\" data-pswp-width=\"\" data-pswp-height=\"\" class=\"media__hd\" target=\"_blank\">      <img decoding=\"async\" loading=\"lazy\" src=\"https:\/\/www.europesays.com\/fr\/wp-content\/uploads\/2025\/08\/5c0523e_upload-1-lwd1nwedtpun-couv-poche-2.png\" class=\"media__picture js-media-zoom  media__size--large\" alt=\"\" title=\"\"\/>       <\/a>                          <\/p>\n<p>\u00c9d. Rivages-Poche, 8,70\u00a0\u20ac.<\/p>\n<p class=\"edito__prefixe\">   Lire notre critique    <\/p>\n<p class=\"edito__text-container\">       <a alt=\"Lire notre critique \" href=\"https:\/\/www.telerama.fr\/livres\/le-mode-avion,n7002792.php\" class=\"article__title--edito\" rel=\"nofollow noopener\" target=\"_blank\">\u00ab\u00a0Le Mode avion\u00a0\u00bb, de Laurent Nunez<\/a>  <\/p>\n<p>                                        <strong>\u201cLe Banquet des Empouses\u201d, d\u2019Olga Tokarczuk<\/strong>                      <\/p>\n<p class=\"paragraph\">Pour qui accepte l\u2019invitation (foncez\u00a0!), Olga Tokarczuk vous embarquera dans un livre-monde de sous-bois humides et de sommets m\u00e9lancoliques, de sinistres secrets et de liqueurs de champignons hallucinog\u00e8nes, de douches glac\u00e9es et de symphonies de toux, de meurtres rituels et de cr\u00e9atures \u00e9tranges aux visages de mousse. <strong>\u2014 W.Z.<\/strong><\/p>\n<p>                              <a href=\"https:\/\/www.europesays.com\/fr\/wp-content\/uploads\/2025\/08\/2096f54_upload-1-wuztf5kjw620-couv-poche.png\" data-pswp-width=\"\" data-pswp-height=\"\" class=\"media__hd\" target=\"_blank\">      <img decoding=\"async\" loading=\"lazy\" src=\"https:\/\/www.europesays.com\/fr\/wp-content\/uploads\/2025\/08\/2096f54_upload-1-wuztf5kjw620-couv-poche.png\" class=\"media__picture js-media-zoom  media__size--large\" alt=\"\" title=\"\"\/>       <\/a>                          <\/p>\n<p>\u00c9d. Le livre de poche, 9,40\u00a0\u20ac.<\/p>\n<p class=\"edito__prefixe\">   Lire la critique   <\/p>\n<p class=\"edito__text-container\">       <a alt=\"Lire la critique\" href=\"https:\/\/www.telerama.fr\/livre\/le-banquet-des-empouses-d-olga-tokarczuk-les-sorcieres-s-invitent-au-bal-des-misogynes_cri-7031273.php\" class=\"article__title--edito\" rel=\"nofollow noopener\" target=\"_blank\">\u201cLe Banquet des Empouses\u201d d\u2019Olga Tokarczuk\u00a0: les sorci\u00e8res s\u2019invitent au bal des misogynes<\/a>  <\/p>\n<p>                                        <strong>\u201cCabane\u201d, d\u2019Abel Quentin<\/strong>                      <\/p>\n<p class=\"paragraph\">Avocat p\u00e9naliste quand il n\u2019\u00e9crit pas, Abel Quentin, 38\u00a0ans, n\u2019est gu\u00e8re politiquement correct. Voil\u00e0 pourtant qu\u2019il s\u2019attaque vertueusement, dans\u00a0Cabane, son troisi\u00e8me et copieux roman, aux d\u00e9rives mortif\u00e8res de notre culture de la croissance. Plus sombre et tragique que d\u2019ordinaire, Abel Quentin suit jusqu\u2019\u00e0 aujourd\u2019hui le destin des tr\u00e8s \u00e9colos Dundee devenus \u00e9leveurs de porcs, du cynique Qu\u00e9rillot reconverti dans l\u2019industrie p\u00e9troli\u00e8re, de l\u2019id\u00e9aliste Gudsonn devenu ap\u00f4tre de la d\u00e9croissance. Une fresque brillante qui caracole dans les milieux, les lieux, les plus divers. Surgi au milieu du r\u00e9cit et vite fascin\u00e9 par Gudsonn, le narrateur, journaliste un rien paum\u00e9 du tr\u00e8s discret mensuel\u00a0Zones, est le seul personnage farce de cette randonn\u00e9e au royaume des illusions perdues de la modernit\u00e9. <strong>\u2014 F.P.<\/strong><\/p>\n<p>                              <a href=\"https:\/\/www.europesays.com\/fr\/wp-content\/uploads\/2025\/08\/0bc53dd_upload-1-q247cirah7b8-couv-poche-2.png\" data-pswp-width=\"\" data-pswp-height=\"\" class=\"media__hd\" target=\"_blank\">      <img decoding=\"async\" loading=\"lazy\" src=\"https:\/\/www.europesays.com\/fr\/wp-content\/uploads\/2025\/08\/0bc53dd_upload-1-q247cirah7b8-couv-poche-2.png\" class=\"media__picture js-media-zoom  media__size--large\" alt=\"\" title=\"\"\/>       <\/a>                          <\/p>\n<p>\u00c9d. J\u2019ai lu, 9,50\u00a0\u20ac.<\/p>\n<p class=\"edito__prefixe\">   Lire notre critique   <\/p>\n<p class=\"edito__text-container\">       <a alt=\"Lire notre critique\" href=\"https:\/\/www.telerama.fr\/livre\/cabane-fresque-sarcastique-et-climatique-d-abel-quentin_cri-7034056.php\" class=\"article__title--edito\" rel=\"nofollow noopener\" target=\"_blank\">\u201cCabane\u201d, fresque sarcastique et climatique d\u2019Abel Quentin<\/a>  <\/p>\n<p>                                        <strong>\u201cLes Derniers Indiens\u201d, de <\/strong>Marie-H\u00e9l\u00e8ne Lafon                      <\/p>\n<p class=\"paragraph\">Dans ses nouvelles (Liturgie, Organes) comme dans ses pr\u00e9c\u00e9dents romans (Le Soir du chien, Sur la photo), toujours elle \u00e9limine le superflu, d\u00e9crit l\u2019\u00e2pret\u00e9 du quotidien, les jours d\u00e9color\u00e9s, la terre qui colle aux chaussures et finit par \u00e9paissir les \u00e2mes comme les semelles. Avec des phrases courtes, avares d\u2019adjectifs, elle dit la solitude, les silences, mais aussi les rituels\u00a0: les naissances et les enterrements, le linge pli\u00e9 et d\u00e9pli\u00e9, la sexualit\u00e9 interdite.\u00a0Les Derniers Indiens\u00a0est une histoire d\u2019attente et de mort, un livre sur l\u2019orgueil qui vous emp\u00eache de traverser la route et vous laisse un jour, seul derri\u00e8re la vitre de la cuisine, \u00e0 surveiller ceux d\u2019en face pour tenter de comprendre la recette du bonheur.<\/p>\n<p>                              <a href=\"https:\/\/www.europesays.com\/fr\/wp-content\/uploads\/2025\/08\/4ebf788_upload-1-hrwnb2bz3th9-couv-poche-1.png\" data-pswp-width=\"\" data-pswp-height=\"\" class=\"media__hd\" target=\"_blank\">      <img decoding=\"async\" loading=\"lazy\" src=\"https:\/\/www.europesays.com\/fr\/wp-content\/uploads\/2025\/08\/4ebf788_upload-1-hrwnb2bz3th9-couv-poche-1.png\" class=\"media__picture js-media-zoom  media__size--large\" alt=\"\" title=\"\"\/>       <\/a>                          <\/p>\n<p>\u00c9d. Le livre de poche, 7,90\u00a0\u20ac.<\/p>\n<p class=\"edito__prefixe\">   Lire notre critique   <\/p>\n<p class=\"edito__text-container\">       <a alt=\"Lire notre critique\" href=\"https:\/\/www.telerama.fr\/livres\/les-derniers-indiens,25295.php\" class=\"article__title--edito\" rel=\"nofollow noopener\" target=\"_blank\">Les Derniers Indiens<\/a>  <\/p>\n<p>                                        <strong>\u201cLe R\u00eave du jaguar\u201d, de Miguel Bonnefoy<\/strong>                      <\/p>\n<p class=\"paragraph\">D\u2019embl\u00e9e, le narrateur pr\u00e9vient\u00a0: ce b\u00e9b\u00e9 abandonn\u00e9 sur un trottoir est vou\u00e9 \u00e0 un destin exceptionnel. D\u2019ailleurs, cette rue finira par porter son nom. Puis il d\u00e9ploie un d\u00e9cor foisonnant o\u00f9 se m\u00ealent l\u2019histoire mouvement\u00e9e du Venezuela et l\u2019odyss\u00e9e d\u2019Antonio. Ces p\u00e9rip\u00e9ties sont-elles r\u00e9elles ou leur transmission au fil du temps les a-t-elle transform\u00e9es en l\u00e9gende\u00a0? L\u2019\u00e9pop\u00e9e court sur quatre g\u00e9n\u00e9rations et s\u2019\u00e9tire comme le long chant d\u2019une fable qui fredonne, module, vocalise au rythme de l\u2019histoire familiale.<strong>\u00a0<\/strong>Gorg\u00e9 de couleurs et d\u2019images, le r\u00e9cit rebondit, cavale \u00e0 la poursuite de l\u2019aventure, r\u00e9guli\u00e8rement rattrap\u00e9 par les soubresauts d\u2019un pays o\u00f9 les r\u00e9volutions se produisent avec la r\u00e9gularit\u00e9 d\u2019un m\u00e9tronome. <strong>\u2014<\/strong> <strong>E.D.<\/strong><\/p>\n<p>                              <a href=\"https:\/\/www.europesays.com\/fr\/wp-content\/uploads\/2025\/08\/1b577dd_upload-1-ttyb7gshufhz-couv-poche-4.png\" data-pswp-width=\"\" data-pswp-height=\"\" class=\"media__hd\" target=\"_blank\">      <img decoding=\"async\" loading=\"lazy\" src=\"https:\/\/www.europesays.com\/fr\/wp-content\/uploads\/2025\/08\/1b577dd_upload-1-ttyb7gshufhz-couv-poche-4.png\" class=\"media__picture js-media-zoom  media__size--large\" alt=\"\" title=\"\"\/>       <\/a>                          <\/p>\n<p>\u00c9d. Rivages-Poche, 9,50\u00a0\u20ac.<\/p>\n<p class=\"edito__prefixe\">   Lire notre critique    <\/p>\n<p class=\"edito__text-container\">       <a alt=\"Lire notre critique \" href=\"https:\/\/www.telerama.fr\/livre\/le-reve-du-jaguar-de-miguel-bonnefoy-prix-femina-apres-le-grand-prix-du-roman-de-l-academie-francaise-0838_cri-7035145.php\" class=\"article__title--edito\" rel=\"nofollow noopener\" target=\"_blank\">\u201cLe R\u00eave du jaguar\u201d, de Miguel Bonnefoy, prix Femina, apr\u00e8s le grand prix du roman de l\u2019Acad\u00e9mie fran\u00e7aise<\/a>  <\/p>\n<p>                                        <strong>\u201cFrapper l\u2019\u00e9pop\u00e9e\u201d, d\u2019Alice Zeniter<\/strong>                      <\/p>\n<p class=\"paragraph\">Apr\u00e8s avoir \u00e9tudi\u00e9 puis travaill\u00e9 en m\u00e9tropole plusieurs ann\u00e9es, Tass est de retour \u00e0 Noum\u00e9a. En Nouvelle-Cal\u00e9donie, o\u00f9 elle est n\u00e9e et a grandi, et o\u00f9 l\u2019attend un poste de prof de fran\u00e7ais. Parall\u00e8lement au r\u00e9cit du retour de Tass, Alice Zeniter installe, au c\u0153ur de l\u2019intrigue de Frapper l\u2019\u00e9pop\u00e9e, un autre p\u00f4le de l\u2019action\u00a0: un myst\u00e9rieux groupuscule d\u2019activistes ind\u00e9pendantistes kanaks dont les actions subversives s\u2019inscrivent dans une \u00e9nigmatique d\u00e9marche politique qu\u2019ils qualifient d\u2019\u00ab\u00a0empathie violente\u00a0\u00bb. L\u2019ambitieuse et talentueuse autrice tirera bient\u00f4t d\u2019autres fils, tandis que son brillant roman s\u2019ouvre vers le pass\u00e9. Se penchant sur le r\u00f4le de colonie p\u00e9nitentiaire qu\u2019assigna \u00e0 la Nouvelle-Cal\u00e9donie, au milieu du XIX\u1d49 si\u00e8cle, le nouveau pouvoir colonial fran\u00e7ais. Et, parmi les d\u00e9port\u00e9s, zoomant sur les Alg\u00e9riens qui furent amen\u00e9s sur le Caillou et durent apprendre \u00e0 y vivre \u2013 parmi eux, Areski, l\u2019a\u00efeul de Tass. Construction romanesque virtuose, Frapper l\u2019\u00e9pop\u00e9e est tout ensemble un grand roman politique et sensible, po\u00e9tique et incarn\u00e9. <strong>\u2014\u00a0Na.C.<\/strong><\/p>\n<p>                              <a href=\"https:\/\/www.europesays.com\/fr\/wp-content\/uploads\/2025\/08\/3d564b9_upload-1-5pn27uwlltpt-couv-poche-3.png\" data-pswp-width=\"\" data-pswp-height=\"\" class=\"media__hd\" target=\"_blank\">      <img decoding=\"async\" loading=\"lazy\" src=\"https:\/\/www.europesays.com\/fr\/wp-content\/uploads\/2025\/08\/3d564b9_upload-1-5pn27uwlltpt-couv-poche-3.png\" class=\"media__picture js-media-zoom  media__size--large\" alt=\"\" title=\"\"\/>       <\/a>                          <\/p>\n<p>\u00c9d. J\u2019ai lu, 9,20\u00a0\u20ac.<\/p>\n<p class=\"edito__prefixe\">   Lire notre critique   <\/p>\n<p class=\"edito__text-container\">       <a alt=\"Lire notre critique\" href=\"https:\/\/www.telerama.fr\/livre\/frapper-l-epopee-d-alice-zeniter-formidable-immersion-dans-le-present-et-l-histoire-de-l-archipel-caledonien_cri-7034024.php\" class=\"article__title--edito\" rel=\"nofollow noopener\" target=\"_blank\">\u201cFrapper l\u2019\u00e9pop\u00e9e\u201d, d\u2019Alice Zeniter<\/a>  <\/p>\n<p class=\"edito__prefixe\">   Rentr\u00e9e litt\u00e9raire 2025   <\/p>\n<p class=\"edito__text-container\">     <a alt=\"Rentr\u00e9e litt\u00e9raire 2025\" href=\"https:\/\/www.telerama.fr\/livre\/rentree-litteraire-2025-les-meilleurs-livres-francais-critiques-par-telerama-0215-7027033.php\" class=\"article__title--edito\" rel=\"nofollow noopener\" target=\"_blank\">Rentr\u00e9e litt\u00e9raire 2025\u00a0: les meilleurs livres fran\u00e7ais critiqu\u00e9s par \u201cT\u00e9l\u00e9rama\u201d<\/a>  <\/p>\n<p class=\"edito__prefixe\">   Rentr\u00e9e litt\u00e9raire 2025\u00a0   <\/p>\n<p class=\"edito__text-container\">     <a alt=\"Rentr\u00e9e litt\u00e9raire 2025\u00a0\" href=\"https:\/\/www.telerama.fr\/livre\/rentree-litteraire-2025-les-meilleurs-romans-etrangers-critiques-par-telerama-4907-7027107.php\" class=\"article__title--edito\" rel=\"nofollow noopener\" target=\"_blank\">Les meilleurs romans \u00e9trangers de la rentr\u00e9e litt\u00e9raire 2025<\/a>  <\/p>\n","protected":false},"excerpt":{"rendered":"Salman Rushdie, Sally Rooney,\u00a0Russell Banks, Marie Darrieussecq&#8230; Voici une s\u00e9lection de livres de poche puissants, qui d\u00e9tonnent et&hellip;\n","protected":false},"author":2,"featured_media":385523,"comment_status":"","ping_status":"","sticky":false,"template":"","format":"standard","meta":{"footnotes":""},"categories":[1357],"tags":[1379,58,59,1011,27,1380],"class_list":{"0":"post-385522","1":"post","2":"type-post","3":"status-publish","4":"format-standard","5":"has-post-thumbnail","7":"category-livres","8":"tag-books","9":"tag-divertissement","10":"tag-entertainment","11":"tag-fr","12":"tag-france","13":"tag-livres"},"share_on_mastodon":{"url":"https:\/\/pubeurope.com\/@fr\/115191901030010288","error":""},"_links":{"self":[{"href":"https:\/\/www.europesays.com\/fr\/wp-json\/wp\/v2\/posts\/385522","targetHints":{"allow":["GET"]}}],"collection":[{"href":"https:\/\/www.europesays.com\/fr\/wp-json\/wp\/v2\/posts"}],"about":[{"href":"https:\/\/www.europesays.com\/fr\/wp-json\/wp\/v2\/types\/post"}],"author":[{"embeddable":true,"href":"https:\/\/www.europesays.com\/fr\/wp-json\/wp\/v2\/users\/2"}],"replies":[{"embeddable":true,"href":"https:\/\/www.europesays.com\/fr\/wp-json\/wp\/v2\/comments?post=385522"}],"version-history":[{"count":0,"href":"https:\/\/www.europesays.com\/fr\/wp-json\/wp\/v2\/posts\/385522\/revisions"}],"wp:featuredmedia":[{"embeddable":true,"href":"https:\/\/www.europesays.com\/fr\/wp-json\/wp\/v2\/media\/385523"}],"wp:attachment":[{"href":"https:\/\/www.europesays.com\/fr\/wp-json\/wp\/v2\/media?parent=385522"}],"wp:term":[{"taxonomy":"category","embeddable":true,"href":"https:\/\/www.europesays.com\/fr\/wp-json\/wp\/v2\/categories?post=385522"},{"taxonomy":"post_tag","embeddable":true,"href":"https:\/\/www.europesays.com\/fr\/wp-json\/wp\/v2\/tags?post=385522"}],"curies":[{"name":"wp","href":"https:\/\/api.w.org\/{rel}","templated":true}]}}