{"id":385524,"date":"2025-09-12T14:53:10","date_gmt":"2025-09-12T14:53:10","guid":{"rendered":"https:\/\/www.europesays.com\/fr\/385524\/"},"modified":"2025-09-12T14:53:10","modified_gmt":"2025-09-12T14:53:10","slug":"sonia-mabrouk-defend-lea-salame-face-aux-attaques-de-la-cgt","status":"publish","type":"post","link":"https:\/\/www.europesays.com\/fr\/385524\/","title":{"rendered":"Sonia Mabrouk d\u00e9fend L\u00e9a Salam\u00e9 face aux attaques de la CGT"},"content":{"rendered":"<p><strong>VID\u00c9O &#8211; <\/strong>Invit\u00e9e sur le plateau du \u00abBuzz TV\u00bb ce vendredi 12 septembre, la journaliste a notamment \u00e9voqu\u00e9 les audiences de sa cha\u00eene et la r\u00e9cente pol\u00e9mique autour de la pr\u00e9sentatrice de \u00ab20 Heures\u00bb de France 2.<\/p>\n<p class=\"fig-paragraph\">Pour la plupart des t\u00e9l\u00e9spectateurs,\u00a0<a href=\"http:\/\/tvmag.lefigaro.fr\/programme-tv\/actu-tele\/c-est-une-militante-jean-michel-aphatie-tacle-sonia-mabrouk-20250903\" target=\"_blank\" data-fig-type=\"Article\" rel=\"noopener nofollow\" data-gtm-custom-categorie=\"navigation\" data-gtm-custom-action=\"crossclick\" data-gtm-custom-label=\"Contextuel\" data-gtm-event=\"customEventSPE\" data-fig-domain=\"TVMAG\"><strong>Sonia Mabrouk<\/strong><\/a> \u00a0est avant tout une pr\u00e9sentatrice, intervieweuse et figure phare de\u00a0<a href=\"http:\/\/tvmag.lefigaro.fr\/programme-tv\/actu-tele\/nous-sommes-attaques-pascal-praud-repond-a-benjamin-duhamel-apres-son-nouveau-tacle-sur-cnews-20250911\" target=\"_blank\" data-fig-type=\"Article\" rel=\"noopener nofollow\" data-gtm-custom-categorie=\"navigation\" data-gtm-custom-action=\"crossclick\" data-gtm-custom-label=\"Contextuel\" data-gtm-event=\"customEventSPE\" data-fig-domain=\"TVMAG\">CNews<\/a>. Invit\u00e9e sur le plateau du \u00abBuzz TV\u00bb ce vendredi 12 septembre, la journaliste est venue pr\u00e9senter sa nouvelle casquette au sein de la maison d\u2019\u00e9dition Fayard\u00a0: directrice de la collection Pens\u00e9e Libre. Cette derni\u00e8re porte bien son nom, puisque les auteurs qui y ont contribu\u00e9 vont du pr\u00e9sident de Reconqu\u00eate \u00c9ric Zemmour \u00e0 Aur\u00e9lien Tach\u00e9, d\u00e9put\u00e9 de La France Insoumise.<\/p>\n<p class=\"fig-paragraph\">\u00abD\u2019abord c\u2019est mon \u00e9tat d\u2019esprit, j\u2019ai toujours voulu une pluralit\u00e9, une diversit\u00e9 que j\u2019essaye d\u2019avoir \u00e0 l\u2019antenne et qui, naturellement, infuse pour cette collection\u00a0\u00bb, livre\u00a0<a href=\"http:\/\/tvmag.lefigaro.fr\/programme-tv\/actu-tele\/heureusement-que-vous-etiez-la-pascal-praud-felicite-sonia-mabrouk-apres-l-interview-de-francois-bayrou-20250901\" target=\"_blank\" data-fig-type=\"Article\" rel=\"noopener nofollow\" data-gtm-custom-categorie=\"navigation\" data-gtm-custom-action=\"crossclick\" data-gtm-custom-label=\"Contextuel\" data-gtm-event=\"customEventSPE\" data-fig-domain=\"TVMAG\">Sonia Mabrouk<\/a>, qui r\u00e9v\u00e8le avoir eu un coup de c\u0153ur pour le livre de Rachel Khan qui para\u00eetra dans quelques mois. \u00abLe panel est large et les id\u00e9es sont oppos\u00e9es, c\u2019est int\u00e9ressant parce que c\u2019est un espace de libert\u00e9 qu\u2019on ne trouve pas beaucoup ailleurs. L\u2019\u00e9dition est un des seuls domaines qui permet \u00e7a.\u00bb<\/p>\n<p class=\"fig-body-link\">\n            \u00c0 lire aussi<br \/>\n        <a class=\"fig-body-link__link\" href=\"http:\/\/tvmag.lefigaro.fr\/programme-tv\/actu-tele\/heureusement-que-vous-etiez-la-pascal-praud-felicite-sonia-mabrouk-apres-l-interview-de-francois-bayrou-20250901\" target=\"_blank\" data-fig-type=\"Article\" rel=\"noopener nofollow\" data-gtm-custom-categorie=\"navigation\" data-gtm-custom-action=\"crossclick\" data-gtm-custom-label=\"Contextuel\" data-gtm-event=\"customEventSPE\" data-fig-domain=\"TVMAG\">\u00abHeureusement que vous \u00e9tiez l\u00e0\u00a0!\u00bb\u00a0: Pascal Praud f\u00e9licite Sonia Mabrouk apr\u00e8s l\u2019interview de Fran\u00e7ois Bayrou<br \/>\n    <\/a>\n<\/p>\n<p>                                    <a class=\"fig-a11y-skip a11y-hidden\" href=\"#fig-a11y-skip-main-inarticle\"><br \/>\n        Passer la publicit\u00e9<br \/>\n    <\/a><\/p>\n<p class=\"fig-paragraph\">Au fil de l\u2019interview du \u00abBuzz TV\u00bb, la pr\u00e9sentatrice de \u00abMidi News\u00bb revient sur\u00a0<a href=\"http:\/\/www.lefigaro.fr\/medias\/nouvelle-numerotation-tnt-plus-grande-visibilite-cnews-confirme-son-statut-de-leader-des-chaines-d-info-sur-l-ensemble-de-la-saison-20250630\" target=\"_blank\" data-fig-type=\"Article\" rel=\"noopener nofollow\" data-gtm-custom-categorie=\"navigation\" data-gtm-custom-action=\"crossclick\" data-gtm-custom-label=\"Contextuel\" data-gtm-event=\"customEventSPE\" data-fig-domain=\"LEFIGARO\">le succ\u00e8s\u00a0<\/a>de sa cha\u00eene, qui devance largement la concurrence.. \u00abJe ne sais plus si BFMTV est notre concurrent principal, estime Sonia Mabrouk. Je crois que ce sont maintenant les autres cha\u00eenes, quand on voit le classement, on ne se situe pas par rapport aux autres cha\u00eenes d\u2019information aujourd\u2019hui. Ce sont d\u2019abord les cha\u00eenes nationales, historiques, qui sont maintenant les concurrents de CNews\u00bb, souligne\u00a0<a href=\"http:\/\/tvmag.lefigaro.fr\/programme-tv\/actu-tele\/c-est-une-militante-jean-michel-aphatie-tacle-sonia-mabrouk-20250903\" target=\"_blank\" data-fig-type=\"Article\" rel=\"noopener nofollow\" data-gtm-custom-categorie=\"navigation\" data-gtm-custom-action=\"crossclick\" data-gtm-custom-label=\"Contextuel\" data-gtm-event=\"customEventSPE\" data-fig-domain=\"TVMAG\">Sonia Mabrouk<\/a>.<\/p>\n<p class=\"fig-paragraph\">Et de rench\u00e9rir\u00a0: \u00abOn a pass\u00e9 le cap d\u2019une cr\u00e9dibilit\u00e9 politique qui est incontestable. (&#8230;) La bascule a eu lieu lors de l\u2019interview de Fran\u00e7ois Bayrou le 31 ao\u00fbt, nous \u00e9tions quatre journalistes align\u00e9s devant le Premier ministre. M\u00eame antenne, le t\u00e9l\u00e9spectateur avait le choix&#8230; Il a souvent \u00e9t\u00e9 dit que ce c\u00f4t\u00e9 institutionnel ne collait pas \u00e0 CNews, mais je crois qu\u2019aujourd\u2019hui CNews est une cha\u00eene institutionnelle qui n\u2019enl\u00e8ve pas du tout son c\u00f4t\u00e9 piquant et qui dit les choses. Il y a eu une bascule qui a install\u00e9 CNews dans le salon des Fran\u00e7ais.\u00bb Lors de l\u2019interview de Fran\u00e7ois Bayrou le 31 ao\u00fbt dernier, co-diffus\u00e9es par les 4 cha\u00eenes info, CNews \u00e9tait en effet leader avec plus de 700.000 t\u00e9l\u00e9spectateurs comptabilis\u00e9s contre 500.000 pour\u00a0<a href=\"http:\/\/tvmag.lefigaro.fr\/programme-tv\/actu-tele\/on-n-a-pas-le-droit-cet-interdit-que-perrine-storme-et-dominique-tenza-doivent-respecter-sur-le-plateau-de-bfmtv-20250904\" target=\"_blank\" data-fig-type=\"Article\" rel=\"noopener nofollow\" data-gtm-custom-categorie=\"navigation\" data-gtm-custom-action=\"crossclick\" data-gtm-custom-label=\"Contextuel\" data-gtm-event=\"customEventSPE\" data-fig-domain=\"TVMAG\">BFMTV<\/a>.<\/p>\n<blockquote class=\"fig-quote&#10;    \">\n<p class=\"fig-quote__text\">C\u2019est un vrai panier de crabes<\/p>\n<p>            Sonia Mabrouk \u00e0 propos du communiqu\u00e9 de la CGT envers L\u00e9a Salam\u00e9\n    <\/p><\/blockquote>\n<p class=\"fig-paragraph\">Ces derniers jours, un sujet s\u2019impose\u00a0: le\u00a0<a href=\"http:\/\/tvmag.lefigaro.fr\/programme-tv\/actu-tele\/un-journal-pitoyable-la-cgt-de-france-televisions-s-insurge-contre-le-dernier-jt-de-lea-salame-20250911\" target=\"_blank\" data-fig-type=\"Article\" rel=\"sponsored noopener nofollow\" data-gtm-custom-categorie=\"navigation\" data-gtm-custom-action=\"crossclick\" data-gtm-custom-label=\"Contextuel\" data-gtm-event=\"customEventSPE\" data-fig-domain=\"TVMAG\">communiqu\u00e9 de la CGT de France T\u00e9l\u00e9visions,<\/a>\u00a0adress\u00e9 aux \u00e9quipes du 20 H de France 2 et \u00e0\u00a0<a href=\"http:\/\/tvmag.lefigaro.fr\/programme-tv\/actu-tele\/j-imagine-la-jalousie-l-aigreur-la-rancoeur-de-tous-ces-journalistes-pascal-praud-defend-lea-salame-20250912\" target=\"_blank\" data-fig-type=\"Article\" rel=\"noopener nofollow\" data-gtm-custom-categorie=\"navigation\" data-gtm-custom-action=\"crossclick\" data-gtm-custom-label=\"Contextuel\" data-gtm-event=\"customEventSPE\" data-fig-domain=\"TVMAG\">L\u00e9a Salam\u00e9.<\/a>\u00a0Le syndicat reprochant \u00e0 la pr\u00e9sentatrice la couverture du mouvement \u00abBloquons tout\u00a0!\u00bb ce 9 septembre.<\/p>\n<p class=\"fig-paragraph\"><a href=\"http:\/\/www.lefigaro.fr\/medias\/cyril-hanouna-sonia-mabrouk-laurent-ruquier-teles-et-radios-entament-un-mercato-endiable-20250506\" target=\"_blank\" data-fig-type=\"Article\" rel=\"noopener nofollow\" data-gtm-custom-categorie=\"navigation\" data-gtm-custom-action=\"crossclick\" data-gtm-custom-label=\"Contextuel\" data-gtm-event=\"customEventSPE\" data-fig-domain=\"LEFIGARO\">Sonia Mabrouk<\/a>\u00a0prend alors la d\u00e9fense de sa cons\u0153ur. \u00abJe trouve qu\u2019elle est \u00e0 sa place, elle reste elle-m\u00eame, je l\u2019ai dit il y a quelques jours sur Europe 1, avec sa touche piquante mais en restant vraiment s\u00e9rieuse et rigoureuse\u00bb, souligne l\u2019intervieweuse. \u00abPar contre, l\u00e0, c\u2019est une attaque en r\u00e8gle, un vrai panier de crabes, je ne sais pas comment on peut rester v\u00e9ritablement serein &#8211; c\u2019est ce qu\u2019on attend de la part d\u2019une personne \u00e0 la barre du paquebot comme le 20H&#8230;\u00bb. Et d\u2019ajouter\u00a0:\u00a0 \u00abLa CGT a vraiment du nez parce qu\u2019on parlait du dispositif policier le lendemain, on a vu les images des attaques inacceptables, des incendies, des d\u00e9gradations. On peut dire qu\u2019ils ne voient jamais le r\u00e9el mais le prennent toujours en pleine figure.\u00bb<\/p>\n","protected":false},"excerpt":{"rendered":"VID\u00c9O &#8211; Invit\u00e9e sur le plateau du \u00abBuzz TV\u00bb ce vendredi 12 septembre, la journaliste a notamment \u00e9voqu\u00e9&hellip;\n","protected":false},"author":2,"featured_media":385525,"comment_status":"","ping_status":"","sticky":false,"template":"","format":"standard","meta":{"footnotes":""},"categories":[1356],"tags":[10831,9722,58,59,1011,27,18853,252,1364],"class_list":{"0":"post-385524","1":"post","2":"type-post","3":"status-publish","4":"format-standard","5":"has-post-thumbnail","7":"category-television","8":"tag-bfmtv","9":"tag-cnews","10":"tag-divertissement","11":"tag-entertainment","12":"tag-fr","13":"tag-france","14":"tag-sonia-mabrouk","15":"tag-television","16":"tag-tv"},"share_on_mastodon":{"url":"","error":""},"_links":{"self":[{"href":"https:\/\/www.europesays.com\/fr\/wp-json\/wp\/v2\/posts\/385524","targetHints":{"allow":["GET"]}}],"collection":[{"href":"https:\/\/www.europesays.com\/fr\/wp-json\/wp\/v2\/posts"}],"about":[{"href":"https:\/\/www.europesays.com\/fr\/wp-json\/wp\/v2\/types\/post"}],"author":[{"embeddable":true,"href":"https:\/\/www.europesays.com\/fr\/wp-json\/wp\/v2\/users\/2"}],"replies":[{"embeddable":true,"href":"https:\/\/www.europesays.com\/fr\/wp-json\/wp\/v2\/comments?post=385524"}],"version-history":[{"count":0,"href":"https:\/\/www.europesays.com\/fr\/wp-json\/wp\/v2\/posts\/385524\/revisions"}],"wp:featuredmedia":[{"embeddable":true,"href":"https:\/\/www.europesays.com\/fr\/wp-json\/wp\/v2\/media\/385525"}],"wp:attachment":[{"href":"https:\/\/www.europesays.com\/fr\/wp-json\/wp\/v2\/media?parent=385524"}],"wp:term":[{"taxonomy":"category","embeddable":true,"href":"https:\/\/www.europesays.com\/fr\/wp-json\/wp\/v2\/categories?post=385524"},{"taxonomy":"post_tag","embeddable":true,"href":"https:\/\/www.europesays.com\/fr\/wp-json\/wp\/v2\/tags?post=385524"}],"curies":[{"name":"wp","href":"https:\/\/api.w.org\/{rel}","templated":true}]}}