{"id":385528,"date":"2025-09-12T14:55:10","date_gmt":"2025-09-12T14:55:10","guid":{"rendered":"https:\/\/www.europesays.com\/fr\/385528\/"},"modified":"2025-09-12T14:55:10","modified_gmt":"2025-09-12T14:55:10","slug":"le-bestseller-enfin-au-cinema-avec-un-casting-5-etoiles","status":"publish","type":"post","link":"https:\/\/www.europesays.com\/fr\/385528\/","title":{"rendered":"le bestseller enfin au cin\u00e9ma avec un casting 5 \u00e9toiles"},"content":{"rendered":"<p>Les m\u00e9saventures de Millie vont-elles rencontrer un aussi grand succ\u00e8s au cin\u00e9ma\u00a0? Publi\u00e9 pour la premi\u00e8re fois en 2022 avant de s\u2019inviter dans les librairies fran\u00e7aises en 2023, <strong>le roman La Femme de M\u00e9nage de l\u2019autrice am\u00e9ricaine Freida McFadden<\/strong> est un bestseller que l\u2019on ne pr\u00e9sente plus. \u00c0 sa parution, le thriller aux nombreux rebondissements n\u2019a pas tard\u00e9 \u00e0 s\u2019\u00e9riger en nouvelle p\u00e9pite star <a href=\"https:\/\/www-journaldugeek-com.webpkgcache.com\/doc\/-\/s\/www.journaldugeek.com\/2021\/03\/26\/tiktok-booste-la-vente-de-livres-aux-etats-unis-via-la-tendance-booktok\/\" rel=\"nofollow noopener\" target=\"_blank\">du mouvement Booktok sur TikTok.<\/a> Une popularit\u00e9 fulgurante qui a d\u2019ailleurs permis au livre de devenir une v\u00e9ritable saga litt\u00e9raire. Aujourd\u2019hui, on peut \u00e9galement retrouver Les Secrets de la femme de m\u00e9nage, La femme de m\u00e9nage voit tout ainsi que La femme de m\u00e9nage se marie sur les \u00e9talages des magasins.<\/p>\n<p>Il \u00e9tait donc grand temps qu\u2019Hollywood s\u2019empare du ph\u00e9nom\u00e8ne pour l\u2019adapter sur grand \u00e9cran. Le projet de long-m\u00e9trage est en pr\u00e9paration depuis quelque temps maintenant et celui-ci est fin pr\u00eat \u00e0 s\u2019inviter dans les salles de cin\u00e9ma pour la fin d\u2019ann\u00e9e. Chez nous,<strong> la version cin\u00e9matographique du roman culte s\u2019invitera dans les salles obscures d\u00e8s le 24 d\u00e9cembre 2025.<\/strong> La promotion du long-m\u00e9trage d\u00e9bute enfin avec de premi\u00e8res images exclusives partag\u00e9es par le magazine am\u00e9ricain People.<\/p>\n<blockquote class=\"instagram-media\" style=\"background: #FFF; border: 0; border-radius: 3px; box-shadow: 0 0 1px 0 rgba(0,0,0,0.5),0 1px 10px 0 rgba(0,0,0,0.15); margin: 1px; max-width: 540px; min-width: 326px; padding: 0; width: calc(100% - 2px);\" data-instgrm-captioned=\"\" data-instgrm-permalink=\"https:\/\/www.instagram.com\/p\/DObD3umjqcM\/?utm_source=ig_embed&amp;utm_campaign=loading\" data-instgrm-version=\"14\"><\/blockquote>\n<p>  Un aper\u00e7u de tous les personnages principaux <\/p>\n<p>Gr\u00e2ce \u00e0 son statut de bestseller, l\u2019\u0153uvre de Freida McFadden s\u2019offre les talents d\u2019acteurs de renom pour donner vie au r\u00e9cit sur grand \u00e9cran. On retrouve donc <strong>Amanda Seyfried dans le r\u00f4le de Nina Winchester,<\/strong> la jeune femme ais\u00e9e qui d\u00e9cide d\u2019embaucher <strong>Millie, interpr\u00e9t\u00e9e par Sydney Sweeney,<\/strong> afin de mettre de l\u2019ordre dans sa maison. Mais si la jeune aide m\u00e9nag\u00e8re pense avoir touch\u00e9 le gros lot en travaillant pour la famille Winchester, ce foyer cache en r\u00e9alit\u00e9 de lourds secrets.<\/p>\n<blockquote class=\"instagram-media\" style=\"background: #FFF; border: 0; border-radius: 3px; box-shadow: 0 0 1px 0 rgba(0,0,0,0.5),0 1px 10px 0 rgba(0,0,0,0.15); margin: 1px; max-width: 540px; min-width: 326px; padding: 0; width: calc(100% - 2px);\" data-instgrm-captioned=\"\" data-instgrm-permalink=\"https:\/\/www.instagram.com\/reel\/DOedfAwkt-U\/?utm_source=ig_embed&amp;utm_campaign=loading\" data-instgrm-version=\"14\"><\/blockquote>\n<p>Les photos publi\u00e9es sur le compte Instagram de People permettent \u00e9galement d\u2019apercevoir <strong>Brandon Skennar dans le r\u00f4le d\u2019Andrew Winchester,<\/strong> le riche mari, ainsi que <strong>Michele Morrone dans le r\u00f4le d\u2019Enzo,<\/strong> le t\u00e9n\u00e9breux jardinier. Un court teaser a \u00e9galement \u00e9t\u00e9 publi\u00e9 sur les r\u00e9seaux sociaux officiels du film, o\u00f9 l\u2019on peut entendre une interaction entre Nina et Millie accompagn\u00e9e de visuels de la fameuse maison de Long Island. Le r\u00e9alisateur Paul Feig a d\u00e9j\u00e0 promis que le film sera \u201ctr\u00e8s fid\u00e8le au roman\u201c, rendez-vous en salles le 24 d\u00e9cembre prochain pour d\u00e9couvrir ce qu\u2019il en est.<\/p>\n<blockquote>\n<p class=\"text-base text-neutral-700 dark:text-neutral-300\">\ud83d\udfe3 Pour ne manquer aucune news sur le Journal du Geek, abonnez-vous sur <a href=\"https:\/\/news.google.com\/publications\/CAAqBwgKMNr_hAswwYyCAw?hl=fr&amp;gl=FR&amp;ceid=FR%3Afr\" target=\"_blank\" rel=\"nofollow noopener\">Google Actualit\u00e9s<\/a> et sur <a href=\"https:\/\/whatsapp.com\/channel\/0029VaClM5y4tRry12tb7D2h\" target=\"_blank\" rel=\"nofollow noopener\">notre WhatsApp<\/a>. Et si vous nous adorez, on a <a href=\"https:\/\/www.journaldugeek.com\/newsletter\/\" target=\"_blank\" rel=\"nofollow noopener\">une newsletter tous les matins<\/a>.<\/p>\n<\/blockquote>\n<p>                  <script async src=\"\/\/www.instagram.com\/embed.js\"><\/script><\/p>\n","protected":false},"excerpt":{"rendered":"Les m\u00e9saventures de Millie vont-elles rencontrer un aussi grand succ\u00e8s au cin\u00e9ma\u00a0? Publi\u00e9 pour la premi\u00e8re fois en&hellip;\n","protected":false},"author":2,"featured_media":385529,"comment_status":"","ping_status":"","sticky":false,"template":"","format":"standard","meta":{"footnotes":""},"categories":[1354],"tags":[58,59,1346,1011,27,1360],"class_list":{"0":"post-385528","1":"post","2":"type-post","3":"status-publish","4":"format-standard","5":"has-post-thumbnail","7":"category-films","8":"tag-divertissement","9":"tag-entertainment","10":"tag-films","11":"tag-fr","12":"tag-france","13":"tag-movies"},"share_on_mastodon":{"url":"","error":""},"_links":{"self":[{"href":"https:\/\/www.europesays.com\/fr\/wp-json\/wp\/v2\/posts\/385528","targetHints":{"allow":["GET"]}}],"collection":[{"href":"https:\/\/www.europesays.com\/fr\/wp-json\/wp\/v2\/posts"}],"about":[{"href":"https:\/\/www.europesays.com\/fr\/wp-json\/wp\/v2\/types\/post"}],"author":[{"embeddable":true,"href":"https:\/\/www.europesays.com\/fr\/wp-json\/wp\/v2\/users\/2"}],"replies":[{"embeddable":true,"href":"https:\/\/www.europesays.com\/fr\/wp-json\/wp\/v2\/comments?post=385528"}],"version-history":[{"count":0,"href":"https:\/\/www.europesays.com\/fr\/wp-json\/wp\/v2\/posts\/385528\/revisions"}],"wp:featuredmedia":[{"embeddable":true,"href":"https:\/\/www.europesays.com\/fr\/wp-json\/wp\/v2\/media\/385529"}],"wp:attachment":[{"href":"https:\/\/www.europesays.com\/fr\/wp-json\/wp\/v2\/media?parent=385528"}],"wp:term":[{"taxonomy":"category","embeddable":true,"href":"https:\/\/www.europesays.com\/fr\/wp-json\/wp\/v2\/categories?post=385528"},{"taxonomy":"post_tag","embeddable":true,"href":"https:\/\/www.europesays.com\/fr\/wp-json\/wp\/v2\/tags?post=385528"}],"curies":[{"name":"wp","href":"https:\/\/api.w.org\/{rel}","templated":true}]}}