{"id":385530,"date":"2025-09-12T14:56:08","date_gmt":"2025-09-12T14:56:08","guid":{"rendered":"https:\/\/www.europesays.com\/fr\/385530\/"},"modified":"2025-09-12T14:56:08","modified_gmt":"2025-09-12T14:56:08","slug":"cest-quoi-la-maladie-du-foie-gras-qui-provoque-cancers-et-cirrhoses","status":"publish","type":"post","link":"https:\/\/www.europesays.com\/fr\/385530\/","title":{"rendered":"c&rsquo;est quoi la \u00ab\u00a0maladie du foie gras\u00a0\u00bb, qui provoque cancers et cirrhoses"},"content":{"rendered":"<p>            Par<br \/>\n        <strong><br \/>\n            <a href=\"https:\/\/actu.fr\/auteur\/redaction-actu\" title=\"Consulter tous les articles de R\u00e9daction Actu\" target=\"_blank\" rel=\"noopener\">R\u00e9daction Actu<\/a><br \/>\n        <\/strong><\/p>\n<p>        Publi\u00e9 le<\/p>\n<p>            12 sept. 2025 \u00e0 11h29        <\/p>\n<p>Cette maladie touche au moins un Fran\u00e7ais sur cinq. Pourtant, elle reste m\u00e9connue du grand public. Elle est provoqu\u00e9e par une accumulation de graisse dans le foie, en dehors de toute consommation d\u2019alcool, pouvant conduire \u00e0 la cirrhose, puis au cancer. Son nom : la \u00ab\u00a0<a href=\"https:\/\/actu.fr\/societe\/sante-c-est-quoi-cette-maladie-du-foie-gras-pour-laquelle-un-premier-traitement-vient-d-etre-trouve_60837092.html\" target=\"_blank\" rel=\"noopener\">maladie du foie gras<\/a>\u00ab\u00a0, ou st\u00e9atose h\u00e9patique m\u00e9tabolique.\u00a0<\/p>\n<p class=\" wall-content\">La pathologie \u00ab\u00a0conna\u00eet une <strong>progression spectaculaire et constante<\/strong>, qui pose de nouvelles probl\u00e9matiques de sant\u00e9 publique\u00a0\u00bb, signale le CHU d\u2019Angers, sur une <a href=\"https:\/\/www.chu-angers.fr\/offre-de-soins\/prevention-et-sante-publique\/bien-vivre-au-quotidien\/promotion-et-education-a-la-sante\/les-maladies-du-foie-ont-bien-change-depuis-20-ans--141718.kjsp\" target=\"_blank\" rel=\"noopener\">page d\u00e9di\u00e9e<\/a>.\u00a0Elle revient sur le devant de la sc\u00e8ne \u00e0 l\u2019occasion d\u2019une r\u00e9union organis\u00e9e les 11 et 12 septembre 2025 \u00e0 l\u2019Institut Pasteur, \u00e0 Paris, du nom de <a href=\"https:\/\/paris-mash.org\/\" target=\"_blank\" rel=\"noopener\">Paris Mash Meeting<\/a>.\u00a0<\/p>\n<p>Augmentation fulgurante<\/p>\n<p class=\" wall-content\">Associ\u00e9e \u00e0 l\u2019\u00e9pid\u00e9mie d\u2019ob\u00e9sit\u00e9 et de diab\u00e8te, la st\u00e9atose h\u00e9patique non alcoolique a pour point de d\u00e9part \u00ab\u00a0un d\u00e9s\u00e9quilibre entre les apports et les d\u00e9penses caloriques\u00a0\u00bb, rappelle le CHU d\u2019Angers. La surconsommation de nourriture, la s\u00e9dentarit\u00e9, ont provoqu\u00e9 une augmentation fulgurante du nombre de personnes avec la \u00ab\u00a0maladie du foie gras\u00a0\u00bb.\u00a0<\/p>\n<p class=\" wall-content\">D\u2019ailleurs, le constat est sans appel : elle \u00ab\u00a0sera prochainement la <strong>premi\u00e8re cause de greffe de foie<\/strong>\u00ab\u00a0, assure le <a href=\"https:\/\/www.chu-lyon.fr\/journee-mondiale-foie-gras-soda-nash\" target=\"_blank\" rel=\"noopener\">CHU de Lyon<\/a>. Elle affecte principalement les individus en surpoids, ceux souffrant de diab\u00e8te de type 2 ou pr\u00e9sentant un syndrome m\u00e9tabolique.\u00a0<\/p>\n<p class=\" wall-content\">\u00c0 l\u2019origine, la st\u00e9atose h\u00e9patique m\u00e9tabolique n\u2019est pas n\u00e9cessairement grave, elle le devient quand le foie d\u00e9veloppe une h\u00e9patite. Dans ce cas, on parle alors plus pr\u00e9cis\u00e9ment de \u00ab\u00a0st\u00e9atoh\u00e9patite associ\u00e9e \u00e0 un dysfonctionnement m\u00e9tabolique\u00a0\u00bb (ou MASH).<\/p>\n<p class=\" wall-content\">L\u2019inflammation ne dispara\u00eet pas et peut s\u2019aggraver au fil du temps, jusqu\u2019\u00e0 un <strong>risque de cancer h\u00e9patique<\/strong>, dans ses formes les plus graves.\u00a0<\/p>\n<p>Votre r\u00e9gion, votre actu !<\/p>\n<p>Recevez chaque jour les infos qui comptent pour vous.<\/p>\n<p>\t<a href=\"https:\/\/actu.fr\/newsletter\" class=\"ac-btn ac-btn--corner ac-btn--medium ac-btn--blue800\" target=\"_blank\" rel=\"noopener\">S&rsquo;incrire<\/a><br \/>\n\u00c9valuer le degr\u00e9 de fibrose<\/p>\n<p class=\" wall-content\">Mais point de fatalit\u00e9. Il est possible d\u2019identifier les patients \u00e0 risque et de les prendre en charge avant qu\u2019ils ne d\u00e9veloppent des complications.<\/p>\n<p class=\" wall-content\">Comme le rappelle le CHU d\u2019Angers, le plus important est d\u2019\u00e9valuer le degr\u00e9 de fibrose, qui constitue un indicateur important pour jauger la s\u00e9v\u00e9rit\u00e9 de la maladie.\u00a0<\/p>\n<p class=\" wall-content\">Si la biopsie constitue l\u2019examen de r\u00e9f\u00e9rence, <strong>plusieurs tests non invasifs sont disponibles<\/strong>, comme des tests sanguins ou sinon des appareils d\u2019\u00e9lastom\u00e9trie. Avec une sonde pos\u00e9e sur la peau, ces appareils mesurent en quelques minutes la duret\u00e9 du foie.<\/p>\n<p>Un traitement bient\u00f4t disponible ?<\/p>\n<p class=\" wall-content\">Du c\u00f4t\u00e9 des traitements, l\u2019objectif est avant tout de soulager le foie. Cela passe d\u2019abord par un changement de son mode de vie : on r\u00e9duit l\u2019exc\u00e9dent de gras stock\u00e9.<\/p>\n<p class=\" wall-content\">\u00ab\u00a0Une <strong>perte de poids de l\u2019ordre de 10 %<\/strong> du poids du corps permet une am\u00e9lioration de l\u2019\u00e9tat du foie dans 90 % des cas. Mais cela reste souvent difficile \u00e0 appliquer dans la dur\u00e9e\u00a0\u00bb, signale le CHU d\u2019Angers. Si le patient est \u00e9ligible, il est \u00e9galement possible d\u2019avoir recours \u00e0 la <a href=\"https:\/\/actu.fr\/societe\/chirurgie-bariatrique-contre-l-obesite-six-questions-sur-cette-intervention-pour-perdre-du-poids_60775046.html\" target=\"_blank\" rel=\"noopener\">chirurgie bariatrique<\/a>.\u00a0<\/p>\n<p class=\" wall-content\">Comme le rappelle <a href=\"https:\/\/www.ameli.fr\/assure\/sante\/themes\/steatose-hepatique\/traitement\" target=\"_blank\" rel=\"noopener\">l\u2019Assurance maladie<\/a>, il n\u2019existe pour l\u2019heure aucun traitement m\u00e9dicamenteux approuv\u00e9. N\u00e9anmoins, la recherche avance, avec notamment en ligne de mire le <strong>resmetiron<\/strong>, capable de moduler le m\u00e9tabolisme des graisses dans le foie.<\/p>\n<p class=\" wall-content\">\u00ab\u00a0Deux ans de traitement par Resmetiron semble am\u00e9liorer l\u2019\u00e9lasticit\u00e9 h\u00e9patique et l\u2019hypertension portale significative av\u00e9r\u00e9e chez pr\u00e8s de la moiti\u00e9 des patients ayant une cirrhose MASH avec un profil de tol\u00e9rance satisfaisant\u00a0\u00bb, avance <a href=\"https:\/\/www.fmcgastro.org\/breves-congres\/easl-2025\/resmetiron-dans-la-mash-les-cirrhotiques-aussi\/\" target=\"_blank\" rel=\"noopener\">l\u2019Association fran\u00e7aise de formation m\u00e9dicale continue en h\u00e9pato-gastro-ent\u00e9rologie<\/a>. De quoi donner de l\u2019espoir aux patients, en attente d\u2019un m\u00e9dicament efficace.\u00a0<\/p>\n<p class=\" wall-content\">Personnalisez votre actualit\u00e9 en ajoutant vos villes et m\u00e9dias en favori avec <a href=\"https:\/\/moncompte.actu.fr\" title=\"D\u00e9couvez Mon Actu\" rel=\"nofollow noopener\" data-trk=\"{&quot;cta&quot;:{&quot;action&quot;:&quot;https:\\\/\\\/moncompte.actu.fr&quot;,&quot;category&quot;:&quot;mon compte&quot;,&quot;from&quot;:&quot;article footer&quot;,&quot;name&quot;:&quot;Mon actu&quot;,&quot;type&quot;:&quot;cta&quot;}}\" target=\"_blank\">Mon Actu<\/a>.<\/p>\n","protected":false},"excerpt":{"rendered":"Par R\u00e9daction Actu Publi\u00e9 le 12 sept. 2025 \u00e0 11h29 Cette maladie touche au moins un Fran\u00e7ais sur&hellip;\n","protected":false},"author":2,"featured_media":385531,"comment_status":"","ping_status":"","sticky":false,"template":"","format":"standard","meta":{"footnotes":""},"categories":[10],"tags":[1011,27,72,226,71,104],"class_list":{"0":"post-385530","1":"post","2":"type-post","3":"status-publish","4":"format-standard","5":"has-post-thumbnail","7":"category-sante","8":"tag-fr","9":"tag-france","10":"tag-health","11":"tag-maladie","12":"tag-sante","13":"tag-societe"},"share_on_mastodon":{"url":"https:\/\/pubeurope.com\/@fr\/115191911816358887","error":""},"_links":{"self":[{"href":"https:\/\/www.europesays.com\/fr\/wp-json\/wp\/v2\/posts\/385530","targetHints":{"allow":["GET"]}}],"collection":[{"href":"https:\/\/www.europesays.com\/fr\/wp-json\/wp\/v2\/posts"}],"about":[{"href":"https:\/\/www.europesays.com\/fr\/wp-json\/wp\/v2\/types\/post"}],"author":[{"embeddable":true,"href":"https:\/\/www.europesays.com\/fr\/wp-json\/wp\/v2\/users\/2"}],"replies":[{"embeddable":true,"href":"https:\/\/www.europesays.com\/fr\/wp-json\/wp\/v2\/comments?post=385530"}],"version-history":[{"count":0,"href":"https:\/\/www.europesays.com\/fr\/wp-json\/wp\/v2\/posts\/385530\/revisions"}],"wp:featuredmedia":[{"embeddable":true,"href":"https:\/\/www.europesays.com\/fr\/wp-json\/wp\/v2\/media\/385531"}],"wp:attachment":[{"href":"https:\/\/www.europesays.com\/fr\/wp-json\/wp\/v2\/media?parent=385530"}],"wp:term":[{"taxonomy":"category","embeddable":true,"href":"https:\/\/www.europesays.com\/fr\/wp-json\/wp\/v2\/categories?post=385530"},{"taxonomy":"post_tag","embeddable":true,"href":"https:\/\/www.europesays.com\/fr\/wp-json\/wp\/v2\/tags?post=385530"}],"curies":[{"name":"wp","href":"https:\/\/api.w.org\/{rel}","templated":true}]}}