{"id":385532,"date":"2025-09-12T14:57:10","date_gmt":"2025-09-12T14:57:10","guid":{"rendered":"https:\/\/www.europesays.com\/fr\/385532\/"},"modified":"2025-09-12T14:57:10","modified_gmt":"2025-09-12T14:57:10","slug":"niakhate-ghezzal-et-satriano-aptes-pour-rennes","status":"publish","type":"post","link":"https:\/\/www.europesays.com\/fr\/385532\/","title":{"rendered":"Niakhat\u00e9, Ghezzal et Satriano aptes pour Rennes"},"content":{"rendered":"<p>                            <img width=\"770\" height=\"433\" src=\"https:\/\/www.europesays.com\/fr\/wp-content\/uploads\/2025\/09\/AFP__20250223__36YJ6KK__v1__HighRes__FblFraLigue1LyonPsg-770x433.jpg\" class=\"attachment-article size-article wp-post-image\" alt=\"Moussa Niakhat\u00e9 lors d'OL - PSG\" decoding=\"async\" fetchpriority=\"high\"  \/><\/p>\n<p>Moussa Niakhat\u00e9 lors d\u2019OL \u2013 PSG (Photo by Olivier CHASSIGNOLE \/ AFP)<\/p>\n<p>En manque de rythme pour certains ou victimes de quelques p\u00e9pins durant la semaine pour d\u2019autres, l\u2019OL sera au complet \u00e0 Rennes. Paulo Fonseca a confirm\u00e9 la pr\u00e9sence de tout son groupe en Bretagne.<\/p>\n<p>Encore une fois, il y a eu des larges sourires et rires durant le quart d\u2019heure d\u2019entra\u00eenement ouvert \u00e0 la presse ce vendredi matin \u00e0 D\u00e9cines. Sous le regard de Paulo\u00a0<strong>Fonseca<\/strong>\u00a0et de son staff, les joueurs de l\u2019<strong>OL<\/strong>\u00a0ont poursuivi leur pr\u00e9paration du match \u00e0 Rennes dans la bonne humeur. Il faut dire qu\u2019avec trois victoires en trois matchs, difficile de faire la fine bouche au moment de se projeter sur la quatri\u00e8me journ\u00e9e de Ligue 1 dimanche soir (20h45).<\/p>\n<p>Pourtant, la tr\u00eave internationale a donn\u00e9 quelques sueurs froides \u00e0 l\u2019encadrement lyonnais. Notamment avec le retour pr\u00e9matur\u00e9 de Moussa\u00a0<strong>Niakhat\u00e9<\/strong>\u00a0apr\u00e8s un\u00a0<a href=\"https:\/\/www.olympique-et-lyonnais.com\/ol-moussa-niakhate-blesse-au-genou,378997.html\" target=\"_blank\" rel=\"noopener\">p\u00e9pin au genou<\/a>\u00a0lors du premier match du S\u00e9n\u00e9gal. Plus de peur que de mal puisque le d\u00e9fenseur central \u00e9tait pr\u00e9sent \u00e0 l\u2019entra\u00eenement ce vendredi et tiendra sa place \u00e0 Rennes.\u00a0\u00ab\u00a0Tous les joueurs sont pr\u00eats. Moussa Niakhat\u00e9 est arriv\u00e9 avec un petit probl\u00e8me, mais il a fait l\u2019entrainement\u00a0\u00bb, a d\u00e9clar\u00e9 Paulo\u00a0<strong>Fonseca<\/strong>\u00a0en conf\u00e9rence de presse.<\/p>\n<p>Ghezzal rempla\u00e7ant \u00e0 Rennes<\/p>\n<p>Avec la pr\u00e9sence du S\u00e9n\u00e9galais, c\u2019est un probl\u00e8me en moins dans le secteur d\u00e9fensif qui se retrouve assez juste, particuli\u00e8rement en d\u00e9fense centrale. Pour ce rendez-vous en Bretagne, l\u2019OL sera donc au complet malgr\u00e9 quelques incertitudes durant la semaine. Absent de certaines s\u00e9quences vid\u00e9o en d\u00e9but de semaine, Martin\u00a0<strong>Satriano<\/strong>\u00a0pourrait faire ses d\u00e9buts avec l\u2019<strong>OL<\/strong>\u00a0dimanche. Ayant eu\u00a0\u00ab\u00a0un petit probl\u00e8me durant la semaine\u00a0\u00bb, l\u2019Uruguayen est\u00a0\u00ab\u00a0aujourd\u2019hui pr\u00eat pour l\u2019\u00e9quipe\u00a0\u00bb. De m\u00eame que Rachid\u00a0<strong>Ghezzal<\/strong>.<\/p>\n<p>Le D\u00e9cinois, de retour dans son club formateur ces derniers jours, va connaitre un premier d\u00e9placement m\u00eame s\u2019il d\u00e9butera sur le banc \u00e0 Rennes.\u00a0\u00ab\u00a0Il est bien physiquement, il a besoin de faire plus d\u2019entra\u00eenements, mais il est bien, il sera dans le groupe, il ne commencera pas \u00e0 jouer, mais il est pr\u00eat \u00e0 aider l\u2019\u00e9quipe.\u00a0\u00bb\u00a0M\u00eame si la couleur est interdite entre Rh\u00f4ne et Sa\u00f4ne, tous les voyants semblent au vert \u00e0 l\u2019OL.<\/p>\n","protected":false},"excerpt":{"rendered":"Moussa Niakhat\u00e9 lors d\u2019OL \u2013 PSG (Photo by Olivier CHASSIGNOLE \/ AFP) En manque de rythme pour certains&hellip;\n","protected":false},"author":2,"featured_media":385533,"comment_status":"","ping_status":"","sticky":false,"template":"","format":"standard","meta":{"footnotes":""},"categories":[9],"tags":[1011,27,66,241,978,60],"class_list":{"0":"post-385532","1":"post","2":"type-post","3":"status-publish","4":"format-standard","5":"has-post-thumbnail","7":"category-sports","8":"tag-fr","9":"tag-france","10":"tag-ligue-1","11":"tag-ol","12":"tag-olympique-lyonnais","13":"tag-sports"},"share_on_mastodon":{"url":"https:\/\/pubeurope.com\/@fr\/115191915782488667","error":""},"_links":{"self":[{"href":"https:\/\/www.europesays.com\/fr\/wp-json\/wp\/v2\/posts\/385532","targetHints":{"allow":["GET"]}}],"collection":[{"href":"https:\/\/www.europesays.com\/fr\/wp-json\/wp\/v2\/posts"}],"about":[{"href":"https:\/\/www.europesays.com\/fr\/wp-json\/wp\/v2\/types\/post"}],"author":[{"embeddable":true,"href":"https:\/\/www.europesays.com\/fr\/wp-json\/wp\/v2\/users\/2"}],"replies":[{"embeddable":true,"href":"https:\/\/www.europesays.com\/fr\/wp-json\/wp\/v2\/comments?post=385532"}],"version-history":[{"count":0,"href":"https:\/\/www.europesays.com\/fr\/wp-json\/wp\/v2\/posts\/385532\/revisions"}],"wp:featuredmedia":[{"embeddable":true,"href":"https:\/\/www.europesays.com\/fr\/wp-json\/wp\/v2\/media\/385533"}],"wp:attachment":[{"href":"https:\/\/www.europesays.com\/fr\/wp-json\/wp\/v2\/media?parent=385532"}],"wp:term":[{"taxonomy":"category","embeddable":true,"href":"https:\/\/www.europesays.com\/fr\/wp-json\/wp\/v2\/categories?post=385532"},{"taxonomy":"post_tag","embeddable":true,"href":"https:\/\/www.europesays.com\/fr\/wp-json\/wp\/v2\/tags?post=385532"}],"curies":[{"name":"wp","href":"https:\/\/api.w.org\/{rel}","templated":true}]}}