{"id":385534,"date":"2025-09-12T14:58:11","date_gmt":"2025-09-12T14:58:11","guid":{"rendered":"https:\/\/www.europesays.com\/fr\/385534\/"},"modified":"2025-09-12T14:58:11","modified_gmt":"2025-09-12T14:58:11","slug":"je-sais-quil-aime-mon-marion-cotillard-sa-jolie-declaration-a-guillaume-canet-apres-lannonce-de-leur-divorce","status":"publish","type":"post","link":"https:\/\/www.europesays.com\/fr\/385534\/","title":{"rendered":"\u00ab\u00a0Je sais qu\u2019il aime mon\u2026\u00a0\u00bb : Marion Cotillard, sa jolie d\u00e9claration \u00e0 Guillaume Canet apr\u00e8s l\u2019annonce de leur divorce"},"content":{"rendered":"<p>      R\u00e9sum\u00e9<\/p>\n<p>Marion Cotillard parle pour la premi\u00e8re fois de sa s\u00e9paration avec Guillaume Canet, soulignant leur respect mutuel et leur collaboration artistique toujours vivante.<\/p>\n<p>        Sommaire<\/p>\n<p> our la premi\u00e8re fois depuis l\u2019annonce de sa s\u00e9paration avec Guillaume Canet, <strong>Marion Cotillard<\/strong> prend la parole. Et elle le fait \u00e0 sa mani\u00e8re : tout en finesse, sans sensationnalisme ni amertume.<\/p>\n<p>Dans un entretien accord\u00e9 \u00e0 Madame Figaro, r\u00e9alis\u00e9 quelques jours seulement avant que<a href=\"https:\/\/www.public.fr\/marion-cotillard-et-guillaume-canet-annoncent-leur-rupture-apres-18-ans-damour\" target=\"_blank\" rel=\"noopener\"> leur rupture ne soit rendue publique par communiqu\u00e9<\/a>, l\u2019actrice oscaris\u00e9e \u00e9voque le p\u00e8re de ses enfants. Un homme avec lequel elle a partag\u00e9 plus de quinze ans de vie commune.<\/p>\n<p>Si l\u2019interview est avant tout centr\u00e9e sur sa carri\u00e8re, <strong>Guillaume Canet est finalement \u00e9voqu\u00e9 en toute fin d\u2019\u00e9change<\/strong>, dans une atmosph\u00e8re teint\u00e9e d\u2019\u00e9motion et d\u2019une l\u00e9g\u00e8re g\u00eane\u2026 comme si les mots peinaient \u00e0 sortir, mais qu\u2019il \u00e9tait impossible de ne pas les prononcer.<\/p>\n<p><strong>Une d\u00e9claration inattendue, sinc\u00e8re et pleine d\u2019\u00e9l\u00e9gance<\/strong><\/p>\n<p>Au moment de cette interview, <a href=\"https:\/\/www.public.fr\/tag\/marion-cotillard\" target=\"_blank\" rel=\"noopener\">Marion Cotillard<\/a> sait que l&rsquo;annonce de sa s\u00e9paration sera faite le lendemain.  Et pourtant, elle choisit ses mots avec tendresse et respect, loin de toute ranc\u0153ur. Interrog\u00e9e sur leur collaboration artistique, elle confie :<\/p>\n<blockquote class=\"wp-block-quote is-layout-flow wp-block-quote-is-layout-flow\">\n<p>\u201cOn aime travailler ensemble. C\u2019est un r\u00e9alisateur exceptionnel et un tr\u00e8s grand directeur d\u2019acteurs. Sans doute, car il est acteur lui-m\u00eame, qu\u2019il conna\u00eet l\u2019exp\u00e9rience de l\u2019int\u00e9rieur.\u201d<\/p>\n<\/blockquote>\n<p>Un hommage professionnel, certes, mais \u00e9galement personnel. Car au-del\u00e0 de leur histoire d\u2019amour, <strong>le duo form\u00e9 par Marion Cotillard et Guillaume Canet s\u2019est toujours nourri d\u2019une synergie artistique rare<\/strong>, qui a donn\u00e9 naissance \u00e0 de nombreux films marquants. Et leur sixi\u00e8me collaboration, Karma, qui sortira en salles le 21 octobre, semble en \u00eatre une nouvelle preuve \u00e9clatante.<\/p>\n<blockquote class=\"wp-block-quote is-layout-flow wp-block-quote-is-layout-flow\">\n<p>\u201cIl m\u2019a offert un r\u00f4le dans un film qui, je pense, va \u00eatre sublime et il a r\u00e9alis\u00e9 un de mes plus grands r\u00eaves : tourner avec Denis M\u00e9nochet, la cr\u00e8me de la cr\u00e8me des acteurs.\u201d<\/p>\n<p><strong>Une admiration intacte malgr\u00e9 la s\u00e9paration<\/strong><\/p>\n<p>Quand la question de la fronti\u00e8re entre vie priv\u00e9e et vie professionnelle est pos\u00e9e, Marion Cotillard ne se d\u00e9robe pas. Elle r\u00e9pond, avec une honn\u00eatet\u00e9 d\u00e9sarmante :<\/p>\n<blockquote class=\"wp-block-quote is-layout-flow wp-block-quote-is-layout-flow\">\n<p>\u00ab\u00a0Je ne sais pas, on ne se pose pas la question. Je sais qu\u2019il aime mon travail. Et moi, j\u2019adore \u00eatre dirig\u00e9e par lui, j\u2019ai une admiration sans bornes pour lui en tant que r\u00e9alisateur. Donc, \u00e7a suffit \u00e0 ce que cela fonctionne\u00a0\u00bb explique-t-elle. <\/p>\n<\/blockquote>\n<p>Pas de col\u00e8re, pas de regrets affich\u00e9s. Juste une <strong>forme de gratitude respectueuse<\/strong>, presque po\u00e9tique. Comme si, malgr\u00e9 la rupture, <strong>le lien entre eux restait intact<\/strong>, au moins sur le plan artistique. Une mani\u00e8re, peut-\u00eatre, de montrer que tout ne s\u2019arr\u00eate pas quand l\u2019amour change de forme.<\/p>\n<p><strong>Marion et Guillaume : une s\u00e9paration dans la discr\u00e9tion\u2026 mais pas sans \u00e9motion<\/strong><\/p>\n<p>Leur histoire a longtemps fait r\u00eaver. Deux figures majeures du cin\u00e9ma fran\u00e7ais, un couple discret, toujours uni dans l\u2019adversit\u00e9 comme dans le succ\u00e8s. Ensemble, ils ont eu deux enfants, Marcel et Louise, et partag\u00e9 l\u2019affiche comme les plateaux de tournage. Une complicit\u00e9 qui semblait ind\u00e9fectible.<\/p>\n<p>L\u2019annonce de leur s\u00e9paration a surpris, m\u00eame si certains observateurs avertis avaient not\u00e9 <a href=\"https:\/\/www.public.fr\/marion-cotillard-premiere-apparition-publique-depuis-lannonce-de-sa-rupture-davec-guillaume-canet-lactrice-rayonnante-chez-chanel\" target=\"_blank\" rel=\"noopener\">une <strong>pr\u00e9sence publique moins fr\u00e9quente c\u00f4te \u00e0 c\u00f4te<\/strong><\/a> ces derniers temps. Mais <strong>jamais un mot plus haut que l\u2019autre<\/strong>, jamais de d\u00e9bordements. \u00c0 l\u2019image de leur relation : digne, silencieuse, \u00e9l\u00e9gante.<\/p>\n<\/blockquote>\n<p>      Mentionn\u00e9s dans cet article<\/p>\n<p>      Sur le m\u00eame sujet<\/p>\n","protected":false},"excerpt":{"rendered":"R\u00e9sum\u00e9 Marion Cotillard parle pour la premi\u00e8re fois de sa s\u00e9paration avec Guillaume Canet, soulignant leur respect mutuel&hellip;\n","protected":false},"author":2,"featured_media":385535,"comment_status":"","ping_status":"","sticky":false,"template":"","format":"standard","meta":{"footnotes":""},"categories":[8],"tags":[1193,58,7681,59,1011,27,12574,34774],"class_list":{"0":"post-385534","1":"post","2":"type-post","3":"status-publish","4":"format-standard","5":"has-post-thumbnail","7":"category-divertissement","8":"tag-couple","9":"tag-divertissement","10":"tag-divorce","11":"tag-entertainment","12":"tag-fr","13":"tag-france","14":"tag-guillaume-canet","15":"tag-marion-cotillard"},"share_on_mastodon":{"url":"https:\/\/pubeurope.com\/@fr\/115191919726126896","error":""},"_links":{"self":[{"href":"https:\/\/www.europesays.com\/fr\/wp-json\/wp\/v2\/posts\/385534","targetHints":{"allow":["GET"]}}],"collection":[{"href":"https:\/\/www.europesays.com\/fr\/wp-json\/wp\/v2\/posts"}],"about":[{"href":"https:\/\/www.europesays.com\/fr\/wp-json\/wp\/v2\/types\/post"}],"author":[{"embeddable":true,"href":"https:\/\/www.europesays.com\/fr\/wp-json\/wp\/v2\/users\/2"}],"replies":[{"embeddable":true,"href":"https:\/\/www.europesays.com\/fr\/wp-json\/wp\/v2\/comments?post=385534"}],"version-history":[{"count":0,"href":"https:\/\/www.europesays.com\/fr\/wp-json\/wp\/v2\/posts\/385534\/revisions"}],"wp:featuredmedia":[{"embeddable":true,"href":"https:\/\/www.europesays.com\/fr\/wp-json\/wp\/v2\/media\/385535"}],"wp:attachment":[{"href":"https:\/\/www.europesays.com\/fr\/wp-json\/wp\/v2\/media?parent=385534"}],"wp:term":[{"taxonomy":"category","embeddable":true,"href":"https:\/\/www.europesays.com\/fr\/wp-json\/wp\/v2\/categories?post=385534"},{"taxonomy":"post_tag","embeddable":true,"href":"https:\/\/www.europesays.com\/fr\/wp-json\/wp\/v2\/tags?post=385534"}],"curies":[{"name":"wp","href":"https:\/\/api.w.org\/{rel}","templated":true}]}}