{"id":385536,"date":"2025-09-12T14:59:12","date_gmt":"2025-09-12T14:59:12","guid":{"rendered":"https:\/\/www.europesays.com\/fr\/385536\/"},"modified":"2025-09-12T14:59:12","modified_gmt":"2025-09-12T14:59:12","slug":"apple-alerte-des-francais-victimes-despionnage-sur-leur-iphone","status":"publish","type":"post","link":"https:\/\/www.europesays.com\/fr\/385536\/","title":{"rendered":"Apple alerte des Fran\u00e7ais victimes d\u2019espionnage sur leur iPhone"},"content":{"rendered":"<p>En bref<\/p>\n<ul class=\"ed__lists ed__bdy__l\">\n<li>Apple alerte des Franc\u0327ais cible\u0301s par une nouvelle campagne d\u2019espionnage sur iPhone.<\/li>\n<li>L\u2019Anssi confirme la menace et pre\u0301cise les risques lie\u0301s aux logiciels espions sophistique\u0301s.<\/li>\n<li>Les victimes doivent contacter le CERT-FR, conserver l\u2019alerte et e\u0301viter toute modification de l&rsquo;appareil.<\/li>\n<\/ul>\n<p class=\"ed__a-p ed__bdy__l\">L\u2019<a href=\"https:\/\/www.lesnumeriques.com\/mobilite-c17\/iphone-air-apple-tue-la-carte-sim-quelles-consequences-pour-les-utilisateurs-n242317.html\" title=\"iPhone Air : Apple tue la carte SIM, quelles cons\u00e9quences pour les utilisateurs\u2009?\" rel=\"nofollow noopener\" target=\"_blank\">iPhone<\/a> n\u2019est pas infaillible, et on sait d\u00e9j\u00e0 qu\u2019une armada de logiciels espions ultra-sophistiqu\u00e9s existe. Mauvaise nouvelle pour les Fran\u00e7ais : des alertes viennent d\u2019\u00eatre envoy\u00e9es aux personnes cibl\u00e9es par une r\u00e9cente campagne d\u2019espionnage. L\u2019Agence nationale de la s\u00e9curit\u00e9 des syst\u00e8mes d\u2019information (Anssi) a d\u2019ailleurs apport\u00e9 quelques pr\u00e9cisions, et conseils aux victimes.<\/p>\n<p>Que faire si vous avez re\u00e7u l\u2019alerte d\u2019espionnage d\u2019Apple sur vitre iPhone ?<\/p>\n<p class=\"ed__a-p ed__bdy__l\"><a href=\"https:\/\/www.lesnumeriques.com\/societe-numerique\/affaire-pegasus-le-documentaire-d-amnesty-international-qui-retrace-le-scandale-n209395.html\" rel=\"nofollow noopener\" target=\"_blank\">Pegasus<\/a>, Predator, Graphite ou Triangulation, cela ne vous dit rien ? Il s\u2019agit tout simplement de logiciels espions qui s\u00e9vissent sur iPhone, \u201cparticuli\u00e8rement sophistiqu\u00e9s et difficiles \u00e0 d\u00e9tecter\u201d d\u2019apr\u00e8s l\u2019Anssi.<\/p>\n<p class=\"ed__a-p ed__bdy__l\">Dans un rapport publi\u00e9 ce 11 septembre 2025, l\u2019agence explique que le CERT (Computer Emergency Response Team) \u2014\u00a0\u00e9quipe sp\u00e9cialis\u00e9e en cybers\u00e9curit\u00e9 d\u00e9di\u00e9e \u00e0 la gestion des incidents de s\u00e9curit\u00e9 informatique \u00e0 grande \u00e9chelle \u2014 a d\u00e9tect\u00e9 une nouvelle campagne d\u2019espionnage en date du 3 septembre.<\/p>\n<p class=\"ed__a-p ed__bdy__l\">R\u00e9sultat : des notifications iMessage et des mails d\u2019alerte ont \u00e9t\u00e9 envoy\u00e9s par Apple aux personnes poss\u00e9dant un iPhone concern\u00e9 par cet incident. \u201cLa r\u00e9ception d\u2019une notification signifie qu\u2019a minima un des appareils li\u00e9s au compte iCloud a \u00e9t\u00e9 cibl\u00e9 et serait potentiellement compromis\u201d, souligne ainsi l\u2019Anssi.<\/p>\n","protected":false},"excerpt":{"rendered":"En bref Apple alerte des Franc\u0327ais cible\u0301s par une nouvelle campagne d\u2019espionnage sur iPhone. L\u2019Anssi confirme la menace&hellip;\n","protected":false},"author":2,"featured_media":385537,"comment_status":"","ping_status":"","sticky":false,"template":"","format":"standard","meta":{"footnotes":""},"categories":[7],"tags":[1011,27,43,40,41,39,42,44],"class_list":{"0":"post-385536","1":"post","2":"type-post","3":"status-publish","4":"format-standard","5":"has-post-thumbnail","7":"category-sciences-et-technologies","8":"tag-fr","9":"tag-france","10":"tag-science","11":"tag-science-and-technology","12":"tag-sciences","13":"tag-sciences-et-technologies","14":"tag-technologies","15":"tag-technology"},"share_on_mastodon":{"url":"https:\/\/pubeurope.com\/@fr\/115191923742088224","error":""},"_links":{"self":[{"href":"https:\/\/www.europesays.com\/fr\/wp-json\/wp\/v2\/posts\/385536","targetHints":{"allow":["GET"]}}],"collection":[{"href":"https:\/\/www.europesays.com\/fr\/wp-json\/wp\/v2\/posts"}],"about":[{"href":"https:\/\/www.europesays.com\/fr\/wp-json\/wp\/v2\/types\/post"}],"author":[{"embeddable":true,"href":"https:\/\/www.europesays.com\/fr\/wp-json\/wp\/v2\/users\/2"}],"replies":[{"embeddable":true,"href":"https:\/\/www.europesays.com\/fr\/wp-json\/wp\/v2\/comments?post=385536"}],"version-history":[{"count":0,"href":"https:\/\/www.europesays.com\/fr\/wp-json\/wp\/v2\/posts\/385536\/revisions"}],"wp:featuredmedia":[{"embeddable":true,"href":"https:\/\/www.europesays.com\/fr\/wp-json\/wp\/v2\/media\/385537"}],"wp:attachment":[{"href":"https:\/\/www.europesays.com\/fr\/wp-json\/wp\/v2\/media?parent=385536"}],"wp:term":[{"taxonomy":"category","embeddable":true,"href":"https:\/\/www.europesays.com\/fr\/wp-json\/wp\/v2\/categories?post=385536"},{"taxonomy":"post_tag","embeddable":true,"href":"https:\/\/www.europesays.com\/fr\/wp-json\/wp\/v2\/tags?post=385536"}],"curies":[{"name":"wp","href":"https:\/\/api.w.org\/{rel}","templated":true}]}}