{"id":385542,"date":"2025-09-12T15:02:14","date_gmt":"2025-09-12T15:02:14","guid":{"rendered":"https:\/\/www.europesays.com\/fr\/385542\/"},"modified":"2025-09-12T15:02:14","modified_gmt":"2025-09-12T15:02:14","slug":"thomas-legrand-donne-sa-version-des-faits-au-micro-de-france-inter-tout-est-tronque","status":"publish","type":"post","link":"https:\/\/www.europesays.com\/fr\/385542\/","title":{"rendered":"Thomas Legrand donne sa version des faits au micro de France Inter\u00a0: \u00ab\u00a0Tout est tronqu\u00e9\u00a0\u00bb"},"content":{"rendered":"<p>        <img decoding=\"async\" loading=\"lazy\" src=\"https:\/\/www.europesays.com\/fr\/wp-content\/uploads\/2025\/09\/f3bc0f1_upload-1-qdukueg897pw-screenshot-2025-09-12-14-53-31.png\"  width=\"728\" height=\"410\" alt=\"Thomas Legrand, ici au micro de France Inter, au mois d\u2019avril 2025.\"\/>  <\/p>\n<p>Capture d\u2019\u00e9cran France Inter<\/p>\n<p>Thomas Legrand, ici au micro de France Inter, au mois d\u2019avril 2025.<\/p>\n<p class=\"asset asset-text\">M\u00c9DIAS &#8211; \u00ab\u00a0Quand c\u2019est film\u00e9, et que c\u2019est mont\u00e9\u00a0: \u00e7a cr\u00e9e le \u201cCoucou Gate\u201d.\u00a0\u00bb Ces mots, ce sont ceux de <a href=\"https:\/\/www.huffingtonpost.fr\/medias\/article\/thomas-legrand-suspendu-par-france-inter-apres-une-video-compromettante-et-anti-dati-avec-des-cadres-ps_254486.html\" target=\"_blank\" rel=\"noopener\">Thomas Legrand<\/a> qui, ce vendredi 12\u00a0septembre, s\u2019est exprim\u00e9 de vive voix pour la premier fois \u00e0 l\u2019antenne de <a href=\"https:\/\/www.huffingtonpost.fr\/medias\/article\/mon-petit-france-inter-la-premiere-radio-de-france-va-se-decliner-en-version-pour-les-enfants_254439.html\" target=\"_blank\" rel=\"noopener\">France Inter<\/a> pour \u00e9tablir sa v\u00e9rit\u00e9 concernant la pol\u00e9mique l\u2019entourant lui et <a href=\"https:\/\/www.huffingtonpost.fr\/medias\/article\/patrick-cohen-va-deposer-plainte-apres-la-publication-de-ses-echanges-prives-avec-des-cadres-ps_254512.html\" target=\"_blank\" rel=\"noopener\">Patrick Cohen<\/a>, accus\u00e9s d\u2019avoir manqu\u00e9 de neutralit\u00e9 journalistique.<\/p>\n<p class=\"asset asset-text\">\u00ab\u00a0On ne peut prendre aucune d\u00e9cision ou jugement avec ce qui a \u00e9t\u00e9 diffus\u00e9. C\u2019est un montage, a martel\u00e9 le journaliste. Sur une des minutes qui a \u00e9t\u00e9 diffus\u00e9e, il y a onze points de montage. Je ne sais m\u00eame pas si le d\u00e9but correspond \u00e0 la fin. Tout est tronqu\u00e9. Je demande aux auditeurs de ne prendre aucune d\u00e9cision en fonction de ce qui est un montage ou une manipulation.\u00a0\u00bb<\/p>\n<p class=\"asset asset-text\">Dans une s\u00e9quence mise en ligne par le m\u00e9dia d\u2019extr\u00eame droite L\u2019Incorrect tout d\u00e9but septembre, Thomas Legrand et son confr\u00e8re Patrick Cohen sont aper\u00e7us en train d\u2019\u00e9changer avec Pierre Jouvet, secr\u00e9taire g\u00e9n\u00e9ral du PS, et Luc Broussy, pr\u00e9sident du conseil national du m\u00eame parti.<\/p>\n<p class=\"asset asset-text\">Au cours de leur discussion, o\u00f9 est aussi \u00e9voqu\u00e9e la strat\u00e9gie de la gauche en vue de la pr\u00e9sidentielle de 2027, Thomas Legrand d\u00e9clare notamment\u00a0: \u00ab\u00a0nous avons\u00a0fait ce qu\u2019il faut pour Dati, Patrick et moi.\u00a0\u00bb Des propos qui lui ont valu d\u2019\u00eatre accus\u00e9 d\u2019avoir pris parti contre la ministre sortante de la Culture.<\/p>\n<p>                     L\u2019invitation au Coucou    <\/p>\n<p class=\"asset asset-text\">Dans un message publi\u00e9 sur X, cette derni\u00e8re, investie comme candidate des R\u00e9publicains \u00e0 la mairie de Paris, a demand\u00e9 que des mesures soient prises envers les deux chroniqueurs, d\u00e9non\u00e7ant des \u00ab\u00a0propos graves et contraires \u00e0 la d\u00e9ontologie\u00a0\u00bb.<\/p>\n<p class=\"asset asset-text\">\u00ab\u00a0Complot\u00a0\u00bb, \u00ab\u00a0infiltration\u00a0\u00bb, \u00ab\u00a0mafia\u00a0\u00bb\u2026 Tr\u00e8s rapidement, les critiques ont fus\u00e9 envers les deux journalistes, aussi bien du c\u00f4t\u00e9 des R\u00e9publicains, que du Rassemblement national et de La France insoumise. Si Patrick Cohen a \u00e9t\u00e9 maintenu chez France Inter, Thomas Legrand a pour sa part renonc\u00e9 \u00e0 animer l\u2019\u00e9mission de d\u00e9bat qu\u2019il devait pr\u00e9senter chaque dimanche.<\/p>\n<p class=\"asset asset-text\">Ce vendredi, il en dit plus. \u00ab\u00a0Ce rendez-vous au caf\u00e9 Le Coucou, dans le 7e arrondissement de Paris, m\u2019a \u00e9t\u00e9 demand\u00e9 par un socialiste que je connais. Il voulait me pr\u00e9senter Pierre Jouvet, que je ne connaissais pas.\u00a0\u00bb Surtout, pr\u00e9cise-t-il, \u00ab\u00a0ils voulaient que je leur pr\u00e9sente Patrick Cohen parce qu\u2019ils n\u2019\u00e9taient pas contents de l\u2019\u00e9dito qu\u2019il avait fait chez France Inter, et du mien dans Lib\u00e9ration.\u00a0\u00bb<\/p>\n<p class=\"asset asset-text\">Patrick Cohen \u00e9tait l\u00e0 au titre de France Inter, radio du service public pour laquelle il est \u00e9ditorialiste depuis cette saison. Thomas Legrand, celui de Lib\u00e9ration. En aucun cas pour ses \u00e9missions En qu\u00eate de politique, qu\u2019il animait chaque semaine sur la premi\u00e8re radio de France jusqu\u2019au mois de juin dernier.<\/p>\n<p>    Sibyle Veil et Delphine Ernotte \u00e0 l\u2019Arcom    <\/p>\n<p class=\"asset asset-text\">\u00ab\u00a0Le d\u00e9but de notre conversation \u00e9tait un petit peu tendu, parce qu\u2019ils n\u2019\u00e9taient pas contents. C\u2019\u00e9tait une explication de gravure. Et c\u2019est normal. En tant qu\u2019\u00e9ditorialiste, je commente. Je leur dois des explications quand ils ne sont pas contents\u00a0\u00bb, pr\u00e9cise Thomas Legrand.<\/p>\n<p class=\"asset asset-text\">Avant d\u2019ajouter\u00a0: \u00ab\u00a0Je fais des analyses. Et tout ce que j\u2019ai dit dans ce restaurant, je l\u2019ai \u00e9crit dans Lib\u00e9ration. Je sais que c\u2019est tr\u00e8s compliqu\u00e9 \u00e0 comprendre pour les auditeurs, mais on doit rencontrer des hommes politiques. \u00c7a se passe bien, \u00e7a se passe mal\u2026 Et quand \u00e7a se passe mal, on essaye d\u2019avoir l\u2019air plus sympa avec eux.\u00a0\u00bb<\/p>\n<p class=\"asset asset-text\">Un point de vue partag\u00e9 par Patrick Cohen qui, \u00e0 l\u2019antenne de C \u00e0 vous, a alert\u00e9 sur \u00ab\u00a0les bouts de phrase\u00a0\u00bb de leur discussion pris au hasard et d\u00e9nonc\u00e9 le caract\u00e8re \u00ab\u00a0compl\u00e8tement manipulatoire\u00a0\u00bb. Tandis que les deux hommes ont annonc\u00e9 vouloir porter plainte, le PS s\u2019est, lui, d\u00e9fendu en assurant qu\u2019\u00ab\u00a0aucune collusion n\u2019existait\u00a0\u00bb entre le parti et les journalistes.<\/p>\n<p class=\"asset asset-text\">Une probl\u00e9matique \u00e0 laquelle les deux cheffes de France T\u00e9l\u00e9visions et Radio France, Delphine Ernotte et Sibyle Veil, devront de leurs c\u00f4t\u00e9s r\u00e9pondre prochainement dans le cadre d\u2019une audition \u00e0 huis clos \u00e0 l\u2019Arcom, le gendarme de l\u2019audiovisuel. Le comit\u00e9 d\u2019\u00e9thique de France TV a estim\u00e9 pour sa part que Patrick Cohen n\u2019est pas en faute.<\/p>\n","protected":false},"excerpt":{"rendered":"Capture d\u2019\u00e9cran France Inter Thomas Legrand, ici au micro de France Inter, au mois d\u2019avril 2025. M\u00c9DIAS &#8211;&hellip;\n","protected":false},"author":2,"featured_media":385543,"comment_status":"","ping_status":"","sticky":false,"template":"","format":"standard","meta":{"footnotes":""},"categories":[4],"tags":[11,251,1011,27,9102,500,12,316,25],"class_list":{"0":"post-385542","1":"post","2":"type-post","3":"status-publish","4":"format-standard","5":"has-post-thumbnail","7":"category-france","8":"tag-actualites","9":"tag-culture","10":"tag-fr","11":"tag-france","12":"tag-france-inter","13":"tag-medias","14":"tag-news","15":"tag-politique","16":"tag-republique-francaise"},"share_on_mastodon":{"url":"https:\/\/pubeurope.com\/@fr\/115191935592500558","error":""},"_links":{"self":[{"href":"https:\/\/www.europesays.com\/fr\/wp-json\/wp\/v2\/posts\/385542","targetHints":{"allow":["GET"]}}],"collection":[{"href":"https:\/\/www.europesays.com\/fr\/wp-json\/wp\/v2\/posts"}],"about":[{"href":"https:\/\/www.europesays.com\/fr\/wp-json\/wp\/v2\/types\/post"}],"author":[{"embeddable":true,"href":"https:\/\/www.europesays.com\/fr\/wp-json\/wp\/v2\/users\/2"}],"replies":[{"embeddable":true,"href":"https:\/\/www.europesays.com\/fr\/wp-json\/wp\/v2\/comments?post=385542"}],"version-history":[{"count":0,"href":"https:\/\/www.europesays.com\/fr\/wp-json\/wp\/v2\/posts\/385542\/revisions"}],"wp:featuredmedia":[{"embeddable":true,"href":"https:\/\/www.europesays.com\/fr\/wp-json\/wp\/v2\/media\/385543"}],"wp:attachment":[{"href":"https:\/\/www.europesays.com\/fr\/wp-json\/wp\/v2\/media?parent=385542"}],"wp:term":[{"taxonomy":"category","embeddable":true,"href":"https:\/\/www.europesays.com\/fr\/wp-json\/wp\/v2\/categories?post=385542"},{"taxonomy":"post_tag","embeddable":true,"href":"https:\/\/www.europesays.com\/fr\/wp-json\/wp\/v2\/tags?post=385542"}],"curies":[{"name":"wp","href":"https:\/\/api.w.org\/{rel}","templated":true}]}}