{"id":385548,"date":"2025-09-12T15:05:13","date_gmt":"2025-09-12T15:05:13","guid":{"rendered":"https:\/\/www.europesays.com\/fr\/385548\/"},"modified":"2025-09-12T15:05:13","modified_gmt":"2025-09-12T15:05:13","slug":"la-presence-policiere-renforcee-pour-assurer-la-securite-des-voyageurs","status":"publish","type":"post","link":"https:\/\/www.europesays.com\/fr\/385548\/","title":{"rendered":"la pr\u00e9sence polici\u00e8re renforc\u00e9e pour assurer la s\u00e9curit\u00e9 des voyageurs"},"content":{"rendered":"<p>\u00ab\u00a0La d\u00e9linquance transite dans les transports\u00a0\u00bb, assure Jonathan Rey, directeur interd\u00e9partemental adjoint de la police nationale de la Loire. Les moyens pour assurer la s\u00e9curit\u00e9 dans la gare de Saint-\u00c9tienne Ch\u00e2teaucreux ont donc \u00e9t\u00e9 renforc\u00e9s, selon le vice-pr\u00e9sident de la r\u00e9gion Auvergne-Rh\u00f4ne-Alpes (AuRA) Renaud Pfeffer, qui les a pr\u00e9sent\u00e9s ce vendredi 12\u00a0septembre.<\/p>\n<p><a href=\"https:\/\/www.leprogres.fr\/faits-divers-justice\/2024\/11\/15\/la-police-mene-une-operation-anti-fraude-et-securisation-a-la-gare\" target=\"_blank\" rel=\"noopener\">La police ferroviaire<\/a>\u00a0a notamment augment\u00e9 de 14\u00a0% ses heures d\u2019intervention dans la gare st\u00e9phanoise pour r\u00e9pondre \u00e0 l\u2019augmentation du nombre de passagers. Ils sont 300\u00a0000 de plus chaque ann\u00e9e selon Christophe Astruc, directeur r\u00e9gional adjoint des gares de la r\u00e9gion AuRA.<\/p>\n<p>  + 17\u00a0% d\u2019interpellations<\/p>\n<p>Une pr\u00e9sence renforc\u00e9e qui conduit \u00e0 davantage d\u2019interpellations. \u00ab\u00a0Plus 17\u00a0%\u00a0\u00bb, pr\u00e9cise Emmanuel Fernex de Mongex, directeur de la zone de s\u00fbret\u00e9 ferroviaire Sud-Est, \u00ab\u00a0notamment pour des ports d\u2019armes prohib\u00e9s et des stup\u00e9fiants \u00bb.<\/p>\n<p>La collaboration entre les services de s\u00e9curit\u00e9 a aussi \u00e9t\u00e9 am\u00e9lior\u00e9e. Aujourd\u2019hui, la police ferroviaire travaille avec les polices municipale et nationale pour maintenir l\u2019ordre. Une collaboration qui doit \u00ab\u00a0\u00eatre accentu\u00e9e\u00a0\u00bb dans l\u2019espoir d\u2019obtenir le label r\u00e9gional \u00ab\u00a0Gare s\u00e9curit\u00e9 renforc\u00e9e\u00a0\u00bb. \u00ab\u00a0Il sera sign\u00e9 tr\u00e8s vite\u00a0\u00bb, promet\u00a0Renaud Pfeffer.<\/p>\n","protected":false},"excerpt":{"rendered":"\u00ab\u00a0La d\u00e9linquance transite dans les transports\u00a0\u00bb, assure Jonathan Rey, directeur interd\u00e9partemental adjoint de la police nationale de la&hellip;\n","protected":false},"author":2,"featured_media":385549,"comment_status":"","ping_status":"","sticky":false,"template":"","format":"standard","meta":{"footnotes":""},"categories":[9653],"tags":[1111,11,2430,3542,7539,1777,674,1011,27,3367,12,25,4001,7538,2803],"class_list":{"0":"post-385548","1":"post","2":"type-post","3":"status-publish","4":"format-standard","5":"has-post-thumbnail","7":"category-saint-etienne","8":"tag-actu","9":"tag-actualites","10":"tag-auvergne-rhone-alpes","11":"tag-circulation","12":"tag-edition-loire-sud","13":"tag-eu","14":"tag-europe","15":"tag-fr","16":"tag-france","17":"tag-loire","18":"tag-news","19":"tag-republique-francaise","20":"tag-saint-etienne","21":"tag-saint-etienne-ville","22":"tag-transport"},"share_on_mastodon":{"url":"https:\/\/pubeurope.com\/@fr\/115191947183349554","error":""},"_links":{"self":[{"href":"https:\/\/www.europesays.com\/fr\/wp-json\/wp\/v2\/posts\/385548","targetHints":{"allow":["GET"]}}],"collection":[{"href":"https:\/\/www.europesays.com\/fr\/wp-json\/wp\/v2\/posts"}],"about":[{"href":"https:\/\/www.europesays.com\/fr\/wp-json\/wp\/v2\/types\/post"}],"author":[{"embeddable":true,"href":"https:\/\/www.europesays.com\/fr\/wp-json\/wp\/v2\/users\/2"}],"replies":[{"embeddable":true,"href":"https:\/\/www.europesays.com\/fr\/wp-json\/wp\/v2\/comments?post=385548"}],"version-history":[{"count":0,"href":"https:\/\/www.europesays.com\/fr\/wp-json\/wp\/v2\/posts\/385548\/revisions"}],"wp:featuredmedia":[{"embeddable":true,"href":"https:\/\/www.europesays.com\/fr\/wp-json\/wp\/v2\/media\/385549"}],"wp:attachment":[{"href":"https:\/\/www.europesays.com\/fr\/wp-json\/wp\/v2\/media?parent=385548"}],"wp:term":[{"taxonomy":"category","embeddable":true,"href":"https:\/\/www.europesays.com\/fr\/wp-json\/wp\/v2\/categories?post=385548"},{"taxonomy":"post_tag","embeddable":true,"href":"https:\/\/www.europesays.com\/fr\/wp-json\/wp\/v2\/tags?post=385548"}],"curies":[{"name":"wp","href":"https:\/\/api.w.org\/{rel}","templated":true}]}}