{"id":38555,"date":"2025-04-20T09:37:25","date_gmt":"2025-04-20T09:37:25","guid":{"rendered":"https:\/\/www.europesays.com\/fr\/38555\/"},"modified":"2025-04-20T09:37:25","modified_gmt":"2025-04-20T09:37:25","slug":"lyon-un-mineur-victime-dun-viol-dans-une-piscine-municipale-un-homme-mis-en-examen","status":"publish","type":"post","link":"https:\/\/www.europesays.com\/fr\/38555\/","title":{"rendered":"Lyon : un mineur victime d\u2019un viol dans une piscine municipale, un homme mis en examen"},"content":{"rendered":"<p class=\"paragraph text_align_left\">Un homme a \u00e9t\u00e9 mis en examen et plac\u00e9 sous contr\u00f4le judiciaire dans le cadre d\u2019une enqu\u00eate pour un <a href=\"https:\/\/www.leparisien.fr\/faits-divers\/revelations-sur-labbe-pierre-viol-sur-mineur-agressions-menaces-de-nouvelles-accusations-devoilees-13-01-2025-HWC5OIYQ6NGYLGLZLI3LRSR7RU.php\" target=\"_blank\" rel=\"nofollow noopener\">viol sur mineur <\/a>dans une piscine municipale de<a href=\"https:\/\/www.leparisien.fr\/environnement\/ville-du-quart-dheure-a-lyon-certains-ont-limpression-de-vivre-dans-un-village-26-12-2023-NOKEYS3CNNFTDN7FIVG64CVBGE.php\" target=\"_blank\" rel=\"nofollow noopener\"> Lyon<\/a> (Rh\u00f4ne), a annonc\u00e9 vendredi le parquet.<\/p>\n<p class=\"paragraph text_align_left\">Il avait \u00e9t\u00e9 plac\u00e9 en garde \u00e0 vue le 9 avril et pr\u00e9sent\u00e9 \u00e0 un juge d\u2019instruction par le parquet \u00ab avec r\u00e9quisition de mandat de d\u00e9p\u00f4t, dans le cadre d\u2019une information judiciaire ouverte du chef de viol sur mineur de 15 ans \u00bb, pr\u00e9cise le parquet, confirmant une information r\u00e9v\u00e9l\u00e9e par le site d\u2019information en ligne <a href=\"https:\/\/actu.fr\/auvergne-rhone-alpes\/lyon_69123\/info-actu-lyon-un-enfant-de-13-ans-victime-d-un-viol-dans-une-piscine-municipale_62529253.html\" target=\"_blank\" rel=\"nofollow noopener\">Actu Lyon<\/a>.<\/p>\n<p class=\"paragraph text_align_left\">\u00ab Le suspect a \u00e9t\u00e9 mis en examen et plac\u00e9 sous contr\u00f4le judiciaire assorti notamment d\u2019une interdiction de se rendre dans les piscines et tous les \u00e9tablissements sportifs accueillant des mineurs ainsi que l\u2019interdiction d\u2019exercer une activit\u00e9 impliquant un contact avec des mineurs \u00bb, explique le parquet.<\/p>\n<p class=\"paragraph text_align_left\">Il ne livre aucune information sur les faits ni la date \u00e0 laquelle ils ont \u00e9t\u00e9 commis. \u00ab Les investigations se poursuivent sous l\u2019autorit\u00e9 d\u2019un magistrat instructeur \u00bb, conclut le parquet.<\/p>\n<p>Une intervention \u00ab rapide et efficace \u00bb<\/p>\n<p class=\"paragraph text_align_left\">La mairie de Lyon a \u00ab condamn\u00e9 avec la plus grande fermet\u00e9 les faits d\u2019une extr\u00eame gravit\u00e9 survenus \u00e0 la piscine Garibaldi \u00bb et exprim\u00e9, dans un communiqu\u00e9, \u00ab tout son soutien \u00e0 la jeune victime et sa famille \u00bb. \u00ab La pr\u00e9sence d\u2019un agent dans les vestiaires \u00bb ainsi que \u00ab la vid\u00e9osurveillance, ont permis une action rapide et efficace \u00bb, assure la ville.<\/p>\n<p class=\"lp-card-podcast-highlighting__title lp-f-subtitle-05\">Le double meurtre de Montigny-l\u00e8s-Metz (2\/2)<\/p>\n<p class=\"lp-card-podcast-highlighting__description lp-f-ui-05\">Crime story raconte chaque semaine les grandes affaires criminelles.<\/p>\n<p><a class=\"lp-card-podcast-highlighting__call-to-action\" data-page-type=\"HP\" data-block-name=\"podcast-highlight\">\u00c9couter<\/a><\/p>\n<p class=\"paragraph text_align_left\">Toujours selon le parquet, un autre homme avait d\u00e9j\u00e0 \u00e9t\u00e9 interpell\u00e9 le 30 mars, \u00ab peu apr\u00e8s \u00bb des \u00ab faits d\u2019agressions sexuelles d\u00e9nonc\u00e9s par plusieurs femmes \u00bb dans la m\u00eame piscine Garibaldi du IIIe arrondissement de Lyon. \u00ab Poursuivi du chef d\u2019agressions sexuelles \u00bb, il a \u00e9t\u00e9 plac\u00e9 sous contr\u00f4le judiciaire dans l\u2019attente d\u2019une audience au tribunal fix\u00e9e au 25 septembre 2025.<\/p>\n<p class=\"paragraph text_align_left\">\u00ab Gr\u00e2ce au sang-froid des agents municipaux, les suspects ont \u00e9t\u00e9 rapidement identifi\u00e9s, isol\u00e9s, et la police alert\u00e9e sans d\u00e9lai \u00bb, soutient aussi la mairie \u00e0 propos de ces agressions.<\/p>\n","protected":false},"excerpt":{"rendered":"Un homme a \u00e9t\u00e9 mis en examen et plac\u00e9 sous contr\u00f4le judiciaire dans le cadre d\u2019une enqu\u00eate pour&hellip;\n","protected":false},"author":2,"featured_media":38556,"comment_status":"","ping_status":"","sticky":false,"template":"","format":"standard","meta":{"footnotes":""},"categories":[1889],"tags":[1111,11,2430,459,1777,674,118,1011,27,2428,12,25],"class_list":{"0":"post-38555","1":"post","2":"type-post","3":"status-publish","4":"format-standard","5":"has-post-thumbnail","7":"category-lyon","8":"tag-actu","9":"tag-actualites","10":"tag-auvergne-rhone-alpes","11":"tag-departements-horsidfo","12":"tag-eu","13":"tag-europe","14":"tag-faits-divers","15":"tag-fr","16":"tag-france","17":"tag-lyon","18":"tag-news","19":"tag-republique-francaise"},"share_on_mastodon":{"url":"https:\/\/pubeurope.com\/@fr\/114369622387763109","error":""},"_links":{"self":[{"href":"https:\/\/www.europesays.com\/fr\/wp-json\/wp\/v2\/posts\/38555","targetHints":{"allow":["GET"]}}],"collection":[{"href":"https:\/\/www.europesays.com\/fr\/wp-json\/wp\/v2\/posts"}],"about":[{"href":"https:\/\/www.europesays.com\/fr\/wp-json\/wp\/v2\/types\/post"}],"author":[{"embeddable":true,"href":"https:\/\/www.europesays.com\/fr\/wp-json\/wp\/v2\/users\/2"}],"replies":[{"embeddable":true,"href":"https:\/\/www.europesays.com\/fr\/wp-json\/wp\/v2\/comments?post=38555"}],"version-history":[{"count":0,"href":"https:\/\/www.europesays.com\/fr\/wp-json\/wp\/v2\/posts\/38555\/revisions"}],"wp:featuredmedia":[{"embeddable":true,"href":"https:\/\/www.europesays.com\/fr\/wp-json\/wp\/v2\/media\/38556"}],"wp:attachment":[{"href":"https:\/\/www.europesays.com\/fr\/wp-json\/wp\/v2\/media?parent=38555"}],"wp:term":[{"taxonomy":"category","embeddable":true,"href":"https:\/\/www.europesays.com\/fr\/wp-json\/wp\/v2\/categories?post=38555"},{"taxonomy":"post_tag","embeddable":true,"href":"https:\/\/www.europesays.com\/fr\/wp-json\/wp\/v2\/tags?post=38555"}],"curies":[{"name":"wp","href":"https:\/\/api.w.org\/{rel}","templated":true}]}}