{"id":385554,"date":"2025-09-12T15:08:10","date_gmt":"2025-09-12T15:08:10","guid":{"rendered":"https:\/\/www.europesays.com\/fr\/385554\/"},"modified":"2025-09-12T15:08:10","modified_gmt":"2025-09-12T15:08:10","slug":"vous-revez-de-proteger-la-nature-rejoignez-le-comite-de-feux-de-foret-dollioules","status":"publish","type":"post","link":"https:\/\/www.europesays.com\/fr\/385554\/","title":{"rendered":"Vous r\u00eavez de prot\u00e9ger la nature? Rejoignez le comit\u00e9 de feux de for\u00eat d&rsquo;Ollioules"},"content":{"rendered":"<p>Vous aimez la nature, votre village et souhaitez vous engager pour le prot\u00e9ger contre les feux de for\u00eats? Le Comit\u00e9 communal feux de for\u00eats (CCFF) d\u2019Ollioules lance un appel aux b\u00e9n\u00e9voles. Si vous \u00eates motiv\u00e9, dynamique, disponible et plein d\u2019\u00e9nergie, venez rejoindre leur \u00e9quipe.<\/p>\n<p>Leurs missions: pr\u00e9venir et lutter contre les incendies, surveiller et patrouiller en p\u00e9riode estivale, collaborer avec les secours en cas d\u2019alerte, participer aux exercices, formations et manifestations de la commune.<\/p>\n<p>Le CCFF est compos\u00e9 de b\u00e9n\u00e9voles, form\u00e9s aux gestes de pr\u00e9vention et d\u2019intervention. Chaque volontaire b\u00e9n\u00e9ficie d\u2019une couverture par la commune en mati\u00e8re d\u2019assurance, d\u2019\u00e9quipement et de formation.<\/p>\n<p>En rejoignant le CCFF, vous contribuez activement \u00e0 la protection de nos for\u00eats, de nos collines et des zones habit\u00e9es.<\/p>\n<p>Si vous \u00eates majeurs, titulaires du permis de conduire et souhaitez vous engager, contacter d\u00e8s maintenant <a href=\"https:\/\/www.varmatin.com\/vie-locale\/mailto:ccffollioules83@hotmail.com\" target=\"_blank\" rel=\"noopener\">ccffollioules83@hotmail.com<\/a>\u00a0<\/p>\n","protected":false},"excerpt":{"rendered":"Vous aimez la nature, votre village et souhaitez vous engager pour le prot\u00e9ger contre les feux de for\u00eats?&hellip;\n","protected":false},"author":2,"featured_media":385555,"comment_status":"","ping_status":"","sticky":false,"template":"","format":"standard","meta":{"footnotes":""},"categories":[9619],"tags":[1111,11,1777,674,1011,27,12,882,25,2310,3366],"class_list":{"0":"post-385554","1":"post","2":"type-post","3":"status-publish","4":"format-standard","5":"has-post-thumbnail","7":"category-toulon","8":"tag-actu","9":"tag-actualites","10":"tag-eu","11":"tag-europe","12":"tag-fr","13":"tag-france","14":"tag-news","15":"tag-provence-alpes-cote-dazur","16":"tag-republique-francaise","17":"tag-toulon","18":"tag-vie-locale"},"share_on_mastodon":{"url":"https:\/\/pubeurope.com\/@fr\/115191958959235025","error":""},"_links":{"self":[{"href":"https:\/\/www.europesays.com\/fr\/wp-json\/wp\/v2\/posts\/385554","targetHints":{"allow":["GET"]}}],"collection":[{"href":"https:\/\/www.europesays.com\/fr\/wp-json\/wp\/v2\/posts"}],"about":[{"href":"https:\/\/www.europesays.com\/fr\/wp-json\/wp\/v2\/types\/post"}],"author":[{"embeddable":true,"href":"https:\/\/www.europesays.com\/fr\/wp-json\/wp\/v2\/users\/2"}],"replies":[{"embeddable":true,"href":"https:\/\/www.europesays.com\/fr\/wp-json\/wp\/v2\/comments?post=385554"}],"version-history":[{"count":0,"href":"https:\/\/www.europesays.com\/fr\/wp-json\/wp\/v2\/posts\/385554\/revisions"}],"wp:featuredmedia":[{"embeddable":true,"href":"https:\/\/www.europesays.com\/fr\/wp-json\/wp\/v2\/media\/385555"}],"wp:attachment":[{"href":"https:\/\/www.europesays.com\/fr\/wp-json\/wp\/v2\/media?parent=385554"}],"wp:term":[{"taxonomy":"category","embeddable":true,"href":"https:\/\/www.europesays.com\/fr\/wp-json\/wp\/v2\/categories?post=385554"},{"taxonomy":"post_tag","embeddable":true,"href":"https:\/\/www.europesays.com\/fr\/wp-json\/wp\/v2\/tags?post=385554"}],"curies":[{"name":"wp","href":"https:\/\/api.w.org\/{rel}","templated":true}]}}