{"id":385562,"date":"2025-09-12T15:12:11","date_gmt":"2025-09-12T15:12:11","guid":{"rendered":"https:\/\/www.europesays.com\/fr\/385562\/"},"modified":"2025-09-12T15:12:11","modified_gmt":"2025-09-12T15:12:11","slug":"pourquoi-nathalie-lecordier-premiere-adjointe-a-bihorel-sera-candidate-aux-elections-municipales","status":"publish","type":"post","link":"https:\/\/www.europesays.com\/fr\/385562\/","title":{"rendered":"Pourquoi Nathalie Lecordier, premi\u00e8re adjointe \u00e0 Bihorel, sera candidate aux \u00e9lections municipales"},"content":{"rendered":"<p>            Par<br \/>\n        <strong><br \/>\n            <a href=\"https:\/\/actu.fr\/auteur\/laredaction\" title=\"Consulter tous les articles de R\u00e9daction Normandie\" target=\"_blank\" rel=\"noopener\">R\u00e9daction Normandie<\/a><br \/>\n        <\/strong><\/p>\n<p>        Publi\u00e9 le<\/p>\n<p>            12 sept. 2025 \u00e0 16h42        <\/p>\n<p>Il y a quelques semaines \u00e0 <a href=\"https:\/\/actu.fr\/normandie\/bihorel_76095\" target=\"_blank\" rel=\"noopener\">Bihorel<\/a>, la premi\u00e8re adjointe <strong>Nathalie<\/strong> <strong>Lecordier<\/strong> a annonc\u00e9 que c\u2019\u00e9tait sa derni\u00e8re repr\u00e9sentation officielle en qualit\u00e9 de premi\u00e8re adjointe \u00e0 la culture. Et pour cause.\u00a0<\/p>\n<p>Cinq d\u00e9l\u00e9gations retir\u00e9es<\/p>\n<p class=\" wall-content\">\u00ab Le maire a d\u00e9cid\u00e9 de me retirer, comme \u00e0 quatre autres adjoints, <strong>nos d\u00e9l\u00e9gations<\/strong> (sport, culture, urbanisme, finances, \u00e9v\u00e8nementiel). Cinq sur sept de la nouvelle majorit\u00e9, Bihorel en commun. On peut imaginer que c\u2019est<strong> diviser pour mieux r\u00e9gner<\/strong>. C\u2019est lui qui d\u00e9cide. Nous l\u2019avons appris par des bruits de couloir et une publication sur Facebook qu\u2019il a vite retir\u00e9e. Il aurait pu nous donner l\u2019arr\u00eat\u00e9 en main propre. Nous avons, pour certains, travaill\u00e9 quatre mandats avec lui \u00bb, regrette Nathalie Lecordier.<\/p>\n<p class=\" wall-content\">L\u2019\u00e9lue et ses coll\u00e8gues se disent aujourd\u2019hui <strong>inquiets<\/strong>, quant au temps que le maire pourra consacrer aux d\u00e9l\u00e9gations. \u00ab Il a dit, sur une autre publication, qu\u2019il a fini, l\u00e0 aussi, par supprimer, qu\u2019il g\u00e8rera tout cela avec les services. Il n\u2019y a plus de commissions et nous n\u2019avons plus d\u2019informations. Il reste pourtant des d\u00e9cisions importantes \u00e0 prendre d\u2019ici mars\u00a02026. C\u2019est incompr\u00e9hensible ! Les Bihorellaises et les Bihorellais sont surpris de la d\u00e9cision d\u2019un maire qui va tout g\u00e9rer. Maintenant, il nous appelle l\u2019opposition sectaire. C\u2019est le choix du maire \u00bb, d\u00e9plore l\u2019\u00e9lue.<\/p>\n<p>Une consultation citoyenne<\/p>\n<p class=\" wall-content\">Ces choix ont pr\u00e9cipit\u00e9, selon le groupe Bihorel en commun, la campagne pour les <a href=\"https:\/\/actu.fr\/tag\/municipales-2026\" target=\"_blank\" rel=\"noopener\">Municipales 2026<\/a>. \u00ab Notre groupe va bien entendu se pr\u00e9senter et je serai <strong>t\u00eate de liste<\/strong>. Il faut rappeler que c\u2019est le groupe que je porte, avec la b\u00e9n\u00e9diction du maire pendant un certain nombre de mois, puis son retrait, pour des raisons que personne ne comprend \u00bb, souligne Nathalie Lecordier, et \u00ab surtout pas les habitants \u00bb, ajoute-t-elle. Nathalie Lecordier estime qu\u2019il a ainsi lui-m\u00eame lanc\u00e9 la campagne : \u00ab il ne peut pas faire et d\u00e9faire de qu\u2019il veut. Nous avons donc commenc\u00e9 par une consultation citoyenne. Ce sera un document sur lequel nous allons nous appuyer pour pr\u00e9senter notre programme. Pour le moment, la liste n\u2019est pas encore compl\u00e8te, mais nous sommes d\u00e9j\u00e0 dix-sept \u00e9lus du conseil municipal. Nous allons prendre le temps de rencontrer les personnes qui ont envie de s\u2019investir et ont une vision pour Bihorel \u00bb, pr\u00e9voit la candidate.<\/p>\n<blockquote class=\"ac-article-quote wall-content\">\n<p>Il n\u2019y a pas beaucoup de communes qui se retrouvent dans cette position. Nous allons voir cela juridiquement.<\/p>\n<p>Nathalie Lecordier<\/p><\/blockquote>\n<p class=\" wall-content\">Porte-\u00e0-porte, tractages sur le march\u00e9 de plein air, et autres r\u00e9unions publiques suivront cette d\u00e9marche pour aller \u00e0 la rencontre des Bihorellaises et des Bihorellais. \u00ab M\u00eame si la situation est compliqu\u00e9e, nous serons toujours pr\u00e9sents aux animations. Tout aurait \u00e9t\u00e9 plus simple si le maire \u00e9tait rest\u00e9 sur ses positions, avait termin\u00e9 son mandat et accompagn\u00e9 notre liste. Il y aurait eu des changements, mais nous aurions port\u00e9 l\u2019h\u00e9ritage de quatre mandats. Au final, une \u00e9lection, c\u2019est toujours un risque \u00bb, constate Nathalie Lecordier qui note qu\u2019aujourd\u2019hui, l\u2019\u00e9quipe sortante est coup\u00e9e en deux. \u00ab Les \u00e9lecteurs jugeront pour d\u00e9signer la liste qui sera au second tour. Il n\u2019y a pas beaucoup de communes qui se retrouvent dans cette position. Nous allons voir cela juridiquement \u00bb, annonce Nathalie Lecordier.<\/p>\n<p>Suivez l\u2019actualit\u00e9 de Rouen sur notre<a href=\"https:\/\/www.whatsapp.com\/channel\/0029VaKfnf99hXF2ddApFB1D\" target=\"_blank\" rel=\"noopener\"> cha\u00eene WhatsApp<\/a> et sur notre compte <a href=\"https:\/\/www.tiktok.com\/@76actu.fr?lang=fr\" target=\"_blank\" rel=\"noopener\">TikTok<\/a><\/p>\n<p class=\" wall-content\">Personnalisez votre actualit\u00e9 en ajoutant vos villes et m\u00e9dias en favori avec <a href=\"https:\/\/moncompte.actu.fr\" title=\"D\u00e9couvez Mon Actu\" rel=\"nofollow noopener\" data-trk=\"{&quot;cta&quot;:{&quot;action&quot;:&quot;https:\\\/\\\/moncompte.actu.fr&quot;,&quot;category&quot;:&quot;mon compte&quot;,&quot;from&quot;:&quot;article footer&quot;,&quot;name&quot;:&quot;Mon actu&quot;,&quot;type&quot;:&quot;cta&quot;}}\" target=\"_blank\">Mon Actu<\/a>.<\/p>\n<p>                    <script async src=\"\/\/www.tiktok.com\/embed.js\"><\/script><\/p>\n","protected":false},"excerpt":{"rendered":"Par R\u00e9daction Normandie Publi\u00e9 le 12 sept. 2025 \u00e0 16h42 Il y a quelques semaines \u00e0 Bihorel, la&hellip;\n","protected":false},"author":2,"featured_media":385563,"comment_status":"","ping_status":"","sticky":false,"template":"","format":"standard","meta":{"footnotes":""},"categories":[9587],"tags":[1111,11,4188,1777,674,1011,27,3434,12,5161,31081,316,25,9590],"class_list":{"0":"post-385562","1":"post","2":"type-post","3":"status-publish","4":"format-standard","5":"has-post-thumbnail","7":"category-rouen","8":"tag-actu","9":"tag-actualites","10":"tag-elections-municipales","11":"tag-eu","12":"tag-europe","13":"tag-fr","14":"tag-france","15":"tag-municipales-2026","16":"tag-news","17":"tag-normandie","18":"tag-plateau-est-rouen","19":"tag-politique","20":"tag-republique-francaise","21":"tag-rouen"},"share_on_mastodon":{"url":"https:\/\/pubeurope.com\/@fr\/115191974719994852","error":""},"_links":{"self":[{"href":"https:\/\/www.europesays.com\/fr\/wp-json\/wp\/v2\/posts\/385562","targetHints":{"allow":["GET"]}}],"collection":[{"href":"https:\/\/www.europesays.com\/fr\/wp-json\/wp\/v2\/posts"}],"about":[{"href":"https:\/\/www.europesays.com\/fr\/wp-json\/wp\/v2\/types\/post"}],"author":[{"embeddable":true,"href":"https:\/\/www.europesays.com\/fr\/wp-json\/wp\/v2\/users\/2"}],"replies":[{"embeddable":true,"href":"https:\/\/www.europesays.com\/fr\/wp-json\/wp\/v2\/comments?post=385562"}],"version-history":[{"count":0,"href":"https:\/\/www.europesays.com\/fr\/wp-json\/wp\/v2\/posts\/385562\/revisions"}],"wp:featuredmedia":[{"embeddable":true,"href":"https:\/\/www.europesays.com\/fr\/wp-json\/wp\/v2\/media\/385563"}],"wp:attachment":[{"href":"https:\/\/www.europesays.com\/fr\/wp-json\/wp\/v2\/media?parent=385562"}],"wp:term":[{"taxonomy":"category","embeddable":true,"href":"https:\/\/www.europesays.com\/fr\/wp-json\/wp\/v2\/categories?post=385562"},{"taxonomy":"post_tag","embeddable":true,"href":"https:\/\/www.europesays.com\/fr\/wp-json\/wp\/v2\/tags?post=385562"}],"curies":[{"name":"wp","href":"https:\/\/api.w.org\/{rel}","templated":true}]}}