{"id":385581,"date":"2025-09-12T15:22:11","date_gmt":"2025-09-12T15:22:11","guid":{"rendered":"https:\/\/www.europesays.com\/fr\/385581\/"},"modified":"2025-09-12T15:22:11","modified_gmt":"2025-09-12T15:22:11","slug":"otages-en-iran-les-soutiens-du-nantais-jacques-paris-sont-pleins-despoir","status":"publish","type":"post","link":"https:\/\/www.europesays.com\/fr\/385581\/","title":{"rendered":"Otages en Iran\u00a0: les soutiens du Nantais Jacques Paris sont \u00ab\u00a0pleins d\u2019espoir\u00a0\u00bb"},"content":{"rendered":"<p>\u00a0Les membres du comit\u00e9 sont pleins d\u2019espoir. Et en m\u00eame temps, nous ne voulons pas nous r\u00e9jouir trop t\u00f4t. Nous avons appris \u00e0 \u00eatre m\u00e9fiants\u2026\u00a0<\/p>\n<p>Au lendemain de la d\u00e9claration du ministre iranien des Affaires \u00e9trang\u00e8res, affirmant qu\u2019un accord visant \u00e0 \u00e9changer des prisonniers fran\u00e7ais en Iran contre une femme iranienne d\u00e9tenue en France approchait de sa \u00a0phase finale\u00a0, le comit\u00e9 des amis et coll\u00e8gues de Jacques Paris se veut prudent.<\/p>\n<p>Les soutiens de Jacques Paris \u00absur le qui-vive\u00bb mais \u00abm\u00e9fiants\u00bb<\/p>\n<p>Par l\u2019interm\u00e9diaire de Marie-Brigitte Huet, leur porte-parole, les soutiens de l\u2019ancien professeur de math\u00e9matiques du lyc\u00e9e Cl\u00e9menceau disent \u00eatre \u00a0sur le qui-vive\u00a0 depuis la nuit derni\u00e8re. Dans une interview t\u00e9l\u00e9vis\u00e9e diffus\u00e9e jeudi soir, Abbas Araghchi a en effet d\u00e9clar\u00e9\u00a0: \u00a0Je peux maintenant dire que nous sommes arriv\u00e9s au point o\u00f9 (l\u2019accord sur) l\u2019\u00e9change des prisonniers fran\u00e7ais en Iran approche maintenant de sa phase finale\u00a0. Sans donner plus de d\u00e9tails.<\/p>\n<p>Selon l\u2019AFP, l\u2019\u00e9change propos\u00e9 concerne Mahdieh Esfandiari, une Iranienne arr\u00eat\u00e9e en France en f\u00e9vrier pour avoir fait la promotion du terrorisme sur les r\u00e9seaux sociaux. L\u2019Iran a demand\u00e9 \u00e0 plusieurs reprises sa lib\u00e9ration, arguant qu\u2019elle avait \u00e9t\u00e9 injustement d\u00e9tenue.<\/p>\n<p>De son c\u00f4t\u00e9, la France a d\u00e9pos\u00e9 en mai une requ\u00eate contre T\u00e9h\u00e9ran devant la Cour internationale de justice (CIJ) pour la d\u00e9tention de C\u00e9cile Kohler et Jacques Paris, que Paris estime \u00eatre \u00a0retenus comme otages d\u2019\u00c9tat\u00a0.<\/p>\n<p>Un Nantais d\u00e9tenu depuis trois ans<\/p>\n<p>C\u00e9cile Kohler, 40\u00a0ans, et le Nantais Jacques Paris, 72\u00a0ans, ont \u00e9t\u00e9 arr\u00eat\u00e9s le 7\u00a0mai 2022. Ils sont <a href=\"https:\/\/nantes.maville.com\/actu\/actudet_-otages-francais-en-iran-cette-accusation-d-espionnage-pour-le-mossad-est-fausse-et-infamante-_8-6885175_actu.Htm\" target=\"_blank\" rel=\"nofollow noopener\">accus\u00e9s d\u2019espionnage pour le compte d\u2019Isra\u00ebl<\/a>, l\u2019ennemi jur\u00e9 de l\u2019Iran. <a href=\"https:\/\/nantes.maville.com\/actu\/actudet_--on-ne-vit-plus-la-vie-est-en-suspens-la-fille-de-l-otage-nantais-detenu-en-iran-temoigne-_8-6892606_actu.Htm\" target=\"_blank\" rel=\"nofollow noopener\">Leurs familles ont d\u00e9crit leur situation comme de plus en plus d\u00e9sesp\u00e9r\u00e9e<\/a>.<\/p>\n<p>Le couple fait partie d\u2019une vingtaine d\u2019Europ\u00e9ens d\u00e9tenus en Iran, dont Lennart Monterlos, un Franco-Allemand de 19\u00a0ans qui effectuait un voyage \u00e0 v\u00e9lo entre l\u2019Europe et l\u2019Asie et qui a \u00e9t\u00e9 arr\u00eat\u00e9 dans le pays en juin, pendant la br\u00e8ve guerre entre l\u2019Iran et Isra\u00ebl.<\/p>\n<p>Paris ne commente pas<\/p>\n<p><a href=\"https:\/\/www.radiofrance.fr\/franceinter\/podcasts\/l-invite-de-8h20\/le-grand-entretien-du-vendredi-12-septembre-2025-7307535\" target=\"_blank\" rel=\"nofollow noopener\">Interrog\u00e9 vendredi matin sur France Inter<\/a>, Jean-No\u00ebl Barrot, ministre d\u00e9missionnaire des affaires \u00e9trang\u00e8res, a indiqu\u00e9 qu\u2019il ne ferait \u00a0aucun commentaire sur les propos du ministre iranien\u00a0. Indiquant seulement\u00a0: \u00a0La France exige avec constance la lib\u00e9ration imm\u00e9diate et inconditionnelle de nos ressortissants en Iran.\u00a0<\/p>\n<p>\u00a0<\/p>\n","protected":false},"excerpt":{"rendered":"\u00a0Les membres du comit\u00e9 sont pleins d\u2019espoir. Et en m\u00eame temps, nous ne voulons pas nous r\u00e9jouir trop&hellip;\n","protected":false},"author":2,"featured_media":385582,"comment_status":"","ping_status":"","sticky":false,"template":"","format":"standard","meta":{"footnotes":""},"categories":[2818],"tags":[1111,11,7236,1777,674,1011,27,3019,19023,4715,766,12,19141,626,2636,27207,25,3272,44946],"class_list":{"0":"post-385581","1":"post","2":"type-post","3":"status-publish","4":"format-standard","5":"has-post-thumbnail","7":"category-nantes","8":"tag-actu","9":"tag-actualites","10":"tag-espoir","11":"tag-eu","12":"tag-europe","13":"tag-fr","14":"tag-france","15":"tag-iran","16":"tag-jacques","17":"tag-nantais","18":"tag-nantes","19":"tag-news","20":"tag-otages","21":"tag-paris","22":"tag-pays-de-la-loire","23":"tag-pleins","24":"tag-republique-francaise","25":"tag-saint-nazaire","26":"tag-soutiens"},"share_on_mastodon":{"url":"https:\/\/pubeurope.com\/@fr\/115192014266922833","error":""},"_links":{"self":[{"href":"https:\/\/www.europesays.com\/fr\/wp-json\/wp\/v2\/posts\/385581","targetHints":{"allow":["GET"]}}],"collection":[{"href":"https:\/\/www.europesays.com\/fr\/wp-json\/wp\/v2\/posts"}],"about":[{"href":"https:\/\/www.europesays.com\/fr\/wp-json\/wp\/v2\/types\/post"}],"author":[{"embeddable":true,"href":"https:\/\/www.europesays.com\/fr\/wp-json\/wp\/v2\/users\/2"}],"replies":[{"embeddable":true,"href":"https:\/\/www.europesays.com\/fr\/wp-json\/wp\/v2\/comments?post=385581"}],"version-history":[{"count":0,"href":"https:\/\/www.europesays.com\/fr\/wp-json\/wp\/v2\/posts\/385581\/revisions"}],"wp:featuredmedia":[{"embeddable":true,"href":"https:\/\/www.europesays.com\/fr\/wp-json\/wp\/v2\/media\/385582"}],"wp:attachment":[{"href":"https:\/\/www.europesays.com\/fr\/wp-json\/wp\/v2\/media?parent=385581"}],"wp:term":[{"taxonomy":"category","embeddable":true,"href":"https:\/\/www.europesays.com\/fr\/wp-json\/wp\/v2\/categories?post=385581"},{"taxonomy":"post_tag","embeddable":true,"href":"https:\/\/www.europesays.com\/fr\/wp-json\/wp\/v2\/tags?post=385581"}],"curies":[{"name":"wp","href":"https:\/\/api.w.org\/{rel}","templated":true}]}}