{"id":385587,"date":"2025-09-12T15:25:11","date_gmt":"2025-09-12T15:25:11","guid":{"rendered":"https:\/\/www.europesays.com\/fr\/385587\/"},"modified":"2025-09-12T15:25:11","modified_gmt":"2025-09-12T15:25:11","slug":"un-syndicat-detudiants-denonce-une-omerta-au-crous-de-bordeaux","status":"publish","type":"post","link":"https:\/\/www.europesays.com\/fr\/385587\/","title":{"rendered":"un syndicat d&rsquo;\u00e9tudiants d\u00e9nonce une \u00ab\u00a0omerta\u00a0\u00bb au Crous de Bordeaux"},"content":{"rendered":"<p>            Par<br \/>\n        <strong><br \/>\n            <a href=\"https:\/\/actu.fr\/auteur\/redaction-bordeaux\" title=\"Consulter tous les articles de R\u00e9daction Bordeaux\" target=\"_blank\" rel=\"noopener\">R\u00e9daction Bordeaux<\/a><br \/>\n        <\/strong><\/p>\n<p>        Publi\u00e9 le<\/p>\n<p>            12 sept. 2025 \u00e0 17h14        <\/p>\n<p>Une histoire qui a fait du remous et continue d\u2019en faire. Le 28 juillet 2025, le Minist\u00e8re de l\u2019Enseignement sup\u00e9rieur et de la Recherche annon\u00e7ait que le directeur du Crous de Bordeaux \u00e9tait<a href=\"https:\/\/actu.fr\/nouvelle-aquitaine\/bordeaux_33063\/face-a-de-lourdes-accusations-le-directeur-du-crous-de-bordeaux-est-suspendu-pour-comportements-inadaptes_62968733.html\" target=\"_blank\" rel=\"noopener\"> suspendu \u00e0 titre conservatoire<\/a>.<\/p>\n<p class=\" wall-content\">Ce dernier faisait l\u2019objet d\u2019une <a href=\"https:\/\/actu.fr\/nouvelle-aquitaine\/bordeaux_33063\/le-directeur-du-crous-de-bordeaux-accuse-de-harcelement-et-d-agressions-sexuelles-une-enquete-interne-lancee_62650441.html\" target=\"_blank\" rel=\"noopener\">enqu\u00eate interne<\/a> pour des soup\u00e7ons de \u00ab\u2009comportements inappropri\u00e9s\u2009\u00bb. Vis\u00e9 par des \u00ab\u2009<strong>accusations graves de violences sexuelles et sexistes<\/strong>\u2009\u00bb, Jean-Pierre Ferr\u00e9 avait pourtant conserv\u00e9 son poste de directeur durant l\u2019enqu\u00eate. L\u2019alerte officielle remonte \u00e0 f\u00e9vrier dernier.<\/p>\n<p class=\" wall-content\">Lundi 8\u00a0septembre, une r\u00e9union s\u2019est tenue entre les \u00e9lus du conseil d\u2019administration du Crous de Bordeaux avec la direction du Cnous, l\u2019entit\u00e9 nationale, au sujet de cette affaire. M\u00e9contents des r\u00e9ponses de cette entrevue, l\u2019UNEF et les syndicats du personnel ont d\u00e9cid\u00e9 de <strong>prendre la parole<\/strong>.<\/p>\n<p>Des cons\u00e9quences \u00ab\u2009lourdes\u2009\u00bb<\/p>\n<p class=\" wall-content\">L\u2019Union nationale des \u00e9tudiants de France a notamment r\u00e9clam\u00e9 la suspension du directeur durant l\u2019int\u00e9gralit\u00e9 de l\u2019enqu\u00eate interne. Une demande \u00ab\u2009r\u00e9p\u00e9t\u00e9e plusieurs fois mais qui n\u2019a jamais \u00e9t\u00e9 entendue\u2009\u00bb, explique le syndicat dans un communiqu\u00e9 publi\u00e9 le jeudi 11\u00a0septembre.<\/p>\n<p class=\" wall-content\">Pendant six mois, Jean-Pierre Ferr\u00e9 a donc continu\u00e9 d\u2019exercer et cela a eu des \u00ab\u2009cons\u00e9quences lourdes\u2009\u00bb d\u2019apr\u00e8s l\u2019UNEF. \u00ab\u2009Pour les <strong>victimes pr\u00e9sum\u00e9es<\/strong> d\u00e9j\u00e0, qui ont continu\u00e9 \u00e0 travailler quotidiennement avec l\u2019individu qu\u2019elles accusaient. Comment se sentir prot\u00e9g\u00e9es quand il exerce toujours son autorit\u00e9 sur elles\u2009?\u2009\u00bb<\/p>\n<p class=\" wall-content\">Le syndicat d\u00e9nonce \u00e9galement une \u00ab\u00a0omerta\u00a0\u00bb o\u00f9 ceux qui refus\u00e9 d\u2019y participer ont \u00e9t\u00e9 sanctionn\u00e9s. \u00ab\u00a0. Le cas de l\u2019un des chefs de service en est l\u2019exemple le plus flagrant : il a subi plusieurs mois <strong>d\u2019intimidations<\/strong>, de <strong>pressions<\/strong>, <strong>d\u2019isolement<\/strong> et de <strong>harc\u00e8lement moral<\/strong>, avant de perdre son emploi au 1er septembre 2025 \u00e0 la suite d\u2019une d\u00e9cision prise d\u00e9but juillet par le directeur g\u00e9n\u00e9ral mis en cause. Sa seule \u00ab faute \u00bb : avoir refus\u00e9 de couvrir et soutenir son sup\u00e9rieur\u00a0\u00bb, d\u00e9taille l\u2019UNEF dans son communiqu\u00e9.\u00a0Lors de la r\u00e9union, l\u2019administration aurait indiqu\u00e9 que la situation de ce chef sera trait\u00e9e.<\/p>\n<p>Votre r\u00e9gion, votre actu !<\/p>\n<p>Recevez chaque jour les infos qui comptent pour vous.<\/p>\n<p>\t<a href=\"https:\/\/actu.fr\/newsletter\" class=\"ac-btn ac-btn--corner ac-btn--medium ac-btn--blue800\" target=\"_blank\" rel=\"noopener\">S&rsquo;incrire<\/a><\/p>\n<p class=\" wall-content\">Contact\u00e9 par <a href=\"https:\/\/actu.fr\/bordeaux\/\" target=\"_blank\" rel=\"noopener\">actu Bordeaux<\/a>, le Cnous a donn\u00e9 des <strong>pr\u00e9cisions<\/strong>. \u00ab\u00a0La pr\u00e9sidente du Cnous a annonc\u00e9 <strong>renforcer les actions de lutte contre les violences sexistes et sexuelles<\/strong>\u00a0au sein du r\u00e9seau des Crous. Le positionnement des cellules VSS et la remont\u00e9e des signalements en dehors de la chaine hi\u00e9rarchique seront ainsi au c\u0153ur d\u2019un plan d\u00e9di\u00e9 \u00e0 ces sujets qui sera pr\u00e9sent\u00e9 d\u2019ici la fin d\u2019ann\u00e9e\u00a0\u00bb, indique l\u2019entit\u00e9 nationale.\u00a0<\/p>\n<p class=\" wall-content\">Au sujet du d\u00e9part d\u2019un chef de service, le Cnous a clarifi\u00e9 la situation. \u00ab\u00a0Il s\u2019agit d\u2019un personnel contractuel <strong>dont le contrat arrivait \u00e0 \u00e9ch\u00e9ance fin ao\u00fbt<\/strong>. Le poste \u00e9tant prioritairement occup\u00e9 par un fonctionnaire, comme le veulent les r\u00e8gles de la fonction publique, et un agent r\u00e9pondant aux crit\u00e8res du poste ayant \u00e9t\u00e9 identifi\u00e9, le Crous de Bordeaux <strong>n\u2019a pas renouvel\u00e9 le contrat pr\u00e9c\u00e9dent<\/strong>.\u00a0\u00bb\u00a0<\/p>\n<p class=\" wall-content\">Personnalisez votre actualit\u00e9 en ajoutant vos villes et m\u00e9dias en favori avec <a href=\"https:\/\/moncompte.actu.fr\" title=\"D\u00e9couvez Mon Actu\" rel=\"nofollow noopener\" data-trk=\"{&quot;cta&quot;:{&quot;action&quot;:&quot;https:\\\/\\\/moncompte.actu.fr&quot;,&quot;category&quot;:&quot;mon compte&quot;,&quot;from&quot;:&quot;article footer&quot;,&quot;name&quot;:&quot;Mon actu&quot;,&quot;type&quot;:&quot;cta&quot;}}\" target=\"_blank\">Mon Actu<\/a>.<\/p>\n","protected":false},"excerpt":{"rendered":"Par R\u00e9daction Bordeaux Publi\u00e9 le 12 sept. 2025 \u00e0 17h14 Une histoire qui a fait du remous et&hellip;\n","protected":false},"author":2,"featured_media":106680,"comment_status":"","ping_status":"","sticky":false,"template":"","format":"standard","meta":{"footnotes":""},"categories":[2817],"tags":[1111,11,1997,13684,1777,674,118,1011,27,12,2219,25,28002,799],"class_list":{"0":"post-385587","1":"post","2":"type-post","3":"status-publish","4":"format-standard","5":"has-post-thumbnail","7":"category-bordeaux","8":"tag-actu","9":"tag-actualites","10":"tag-bordeaux","11":"tag-crous","12":"tag-eu","13":"tag-europe","14":"tag-faits-divers","15":"tag-fr","16":"tag-france","17":"tag-news","18":"tag-nouvelle-aquitaine","19":"tag-republique-francaise","20":"tag-universite-de-bordeaux","21":"tag-violences-sexuelles"},"share_on_mastodon":{"url":"https:\/\/pubeurope.com\/@fr\/115192025883600629","error":""},"_links":{"self":[{"href":"https:\/\/www.europesays.com\/fr\/wp-json\/wp\/v2\/posts\/385587","targetHints":{"allow":["GET"]}}],"collection":[{"href":"https:\/\/www.europesays.com\/fr\/wp-json\/wp\/v2\/posts"}],"about":[{"href":"https:\/\/www.europesays.com\/fr\/wp-json\/wp\/v2\/types\/post"}],"author":[{"embeddable":true,"href":"https:\/\/www.europesays.com\/fr\/wp-json\/wp\/v2\/users\/2"}],"replies":[{"embeddable":true,"href":"https:\/\/www.europesays.com\/fr\/wp-json\/wp\/v2\/comments?post=385587"}],"version-history":[{"count":0,"href":"https:\/\/www.europesays.com\/fr\/wp-json\/wp\/v2\/posts\/385587\/revisions"}],"wp:featuredmedia":[{"embeddable":true,"href":"https:\/\/www.europesays.com\/fr\/wp-json\/wp\/v2\/media\/106680"}],"wp:attachment":[{"href":"https:\/\/www.europesays.com\/fr\/wp-json\/wp\/v2\/media?parent=385587"}],"wp:term":[{"taxonomy":"category","embeddable":true,"href":"https:\/\/www.europesays.com\/fr\/wp-json\/wp\/v2\/categories?post=385587"},{"taxonomy":"post_tag","embeddable":true,"href":"https:\/\/www.europesays.com\/fr\/wp-json\/wp\/v2\/tags?post=385587"}],"curies":[{"name":"wp","href":"https:\/\/api.w.org\/{rel}","templated":true}]}}