{"id":385592,"date":"2025-09-12T15:28:11","date_gmt":"2025-09-12T15:28:11","guid":{"rendered":"https:\/\/www.europesays.com\/fr\/385592\/"},"modified":"2025-09-12T15:28:11","modified_gmt":"2025-09-12T15:28:11","slug":"roubaix-dabord-relache-le-voleur-de-voiture-finalement-interpelle-a-la-terrasse-dun-cafe-le-meme-jour","status":"publish","type":"post","link":"https:\/\/www.europesays.com\/fr\/385592\/","title":{"rendered":"Roubaix. D&rsquo;abord rel\u00e2ch\u00e9, le voleur de voiture finalement interpell\u00e9 \u00e0 la terrasse d&rsquo;un caf\u00e9 le m\u00eame jour"},"content":{"rendered":"<p>            Par<br \/>\n        <strong><br \/>\n            <a href=\"https:\/\/actu.fr\/auteur\/margot-nicodeme\" title=\"Consulter tous les articles de Margot Nicod\u00e8me\" rel=\"nofollow noopener\" target=\"_blank\">Margot Nicod\u00e8me<\/a><br \/>\n        <\/strong><\/p>\n<p>        Publi\u00e9 le<\/p>\n<p>            12 sept. 2025 \u00e0 16h46        <\/p>\n<p><b>Un homme a \u00e9chapp\u00e9 \u00e0 la police une fois<\/b>, entre <a href=\"https:\/\/actu.fr\/hauts-de-france\/roubaix_59512\" rel=\"nofollow noopener\" target=\"_blank\">Roubaix<\/a> et <a href=\"https:\/\/actu.fr\/hauts-de-france\/croix_59163\" rel=\"nofollow noopener\" target=\"_blank\">Croix<\/a> (Nord) alors qu\u2019il avait <b>bel et bien vol\u00e9 une voiture<\/b>. N\u2019ayant pas la preuve du d\u00e9lit, les fonctionnaires de la <a href=\"https:\/\/actu.fr\/hauts-de-france\/tourcoing_59599\/tourcoing-un-policier-de-la-bac-en-surveillance-passe-a-tabac-par-plusieurs-individus-en-pleine-rue_63152255.html\" rel=\"nofollow noopener\" target=\"_blank\">brigade anticriminalit\u00e9 (BAC)<\/a> l\u2019ont rel\u00e2ch\u00e9\u2026 Et l\u2019individu \u00e9tait visiblement serein, puisqu\u2019il est all\u00e9 s\u2019installer \u00e0 une terrasse de caf\u00e9. Entre temps, les policiers ont retrouv\u00e9 la <a href=\"https:\/\/actu.fr\/hauts-de-france\/lille_59350\/lille-age-da-peine-18-ans-il-roulait-a-toute-vitesse-en-ville-dans-un-peugeot-5008-vole_61832156.html\" rel=\"nofollow noopener\" target=\"_blank\">Peugeot <\/a>308 subtilis\u00e9e en actionnant la cl\u00e9. Et ils sont all\u00e9s, dans la foul\u00e9e, interpeller le voleur.<\/p>\n<p>Rel\u00e2ch\u00e9, il est \u00e0 nouveau intercept\u00e9 par la police quand celle-ci retrouve la Peugeot qu\u2019il a vol\u00e9e<\/p>\n<p class=\" wall-content\">Les faits remontent au mercredi 10 septembre 2025 au soir. La police est en patrouille dans le <a href=\"https:\/\/actu.fr\/hauts-de-france\/roubaix_59512\/2-6-renovation-urbaine-a-lepeule-faire-un-quartier-jardin-avec-une-nouvelle-dynamique-commerciale_63071139.html\" rel=\"nofollow noopener\" target=\"_blank\">quartier de l\u2019Epeule<\/a> \u00e0 Roubaix, quand <b>ils voient un homme prendre la fuite \u00e0 pied<\/b> \u00e0 leur vue. Intrigu\u00e9s, ils partent \u00e0 sa poursuite et l\u2019interceptent plusieurs dizaines de m\u00e8tres plus loin. Dans sa course, l\u2019individu a jet\u00e9 la cl\u00e9 d\u2019un v\u00e9hicule Peugeot.\u00a0<\/p>\n<p class=\" wall-content\">Quand la cl\u00e9 est actionn\u00e9e, aucun v\u00e9hicule aux alentours ne lui \u00ab\u00a0r\u00e9pond\u00a0\u00bb. Sans preuve qu\u2019il s\u2019agisse d\u2019une voiture vol\u00e9e, ils laissent l\u2019homme repartir, mais continuent \u00e0 chercher. Et cela paie : finalement, rue L\u00e9on-Trulin \u00e0 Croix, une Peugeot 308 blanche finit par s\u2019ouvrir. Elle est affubl\u00e9e d\u2019<b>une fausse plaque d\u2019immatriculation<\/b>.<\/p>\n<p class=\" wall-content\">Par le biais de la vignette Crit\u2019air, les agents retrouvent la v\u00e9ritable plaque d\u2019immatriculation, et s\u2019aper\u00e7oivent que la Peugeot a \u00e9t\u00e9 <b>d\u00e9clar\u00e9e vol\u00e9e<\/b>. Ils repartent ainsi \u00e0 la recherche de l\u2019individu fra\u00eechement rel\u00e2ch\u00e9, et ne tardent pas \u00e0 le retrouver\u2026 <b>attabl\u00e9 \u00e0 la terrasse d\u2019un caf\u00e9 <\/b>\u00e0 proximit\u00e9. \u00c2g\u00e9 de 41 ans, il a \u00e9t\u00e9 interpell\u00e9 et plac\u00e9 en garde \u00e0 vue.<\/p>\n<p class=\" wall-content\">Personnalisez votre actualit\u00e9 en ajoutant vos villes et m\u00e9dias en favori avec <a href=\"https:\/\/moncompte.actu.fr\" title=\"D\u00e9couvez Mon Actu\" rel=\"nofollow noopener\" data-trk=\"{&quot;cta&quot;:{&quot;action&quot;:&quot;https:\\\/\\\/moncompte.actu.fr&quot;,&quot;category&quot;:&quot;mon compte&quot;,&quot;from&quot;:&quot;article footer&quot;,&quot;name&quot;:&quot;Mon actu&quot;,&quot;type&quot;:&quot;cta&quot;}}\" target=\"_blank\">Mon Actu<\/a>.<\/p>\n","protected":false},"excerpt":{"rendered":"Par Margot Nicod\u00e8me Publi\u00e9 le 12 sept. 2025 \u00e0 16h46 Un homme a \u00e9chapp\u00e9 \u00e0 la police une&hellip;\n","protected":false},"author":2,"featured_media":385593,"comment_status":"","ping_status":"","sticky":false,"template":"","format":"standard","meta":{"footnotes":""},"categories":[2815],"tags":[1111,11,646,1777,674,118,1011,27,811,1307,12,1072,25],"class_list":{"0":"post-385592","1":"post","2":"type-post","3":"status-publish","4":"format-standard","5":"has-post-thumbnail","7":"category-lille","8":"tag-actu","9":"tag-actualites","10":"tag-automobile","11":"tag-eu","12":"tag-europe","13":"tag-faits-divers","14":"tag-fr","15":"tag-france","16":"tag-hauts-de-france","17":"tag-lille","18":"tag-news","19":"tag-police","20":"tag-republique-francaise"},"share_on_mastodon":{"url":"https:\/\/pubeurope.com\/@fr\/115192037770287022","error":""},"_links":{"self":[{"href":"https:\/\/www.europesays.com\/fr\/wp-json\/wp\/v2\/posts\/385592","targetHints":{"allow":["GET"]}}],"collection":[{"href":"https:\/\/www.europesays.com\/fr\/wp-json\/wp\/v2\/posts"}],"about":[{"href":"https:\/\/www.europesays.com\/fr\/wp-json\/wp\/v2\/types\/post"}],"author":[{"embeddable":true,"href":"https:\/\/www.europesays.com\/fr\/wp-json\/wp\/v2\/users\/2"}],"replies":[{"embeddable":true,"href":"https:\/\/www.europesays.com\/fr\/wp-json\/wp\/v2\/comments?post=385592"}],"version-history":[{"count":0,"href":"https:\/\/www.europesays.com\/fr\/wp-json\/wp\/v2\/posts\/385592\/revisions"}],"wp:featuredmedia":[{"embeddable":true,"href":"https:\/\/www.europesays.com\/fr\/wp-json\/wp\/v2\/media\/385593"}],"wp:attachment":[{"href":"https:\/\/www.europesays.com\/fr\/wp-json\/wp\/v2\/media?parent=385592"}],"wp:term":[{"taxonomy":"category","embeddable":true,"href":"https:\/\/www.europesays.com\/fr\/wp-json\/wp\/v2\/categories?post=385592"},{"taxonomy":"post_tag","embeddable":true,"href":"https:\/\/www.europesays.com\/fr\/wp-json\/wp\/v2\/tags?post=385592"}],"curies":[{"name":"wp","href":"https:\/\/api.w.org\/{rel}","templated":true}]}}