{"id":385596,"date":"2025-09-12T15:30:14","date_gmt":"2025-09-12T15:30:14","guid":{"rendered":"https:\/\/www.europesays.com\/fr\/385596\/"},"modified":"2025-09-12T15:30:14","modified_gmt":"2025-09-12T15:30:14","slug":"le-brouillon-de-liste-qui-met-la-droite-en-emoi","status":"publish","type":"post","link":"https:\/\/www.europesays.com\/fr\/385596\/","title":{"rendered":"Le brouillon de liste qui met la droite en \u00e9moi"},"content":{"rendered":"<p>Et soudain, les t\u00e9l\u00e9phones ont chauff\u00e9. Jeudi \u00e0 la mi-journ\u00e9e, Jean-Baptiste Rivoallan, ancien proche de Martine Vassal <a href=\"https:\/\/www.laprovence.com\/article\/politique\/1449984425129414\/du-serieux-du-travail-etc-avec-les-municipales-en-ligne-de-mire-le-rn-erige-rognac-en-modele\" target=\"_blank\" rel=\"noopener\">pass\u00e9 dans l\u2019union UDR-RN<\/a>, postait sur son compte X une photo, imm\u00e9diatement relay\u00e9e sur les boucles internes \u00e0 la droite marseillaise.<\/p>\n<p>Entre la Une de La Provence o\u00f9 l\u2019on devine le visage de Renaud Muselier et un gobelet de caf\u00e9, une liste de noms griffonn\u00e9s sur un coin de table qui pourraient \u00eatre ceux des 15 premiers candidats sur la liste d<a href=\"https:\/\/www.laprovence.com\/article\/politique\/3634658254941914\/municipales-2026-l-union-de-la-droite-a-marseille-aujourd-hui-c-est-un-fait-affirme-romain-simmarano\" target=\"_blank\" rel=\"noopener\">\u2019union de la droite pour les municipales<\/a>. L\u2019image qu\u2019il dit tenir d'\u00a0\u00bbun ami bien plac\u00e9 \u00e0 la M\u00e9tropole\u00a0\u00bb a mis rapidement les pr\u00e9sents et les absents de la fameuse liste en \u00e9moi.<\/p>\n<p>Qui de s\u2019escrimer \u00e0 trouver qui se cache derri\u00e8re le 15e\u00a0nom peu lisible. Qui de s\u2019interroger sur les points de suspension et le point d\u2019interrogation rajout\u00e9s dans une autre couleur apr\u00e8s le nom de Bruno Gilles. Et nombreux de tenter surtout de savoir si le brouillon avait une quelconque valeur sur leur destin personnel \u00e0 venir ou s\u2019il s\u2019agissait d\u2019une tentative de d\u00e9stabilisation du camp d\u2019en face. \u00ab\u00a0Le but n\u2019\u00e9tait absolument pas de mettre la panique chez les autres\u00a0\u00bb, se d\u00e9lecte Jean-Baptiste Rivoallan, transfuge de LR ralli\u00e9 \u00e0 \u00c9ric Ciotti en\u00a02024, qu&#8230;<\/p>\n","protected":false},"excerpt":{"rendered":"Et soudain, les t\u00e9l\u00e9phones ont chauff\u00e9. Jeudi \u00e0 la mi-journ\u00e9e, Jean-Baptiste Rivoallan, ancien proche de Martine Vassal pass\u00e9&hellip;\n","protected":false},"author":2,"featured_media":385597,"comment_status":"","ping_status":"","sticky":false,"template":"","format":"standard","meta":{"footnotes":""},"categories":[2814],"tags":[17,1111,11,51820,6592,1777,674,1011,27,5110,884,3736,3434,12,882,3583,16,25],"class_list":{"0":"post-385596","1":"post","2":"type-post","3":"status-publish","4":"format-standard","5":"has-post-thumbnail","7":"category-marseille","8":"tag-17","9":"tag-actu","10":"tag-actualites","11":"tag-brouillon","12":"tag-droite","13":"tag-eu","14":"tag-europe","15":"tag-fr","16":"tag-france","17":"tag-liste","18":"tag-marseille","19":"tag-met","20":"tag-municipales-2026","21":"tag-news","22":"tag-provence-alpes-cote-dazur","23":"tag-qui","24":"tag-region","25":"tag-republique-francaise"},"share_on_mastodon":{"url":"https:\/\/pubeurope.com\/@fr\/115192045622440620","error":""},"_links":{"self":[{"href":"https:\/\/www.europesays.com\/fr\/wp-json\/wp\/v2\/posts\/385596","targetHints":{"allow":["GET"]}}],"collection":[{"href":"https:\/\/www.europesays.com\/fr\/wp-json\/wp\/v2\/posts"}],"about":[{"href":"https:\/\/www.europesays.com\/fr\/wp-json\/wp\/v2\/types\/post"}],"author":[{"embeddable":true,"href":"https:\/\/www.europesays.com\/fr\/wp-json\/wp\/v2\/users\/2"}],"replies":[{"embeddable":true,"href":"https:\/\/www.europesays.com\/fr\/wp-json\/wp\/v2\/comments?post=385596"}],"version-history":[{"count":0,"href":"https:\/\/www.europesays.com\/fr\/wp-json\/wp\/v2\/posts\/385596\/revisions"}],"wp:featuredmedia":[{"embeddable":true,"href":"https:\/\/www.europesays.com\/fr\/wp-json\/wp\/v2\/media\/385597"}],"wp:attachment":[{"href":"https:\/\/www.europesays.com\/fr\/wp-json\/wp\/v2\/media?parent=385596"}],"wp:term":[{"taxonomy":"category","embeddable":true,"href":"https:\/\/www.europesays.com\/fr\/wp-json\/wp\/v2\/categories?post=385596"},{"taxonomy":"post_tag","embeddable":true,"href":"https:\/\/www.europesays.com\/fr\/wp-json\/wp\/v2\/tags?post=385596"}],"curies":[{"name":"wp","href":"https:\/\/api.w.org\/{rel}","templated":true}]}}