{"id":385600,"date":"2025-09-12T15:32:10","date_gmt":"2025-09-12T15:32:10","guid":{"rendered":"https:\/\/www.europesays.com\/fr\/385600\/"},"modified":"2025-09-12T15:32:10","modified_gmt":"2025-09-12T15:32:10","slug":"le-trafic-des-trains-tres-fortement-perturbe-a-lyon-apres-un-vol-de-cables-dimportants-retards-a-prevoir","status":"publish","type":"post","link":"https:\/\/www.europesays.com\/fr\/385600\/","title":{"rendered":"Le trafic des trains tr\u00e8s fortement perturb\u00e9 \u00e0 Lyon apr\u00e8s un vol de c\u00e2bles, d&rsquo;importants retards \u00e0 pr\u00e9voir"},"content":{"rendered":"<p itemprop=\"description\"><strong>La gal\u00e8re ce vendredi pour les voyageurs.<\/strong><\/p>\n<p>Si vous devez prendre le train ce vendredi, pr\u00e9parez-vous \u00e0 avoir du retard. Le trafic TGV sur la ligne Sud-Est en effet fortement perturb\u00e9 en raison d\u2019une \u00ab\u00a0panne de signalisation caus\u00e9e par un vol de c\u00e2ble\u00a0\u00bb. Les faits se sont d\u00e9roul\u00e9s \u00ab\u00a0aux abords de la gare du Creusot-Montchanin\u00a0\u00bb en Sa\u00f4ne-et-Loire, a fait savoir la SNCF.<\/p>\n<p>Ce vol de c\u00e2ble, qui n\u2019est pas le premier sur la ligne, entra\u00eene d\u2019importants retards sur les trains au d\u00e9part et \u00e0 l\u2019arriv\u00e9e \u00e0 Lyon. Plus de 2h30 pour certains trajets\u2026 Un retour \u00e0 la normale est esp\u00e9r\u00e9 ce samedi matin. Les perturbations devraient durer toute la journ\u00e9e de ce vendredi.<\/p>\n<p>A noter qu\u2019un incident similaire avait provoqu\u00e9 d\u2019importantes perturbations sur la LGC Sud-Est \u00e0 la fin du mois d\u2019ao\u00fbt.\u00a0<\/p>\n","protected":false},"excerpt":{"rendered":"La gal\u00e8re ce vendredi pour les voyageurs. Si vous devez prendre le train ce vendredi, pr\u00e9parez-vous \u00e0 avoir&hellip;\n","protected":false},"author":2,"featured_media":385601,"comment_status":"","ping_status":"","sticky":false,"template":"","format":"standard","meta":{"footnotes":""},"categories":[1889],"tags":[1111,11,2813,2190,2430,1109,251,1112,2811,1777,674,118,1011,27,1922,1110,1114,2428,2810,12,241,316,25,2812,517,800],"class_list":{"0":"post-385600","1":"post","2":"type-post","3":"status-publish","4":"format-standard","5":"has-post-thumbnail","7":"category-lyon","8":"tag-actu","9":"tag-actualites","10":"tag-article","11":"tag-asvel","12":"tag-auvergne-rhone-alpes","13":"tag-breves","14":"tag-culture","15":"tag-depeches","16":"tag-economique","17":"tag-eu","18":"tag-europe","19":"tag-faits-divers","20":"tag-fr","21":"tag-france","22":"tag-info","23":"tag-informations","24":"tag-infos","25":"tag-lyon","26":"tag-lyonmag","27":"tag-news","28":"tag-ol","29":"tag-politique","30":"tag-republique-francaise","31":"tag-sociale","32":"tag-sport","33":"tag-transports"},"share_on_mastodon":{"url":"https:\/\/pubeurope.com\/@fr\/115192053439915615","error":""},"_links":{"self":[{"href":"https:\/\/www.europesays.com\/fr\/wp-json\/wp\/v2\/posts\/385600","targetHints":{"allow":["GET"]}}],"collection":[{"href":"https:\/\/www.europesays.com\/fr\/wp-json\/wp\/v2\/posts"}],"about":[{"href":"https:\/\/www.europesays.com\/fr\/wp-json\/wp\/v2\/types\/post"}],"author":[{"embeddable":true,"href":"https:\/\/www.europesays.com\/fr\/wp-json\/wp\/v2\/users\/2"}],"replies":[{"embeddable":true,"href":"https:\/\/www.europesays.com\/fr\/wp-json\/wp\/v2\/comments?post=385600"}],"version-history":[{"count":0,"href":"https:\/\/www.europesays.com\/fr\/wp-json\/wp\/v2\/posts\/385600\/revisions"}],"wp:featuredmedia":[{"embeddable":true,"href":"https:\/\/www.europesays.com\/fr\/wp-json\/wp\/v2\/media\/385601"}],"wp:attachment":[{"href":"https:\/\/www.europesays.com\/fr\/wp-json\/wp\/v2\/media?parent=385600"}],"wp:term":[{"taxonomy":"category","embeddable":true,"href":"https:\/\/www.europesays.com\/fr\/wp-json\/wp\/v2\/categories?post=385600"},{"taxonomy":"post_tag","embeddable":true,"href":"https:\/\/www.europesays.com\/fr\/wp-json\/wp\/v2\/tags?post=385600"}],"curies":[{"name":"wp","href":"https:\/\/api.w.org\/{rel}","templated":true}]}}