{"id":385624,"date":"2025-09-12T15:47:19","date_gmt":"2025-09-12T15:47:19","guid":{"rendered":"https:\/\/www.europesays.com\/fr\/385624\/"},"modified":"2025-09-12T15:47:19","modified_gmt":"2025-09-12T15:47:19","slug":"un-grand-village-viking-gratuit-va-sinstaller-pres-du-chateau-deu-les-20-et-21-septembre","status":"publish","type":"post","link":"https:\/\/www.europesays.com\/fr\/385624\/","title":{"rendered":"Un grand village viking gratuit va s\u2019installer pr\u00e8s du ch\u00e2teau d\u2019Eu, les 20 et 21 septembre"},"content":{"rendered":"<p>            Par<br \/>\n        <strong><br \/>\n            <a href=\"https:\/\/actu.fr\/auteur\/jerome-buresi\" title=\"Consulter tous les articles de J\u00e9r\u00f4me Buresi\" rel=\"nofollow noopener\" target=\"_blank\">J\u00e9r\u00f4me Buresi<\/a><br \/>\n        <\/strong><\/p>\n<p>        Publi\u00e9 le<\/p>\n<p>            12 sept. 2025 \u00e0 17h02        <\/p>\n<p data-end=\"494\">Les premiers chalets sont arriv\u00e9s en contrebas du ch\u00e2teau d\u2019<a href=\"https:\/\/actu.fr\/l-informateur-d-eu\/\" rel=\"nofollow noopener\" target=\"_blank\">Eu<\/a>, en <b>Seine-Maritime<\/b>. Les organisateurs s\u2019activent pour \u00eatre pr\u00eats le week-end des 20 et 21\u00a0septembre 2025. L\u2019association Histoire en f\u00eate Normandie organise la premi\u00e8re \u00e9dition de sa <b>f\u00eate viking<\/b>. Elle aura lieu en parall\u00e8le des <a href=\"https:\/\/www.ville-eu.fr\/journees-europeennes-du-patrimoine\" rel=\"nofollow noopener\" target=\"_blank\">Journ\u00e9es europ\u00e9ennes du patrimoine<\/a>.<\/p>\n<p>    <img   decoding=\"async\" loading=\"lazy\" class=\"size-large\" src=\"https:\/\/www.europesays.com\/fr\/wp-content\/uploads\/2025\/09\/52ce18f034c8656ce18f034c82ace1v-960x640.jpg\" alt=\"Eu annonce village viking\" width=\"960\" height=\"640\"\/><br \/>\n    Les chalets sont en cours d\u2019installation pr\u00e8s du parc du ch\u00e2teau d\u2019Eu. \u00a9L\u2019Informateur d\u2019EuUne manifestation gratuite<\/p>\n<p data-end=\"834\" class=\" wall-content\">L\u2019association est pr\u00e9sid\u00e9e par Robin Devogelaere. \u00ab\u2009L\u2019objectif de notre association est de proposer des animations historiques. Il s\u2019agit d\u2019apprendre l\u2019histoire, mais en <b>s\u2019amusant<\/b>\u2009\u00bb.<\/p>\n<p data-end=\"834\" class=\" wall-content\">Le choix de ces dates est, selon lui, particuli\u00e8rement int\u00e9ressant\u2009: \u00ab\u2009Cela permet de donner un <b>visage au patrimoine<\/b>\u2009\u00bb.<\/p>\n<p data-end=\"1063\" class=\" wall-content\">Les organisateurs peuvent par ailleurs s\u2019appuyer sur un pr\u00e9c\u00e9dent qui a laiss\u00e9 de nombreux souvenirs\u2009: le village viking organis\u00e9 \u00e0 Eu, jusqu\u2019en 2007. \u00ab\u2009Notre volont\u00e9 est toutefois de proposer un \u00e9v\u00e9nement annuel et <b>gratuit<\/b>\u2009\u00bb.<\/p>\n<p>Vid\u00e9os : en ce moment sur ActuUn village avec de nombreuses activit\u00e9s<br \/>\n    <img   decoding=\"async\" loading=\"lazy\" class=\"size-large\" src=\"https:\/\/www.europesays.com\/fr\/wp-content\/uploads\/2025\/09\/9df889391e186c20989391e18c6098v-960x640.jpg\" alt=\"Eu annonce camp viking septembre 2025\" width=\"960\" height=\"640\"\/><br \/>\n    Les organisateurs travaillent en collaboration avec l\u2019association les Enfants de Rollon, de Canteleu. \u00a9L\u2019Informateur d\u2019Eu<\/p>\n<p data-end=\"1394\" class=\" wall-content\">Un v\u00e9ritable <b>village<\/b> prendra place sur un espace de plus de deux hectares. L\u2019acc\u00e8s se fera par l\u2019all\u00e9e du Bastion, pr\u00e8s du bras mort. \u00ab\u2009Nous organisons cette manifestation avec l\u2019association <b>Les Enfants de Rollon<\/b>, de Canteleu, qui am\u00e8nent leurs Vikings et leur camp reconstitu\u00e9\u2009\u00bb.<\/p>\n<p>Votre r\u00e9gion, votre actu !<\/p>\n<p>Recevez chaque jour les infos qui comptent pour vous.<\/p>\n<p>\t<a href=\"https:\/\/actu.fr\/newsletter\" class=\"ac-btn ac-btn--corner ac-btn--medium ac-btn--blue800\" rel=\"nofollow noopener\" target=\"_blank\">S&rsquo;incrire<\/a><\/p>\n<p data-end=\"1557\" class=\" wall-content\">La manifestation sera ouverte de 10\u2009h \u00e0 18\u2009h. \u00ab\u2009Le site pla\u00eet \u00e0 nos Vikings, en raison de la pr\u00e9sence d\u2019un arbre qui peut rappeler l\u2019arbre de vie, Yggdrasil\u2009\u00bb.<\/p>\n<p data-end=\"1942\" class=\" wall-content\">De nombreuses animations seront propos\u00e9es en continu\u2009: <b>march\u00e9 artisanal et m\u00e9di\u00e9val<\/b>, tatouage pour adultes, ferme p\u00e9dagogique, forge, cotte de mailles, maquillage, drakkar sur roues, broderie, tombola, gravure, conteur pour la jeunesse.<\/p>\n<p data-end=\"1942\" class=\" wall-content\">Une association proposera \u00e9galement des activit\u00e9s (payantes) de <b>lancer de haches<\/b>, accessibles aux enfants comme aux adultes\u2026 en toute s\u00e9curit\u00e9\u2009!<\/p>\n<p data-end=\"2227\" class=\" wall-content\">Un troubadour animera des <b>ateliers de musique m\u00e9di\u00e9vale <\/b>et fera d\u00e9couvrir des instruments d\u2019\u00e9poque. \u00ab<a href=\"https:\/\/actu.fr\/normandie\/valognes_50615\/de-la-cotte-de-mailles-a-la-musique-medievale-qui-est-jocelyn-daprey-vainqueur-deloquentia-a-cherbourg_62652992.html\" rel=\"nofollow noopener\" target=\"_blank\">\u2009Jocelyn Daprey<\/a> est un Normand passionn\u00e9. Il appartient aussi \u00e0 Courceval, un groupe de musiciens qui recr\u00e9ent des morceaux modernes en style m\u00e9di\u00e9val\u2009\u00bb, indique Robin Devogelaere.<\/p>\n<p data-end=\"2444\" class=\" wall-content\">Les amateurs de sports de combat pourront assister \u00e0 des d\u00e9monstrations et m\u00eame s\u2019initier au<b> b\u00e9hourd<\/b>, les deux jours, de 14\u2009h \u00e0 16\u2009h\u200930. Ce sport implique l\u2019utilisation d\u2019armes et d\u2019armures inspir\u00e9es du Moyen \u00c2ge.<\/p>\n<p data-end=\"2555\" class=\" wall-content\">Plus calme, un atelier de cr\u00e9ation en bois sera ouvert aux enfants, de 10\u2009h \u00e0 12\u2009h et de 14\u2009h\u200930 \u00e0 16\u2009h\u200930.<\/p>\n<p>Le souvenir de Guillaume et des Vikings<\/p>\n<p>Robin Devogelaere, \u00e9galement conseiller r\u00e9gional de Normandie, souligne que la cr\u00e9ation de l&rsquo;association s&rsquo;inscrit dans tous les \u00e9v\u00e9nements, voulus par Herv\u00e9 Morin, le pr\u00e9sident de R\u00e9gion, et la R\u00e9gion Normandie, pour pr\u00e9parer les c\u00e9l\u00e9brations du mill\u00e9naire de la naissance de\u00a0Guillaume le Conqu\u00e9rant, en 2027. \u00ab Cela a du sens \u00e0 Eu, car c&rsquo;est dans la ville que Guillaume a \u00e9pous\u00e9 Mathilde \u00bb. Un mariage sera d&rsquo;ailleurs reconstitu\u00e9, le dimanche, avant la messe \u00e0 la coll\u00e9giale, vers 10 h.<br \/>&#13;<br \/>\nLa manifestation s&rsquo;attache cependant \u00e0 une \u00e9poque plus ancienne : celle des invasions vikings et de la fondation de la Normandie en 911. Un autre \u00e9pisode historique qui a du sens \u00e0 Eu. En 925, les Francs p\u00e9n\u00e8trent en territoire normand par la Bresle, \u00e0 Eu. C&rsquo;est la bataille de l&rsquo;Isle, perdue par les Normands du duc Rollon. Une st\u00e8le comm\u00e9morative est aujourd&rsquo;hui visible sur le chemin Entre Verre et Mer, non loin des jardins ouvriers, en direction de Ponts-et-Marais. Des nouveaux panneaux d&rsquo;informations rythment \u00e9galement l&rsquo;itin\u00e9raire.<br \/>&#13;<br \/>\nDans son livre La Ville d&rsquo;Eu au Moyen \u00c2ge, paru en 2020, Guillaume Blondel pr\u00e9cise que cette bataille \u00ab est la premi\u00e8re mention connue de la ville d&rsquo;Eu \u00bb et qu&rsquo;elle figure dans les chroniques de Flodoard, datant du Xe\u00a0si\u00e8cle. Il reste toutefois prudent : \u00ab Il n&rsquo;est pas totalement confirm\u00e9 que Rollon ait lui-m\u00eame particip\u00e9 \u00e0 cette bataille, ni m\u00eame qu&rsquo;il y ait \u00e9t\u00e9 pr\u00e9sent \u00bb.<\/p>\n<p>De nombreux partenaires<br \/>\n    <img   decoding=\"async\" loading=\"lazy\" class=\"size-large\" src=\"https:\/\/www.europesays.com\/fr\/wp-content\/uploads\/2025\/09\/4a70af3534c868e70af3534c85280av-960x640.jpg\" alt=\"Eu bataille de l'isle\" width=\"960\" height=\"640\"\/><br \/>\n    En 925, les Francs p\u00e9n\u00e8trent en territoire normand par la Bresle, \u00e0 Eu. C\u2019est la bataille de l\u2019Isle, perdue par les Normands du duc Rollon. \u00a9L\u2019Informateur d\u2019Eu<\/p>\n<p data-end=\"2896\" class=\" wall-content\">Une r<b>estauration sur place<\/b> sera propos\u00e9e, gr\u00e2ce \u00e0 l\u2019Amicale des sapeurs-pompiers des Pr\u00e9s-Sal\u00e9s de Eu.<\/p>\n<p data-end=\"2896\" class=\" wall-content\">\u00c0 proximit\u00e9 du site, les visiteurs pourront \u00e9galement d\u00e9couvrir les <b>activit\u00e9s \u00e9questres <\/b>des <a href=\"https:\/\/www.facebook.com\/p\/Ecurie-du-ch%C3%A2teau-de-Eu-100091978976740\/\" rel=\"nofollow noopener\" target=\"_blank\">\u00c9curies du Ch\u00e2teau d\u2019Eu<\/a>, qui organisent une op\u00e9ration portes ouvertes le dimanche 21\u00a0septembre, de 14\u2009h \u00e0 17\u2009h.<\/p>\n<p data-end=\"3267\" class=\" wall-content\">\u00ab\u2009Nous pouvons compter sur de nombreux partenaires et donateurs. Les commer\u00e7ants de la ville sont tr\u00e8s volontaires\u2009\u00bb.<\/p>\n<p data-end=\"3267\" class=\" wall-content\">L\u2019association remercie par ailleurs le propri\u00e9taire des terrains, Charles-Louis d\u2019Orl\u00e9ans, le cultivateur, ainsi que les partenaires institutionnels\u2009: la Ville d\u2019Eu et ses services techniques, le D\u00e9partement de Seine-Maritime et la R\u00e9gion Normandie.<\/p>\n<p>Le site sera ouvert samedi\u00a020 et dimanche 21\u00a0septembre 2025, all\u00e9e du Bastion \u00e0 Eu, de 10\u2009h \u00e0 18\u2009h. Entr\u00e9e gratuite. Informations sur la page Facebook\u2009: <a href=\"https:\/\/www.facebook.com\/profile.php?id=61575950857780\" rel=\"nofollow noopener\" target=\"_blank\">Histoire en F\u00eate Normandie<\/a>.<\/p>\n<p class=\" wall-content\">Personnalisez votre actualit\u00e9 en ajoutant vos villes et m\u00e9dias en favori avec <a href=\"https:\/\/moncompte.actu.fr\" title=\"D\u00e9couvez Mon Actu\" rel=\"nofollow noopener\" data-trk=\"{&quot;cta&quot;:{&quot;action&quot;:&quot;https:\\\/\\\/moncompte.actu.fr&quot;,&quot;category&quot;:&quot;mon compte&quot;,&quot;from&quot;:&quot;article footer&quot;,&quot;name&quot;:&quot;Mon actu&quot;,&quot;type&quot;:&quot;cta&quot;}}\" target=\"_blank\">Mon Actu<\/a>.<\/p>\n","protected":false},"excerpt":{"rendered":"Par J\u00e9r\u00f4me Buresi Publi\u00e9 le 12 sept. 2025 \u00e0 17h02 Les premiers chalets sont arriv\u00e9s en contrebas du&hellip;\n","protected":false},"author":2,"featured_media":385625,"comment_status":"","ping_status":"","sticky":false,"template":"","format":"standard","meta":{"footnotes":""},"categories":[1586],"tags":[11,1777,674,1779,1011,27,937,12,13095,25,104,1778,364,3587],"class_list":{"0":"post-385624","1":"post","2":"type-post","3":"status-publish","4":"format-standard","5":"has-post-thumbnail","7":"category-europe","8":"tag-actualites","9":"tag-eu","10":"tag-europe","11":"tag-european-union","12":"tag-fr","13":"tag-france","14":"tag-histoire","15":"tag-news","16":"tag-region-normandie","17":"tag-republique-francaise","18":"tag-societe","19":"tag-ue","20":"tag-union-europeenne","21":"tag-villes-soeurs"},"share_on_mastodon":{"url":"https:\/\/pubeurope.com\/@fr\/115192112780671008","error":""},"_links":{"self":[{"href":"https:\/\/www.europesays.com\/fr\/wp-json\/wp\/v2\/posts\/385624","targetHints":{"allow":["GET"]}}],"collection":[{"href":"https:\/\/www.europesays.com\/fr\/wp-json\/wp\/v2\/posts"}],"about":[{"href":"https:\/\/www.europesays.com\/fr\/wp-json\/wp\/v2\/types\/post"}],"author":[{"embeddable":true,"href":"https:\/\/www.europesays.com\/fr\/wp-json\/wp\/v2\/users\/2"}],"replies":[{"embeddable":true,"href":"https:\/\/www.europesays.com\/fr\/wp-json\/wp\/v2\/comments?post=385624"}],"version-history":[{"count":0,"href":"https:\/\/www.europesays.com\/fr\/wp-json\/wp\/v2\/posts\/385624\/revisions"}],"wp:featuredmedia":[{"embeddable":true,"href":"https:\/\/www.europesays.com\/fr\/wp-json\/wp\/v2\/media\/385625"}],"wp:attachment":[{"href":"https:\/\/www.europesays.com\/fr\/wp-json\/wp\/v2\/media?parent=385624"}],"wp:term":[{"taxonomy":"category","embeddable":true,"href":"https:\/\/www.europesays.com\/fr\/wp-json\/wp\/v2\/categories?post=385624"},{"taxonomy":"post_tag","embeddable":true,"href":"https:\/\/www.europesays.com\/fr\/wp-json\/wp\/v2\/tags?post=385624"}],"curies":[{"name":"wp","href":"https:\/\/api.w.org\/{rel}","templated":true}]}}