{"id":385635,"date":"2025-09-12T15:54:16","date_gmt":"2025-09-12T15:54:16","guid":{"rendered":"https:\/\/www.europesays.com\/fr\/385635\/"},"modified":"2025-09-12T15:54:16","modified_gmt":"2025-09-12T15:54:16","slug":"atp-mouratoglou-le-conflit-entre-ferrero-et-alcaraz-a-ete-benefique-pour-les-deux-carlos-alcaraz-sait-quil-doit-prendre-tres-au-serieux-ses-entrainements-ses-matchs-tout-juan-carlos-a-egalem","status":"publish","type":"post","link":"https:\/\/www.europesays.com\/fr\/385635\/","title":{"rendered":"ATP > Mouratoglou : \u00ab\u00a0Le conflit entre Ferrero et Alcaraz a \u00e9t\u00e9 b\u00e9n\u00e9fique pour les deux. Carlos Alcaraz sait qu&rsquo;il doit prendre tr\u00e8s au s\u00e9rieux ses entra\u00eenements, ses matchs, tout. Juan Carlos a \u00e9galement compris qu&rsquo;il est jeune et qu&rsquo;il a aussi besoin de temps libre et de profiter de la vie\u00a0\u00bb"},"content":{"rendered":"<p>Dans sa derni\u00e8re vid\u00e9o publi\u00e9e sur Instagram \u00e0 propos du r\u00e9cent sacre de Carlos Alcaraz \u00e0 l\u2019US Open, Patrick Mouratoglou a estim\u00e9 que le conflit qui oppo\u00adsait le joueur espa\u00adgnol \u00e0 son entra\u00ee\u00adneur, Juan Carlos Ferrero, concer\u00adnant le temps libre, les avait aid\u00e9s \u00e0 mieux comprendre.<\/p>\n<p><strong>\u00ab\u202fIls sont parvenus \u00e0 un compromis. Carlos Alcaraz sait qu\u2019il doit prendre tr\u00e8s au s\u00e9rieux son entra\u00ee\u00adne\u00adment, ses matchs, tout. Il doit \u00eatre profes\u00adsionnel s\u2019il veut devenir ce qu\u2019il peut devenir et exprimer son poten\u00adtiel. Et je pense que Juan Carlos a \u00e9gale\u00adment compris qu\u2019il est jeune et qu\u2019il a aussi besoin de temps libre et de profiter de la vie. Tout au long de l\u2019US Open, on sentait qu\u2019il \u00e9tait heureux d\u2019avoir pu profiter de son temps libre. Et quand il est revenu, il \u00e9tait tota\u00adle\u00adment concentr\u00e9. Honn\u00eatement, je n\u2019ai jamais vu Carlos aussi concentr\u00e9 \u00e0 chaque match pendant un Grand Chelem. Leur dispute a \u00e9t\u00e9 b\u00e9n\u00e9\u00adfique pour les\u00a0deux.\u202f\u00bb<\/strong><\/p>\n<p class=\"post-published-date\" style=\"color: silver; font-size: 75%; text-align: left;\">Publi\u00e9 le vendredi 12 septembre 2025 \u00e0 15:15<\/p>\n","protected":false},"excerpt":{"rendered":"Dans sa derni\u00e8re vid\u00e9o publi\u00e9e sur Instagram \u00e0 propos du r\u00e9cent sacre de Carlos Alcaraz \u00e0 l\u2019US Open,&hellip;\n","protected":false},"author":2,"featured_media":381911,"comment_status":"","ping_status":"","sticky":false,"template":"","format":"standard","meta":{"footnotes":""},"categories":[1415],"tags":[1744,7275,1011,27,60,1467],"class_list":{"0":"post-385635","1":"post","2":"type-post","3":"status-publish","4":"format-standard","5":"has-post-thumbnail","7":"category-tennis","8":"tag-alcaraz","9":"tag-ferrero","10":"tag-fr","11":"tag-france","12":"tag-sports","13":"tag-tennis"},"share_on_mastodon":{"url":"https:\/\/pubeurope.com\/@fr\/115192139800031544","error":""},"_links":{"self":[{"href":"https:\/\/www.europesays.com\/fr\/wp-json\/wp\/v2\/posts\/385635","targetHints":{"allow":["GET"]}}],"collection":[{"href":"https:\/\/www.europesays.com\/fr\/wp-json\/wp\/v2\/posts"}],"about":[{"href":"https:\/\/www.europesays.com\/fr\/wp-json\/wp\/v2\/types\/post"}],"author":[{"embeddable":true,"href":"https:\/\/www.europesays.com\/fr\/wp-json\/wp\/v2\/users\/2"}],"replies":[{"embeddable":true,"href":"https:\/\/www.europesays.com\/fr\/wp-json\/wp\/v2\/comments?post=385635"}],"version-history":[{"count":0,"href":"https:\/\/www.europesays.com\/fr\/wp-json\/wp\/v2\/posts\/385635\/revisions"}],"wp:featuredmedia":[{"embeddable":true,"href":"https:\/\/www.europesays.com\/fr\/wp-json\/wp\/v2\/media\/381911"}],"wp:attachment":[{"href":"https:\/\/www.europesays.com\/fr\/wp-json\/wp\/v2\/media?parent=385635"}],"wp:term":[{"taxonomy":"category","embeddable":true,"href":"https:\/\/www.europesays.com\/fr\/wp-json\/wp\/v2\/categories?post=385635"},{"taxonomy":"post_tag","embeddable":true,"href":"https:\/\/www.europesays.com\/fr\/wp-json\/wp\/v2\/tags?post=385635"}],"curies":[{"name":"wp","href":"https:\/\/api.w.org\/{rel}","templated":true}]}}