{"id":385636,"date":"2025-09-12T15:56:15","date_gmt":"2025-09-12T15:56:15","guid":{"rendered":"https:\/\/www.europesays.com\/fr\/385636\/"},"modified":"2025-09-12T15:56:15","modified_gmt":"2025-09-12T15:56:15","slug":"pourquoi-utiliser-le-v4-en-course-reste-interdit-aux-titulaires-yamaha","status":"publish","type":"post","link":"https:\/\/www.europesays.com\/fr\/385636\/","title":{"rendered":"Pourquoi utiliser le V4 en course reste interdit aux titulaires Yamaha"},"content":{"rendered":"<p>Le V4 Yamaha fait ses grands d\u00e9buts en comp\u00e9tition ce week-end, au Grand Prix de Saint-Marin, par le biais d&rsquo;une wild-card pour <a href=\"https:\/\/fr.motorsport.com\/driver\/augusto-fernandez\/452210\/\" target=\"_blank\" rel=\"noopener nofollow\">Augusto Fern\u00e1ndez<\/a>, le principal pilote d&rsquo;essais du constructeur japonais. L&rsquo;Espagnol sera le seul \u00e0 utiliser ce V4 en course cette ann\u00e9e, les titulaires \u00e9tant contraints de conserver le quatre cylindres en ligne.<\/p>\n<p>Sur les machines des pilotes disputant l&rsquo;int\u00e9gralit\u00e9 de la saison, le r\u00e8glement impose d&rsquo;avoir une homologation du moteur pour l&rsquo;ensemble de l&rsquo;ann\u00e9e&#8230; mais en \u00e9tant dans la cat\u00e9gorie D des concessions, Yamaha n&rsquo;est pas soumis \u00e0 cette r\u00e8gle. La marque a donc bel et bien le droit de faire \u00e9voluer son moteur comme bon lui semble, y compris de passer d&rsquo;un quatre cylindres \u00e0 un V4 en cours d&rsquo;ann\u00e9e, sauf que d&rsquo;autres limites entrent en compte.<\/p>\n<p>Lire aussi :<\/p>\n<p>Dans la cat\u00e9gorie D des concessions, Yamaha a droit \u00e0 un total de trois car\u00e9nages pour l&rsquo;ann\u00e9e et ils ont d\u00e9j\u00e0 tous \u00e9t\u00e9 lanc\u00e9s. Avec une disposition diff\u00e9rente dans la moto, un car\u00e9nage diff\u00e9rent est n\u00e9cessaire pour le V4, mais les pilotes de l&rsquo;\u00e9quipe officielle et de Pramac n&rsquo;ont pas l&rsquo;autorisation de l&rsquo;utiliser. D&rsquo;autres limites techniques sont \u00e9galement pos\u00e9es par le r\u00e8glement.<\/p>\n<p>\u00ab\u00a0Nous avons d\u00e9j\u00e0 homologu\u00e9 toutes les sp\u00e9cifications a\u00e9rodynamiques, mais aussi les bo\u00eetes de vitesses\u00a0\u00bb, a pr\u00e9cis\u00e9 Massimo Meregalli, patron de l&rsquo;\u00e9quipe Yamaha officielle, au site du MotoGP. \u00ab\u00a0C&rsquo;est l&rsquo;une des raisons pour lesquelles nous n&rsquo;avons pas pu le faire, mais les ressources ne sont pas non plus suffisantes. On a juste deux exemplaires et ils doivent \u00eatre utilis\u00e9s par Augusto pour d\u00e9velopper la moto.\u00a0\u00bb<\/p>\n<p>Plusieurs wild-cards au programme<\/p>\n<p>Avant une possible arriv\u00e9e du V4 sur les motos officielles l&rsquo;an prochain, Fern\u00e1ndez va ainsi poursuivre le d\u00e9veloppement avec de nouvelles wild-cards avant la fin de la saison. \u00ab\u00a0Il y a une tr\u00e8s forte possibilit\u00e9\u00a0\u00bb, a confirm\u00e9 Meregalli. \u00ab\u00a0Ce ne sera pas \u00e0 Motegi [course \u00e0 domicile de Yamaha, ndlr] mais en Malaisie, et probablement \u00e0 Valence. Cela d\u00e9pend de comment ce week-end se passera.\u00a0\u00bb<\/p>\n<p>\u00ab\u00a0Le but est vraiment d&rsquo;aller en Malaisie, o\u00f9 les conditions sont extr\u00eamement difficiles. Une wild-card est la meilleure fa\u00e7on de solliciter la moto. Faire une course dans des conditions tr\u00e8s chaudes apportera des sollicitations suppl\u00e9mentaires. Pour moi, c&rsquo;est fondamental.\u00a0\u00bb<\/p>\n<p>Les wild-cards sont \u00ab\u00a0la meilleure fa\u00e7on de solliciter vraiment la moto et de voir ses performances d&rsquo;une fa\u00e7on correcte\u00a0\u00bb selon Meregalli, et cela s&rsquo;est vu ce vendredi matin, puisque Fern\u00e1ndez a d\u00fb s&rsquo;arr\u00eater en bord de piste avec sa premi\u00e8re moto, m\u00eame si cette derni\u00e8re ne laissait \u00e9chapper aucune fum\u00e9e. Le pilote d&rsquo;essais a termin\u00e9 la s\u00e9ance \u00e0 moins d&rsquo;une seconde de <a href=\"https:\/\/fr.motorsport.com\/driver\/fabio-quartararo\/109400\/\" target=\"_blank\" rel=\"noopener nofollow\">Fabio Quartararo<\/a>.<\/p>\n<p>Lundi, les trois titulaires de Yamaha qui resteront la saison prochaine \u2013 Quartararo, <a href=\"https:\/\/fr.motorsport.com\/driver\/alex-rins\/109402\/\" target=\"_blank\" rel=\"noopener nofollow\">\u00c1lex Rins<\/a> et <a href=\"https:\/\/fr.motorsport.com\/driver\/jack-miller\/96423\/\" target=\"_blank\" rel=\"noopener nofollow\">Jack Miller<\/a>\u00a0\u2013 ont visiblement appr\u00e9ci\u00e9 leur d\u00e9couverte du moteur \u00e0 Barcelone. \u00ab\u00a0Ils avaient d\u00e9j\u00e0 un petit sourire\u00a0\u00bb, a pr\u00e9cis\u00e9 Meregalli, impatient de revoir les trois titulaires tester \u00e0 nouveau le V4 lors du test de Misano, au lendemain de la course.<\/p>\n<p>\u00ab\u00a0Lundi sera encore un jour important, quand les titulaires auront la deuxi\u00e8me possibilit\u00e9 de piloter la moto. Comme vous le savez, nous avons eu un test positif lundi. Positif parce que m\u00eame si la m\u00e9t\u00e9o ne nous a pas vraiment aid\u00e9s, nous avons pu boucler le test comme nous le voulions, sans souci. Pour moi, lundi sera encore plus important parce que nous serons avec les autres.\u00a0\u00bb<\/p>\n<p>Lire aussi :<\/p>\n<p>Dans cet article<\/p>\n<p>Soyez le premier inform\u00e9 et souscrivez aux alertes mails pour recevoir les infos en temps r\u00e9el<\/p>\n<p>    S&rsquo;abonner aux alertes de news<\/p>\n","protected":false},"excerpt":{"rendered":"Le V4 Yamaha fait ses grands d\u00e9buts en comp\u00e9tition ce week-end, au Grand Prix de Saint-Marin, par le&hellip;\n","protected":false},"author":2,"featured_media":385637,"comment_status":"","ping_status":"","sticky":false,"template":"","format":"standard","meta":{"footnotes":""},"categories":[1413],"tags":[3595,1011,27,48392,48393,1457,1456,1458,51821,3593,60,3796],"class_list":{"0":"post-385636","1":"post","2":"type-post","3":"status-publish","4":"format-standard","5":"has-post-thumbnail","7":"category-moto","8":"tag-augusto-fernu00e1ndez","9":"tag-fr","10":"tag-france","11":"tag-gp-de-saint-marin","12":"tag-misano-world-circuit-marco-simoncelli","13":"tag-moto","14":"tag-motocycle","15":"tag-motogp","16":"tag-pourquoi-utiliser-le-v4-en-course-reste-interdit-aux-titulaires-yamaha","17":"tag-pramac-racing","18":"tag-sports","19":"tag-yamaha-factory-racing"},"share_on_mastodon":{"url":"https:\/\/pubeurope.com\/@fr\/115192147804094457","error":""},"_links":{"self":[{"href":"https:\/\/www.europesays.com\/fr\/wp-json\/wp\/v2\/posts\/385636","targetHints":{"allow":["GET"]}}],"collection":[{"href":"https:\/\/www.europesays.com\/fr\/wp-json\/wp\/v2\/posts"}],"about":[{"href":"https:\/\/www.europesays.com\/fr\/wp-json\/wp\/v2\/types\/post"}],"author":[{"embeddable":true,"href":"https:\/\/www.europesays.com\/fr\/wp-json\/wp\/v2\/users\/2"}],"replies":[{"embeddable":true,"href":"https:\/\/www.europesays.com\/fr\/wp-json\/wp\/v2\/comments?post=385636"}],"version-history":[{"count":0,"href":"https:\/\/www.europesays.com\/fr\/wp-json\/wp\/v2\/posts\/385636\/revisions"}],"wp:featuredmedia":[{"embeddable":true,"href":"https:\/\/www.europesays.com\/fr\/wp-json\/wp\/v2\/media\/385637"}],"wp:attachment":[{"href":"https:\/\/www.europesays.com\/fr\/wp-json\/wp\/v2\/media?parent=385636"}],"wp:term":[{"taxonomy":"category","embeddable":true,"href":"https:\/\/www.europesays.com\/fr\/wp-json\/wp\/v2\/categories?post=385636"},{"taxonomy":"post_tag","embeddable":true,"href":"https:\/\/www.europesays.com\/fr\/wp-json\/wp\/v2\/tags?post=385636"}],"curies":[{"name":"wp","href":"https:\/\/api.w.org\/{rel}","templated":true}]}}