{"id":385638,"date":"2025-09-12T15:57:17","date_gmt":"2025-09-12T15:57:17","guid":{"rendered":"https:\/\/www.europesays.com\/fr\/385638\/"},"modified":"2025-09-12T15:57:17","modified_gmt":"2025-09-12T15:57:17","slug":"le-pen-et-bardella-a-bordeaux-zemmour-au-royaume-uni-puy-du-fou-les-4-infos-dont-vous-allez-entendre-parler-demain","status":"publish","type":"post","link":"https:\/\/www.europesays.com\/fr\/385638\/","title":{"rendered":"Le Pen et Bardella \u00e0 Bordeaux, Zemmour au Royaume-Uni, Puy du Fou\u2026 Les 4 infos dont vous allez entendre parler demain"},"content":{"rendered":"<p>L\u2019universit\u00e9 d\u2019\u00e9t\u00e9 du Rassemblement national d\u00e9bute ce vendredi\u00a012\u00a0septembre \u00e0 Bordeaux et se terminera ce dimanche. Lors de cette derni\u00e8re journ\u00e9e seront organis\u00e9es des tables rondes en fin de matin\u00e9e sur le th\u00e8me \u00ab\u00a0Diriger des villes, gouverner la France\u00a0\u00bb. Le directeur de campagne des \u00e9lections municipales, Julien Sanchez, s\u2019exprimera \u00e0 cette occasion. Un grand meeting de <a href=\"https:\/\/www.lejdd.fr\/Marine-Le-Pen\" target=\"_blank\" rel=\"noopener\">Marine Le Pen<\/a> et <a href=\"https:\/\/www.lejdd.fr\/bio\/jordan-bardella\" target=\"_blank\" rel=\"noopener\">Jordan Bardella<\/a> suivra aux alentours de 15\u00a0heures.<\/p>\n<p>Marine Le Pen, invit\u00e9e du 20\u00a0h de TF1 ce jeudi\u00a011\u00a0septembre, a d\u00e9nonc\u00e9 huit ans de politiques \u00ab\u00a0contre le peuple\u00a0\u00bb et a appel\u00e9 \u00e0 une rupture avec le macronisme. Elle a press\u00e9 le nouveau chef du gouvernement, <a href=\"https:\/\/www.lejdd.fr\/politique\/sebastien-lecornu-de-vernon-a-matignon-161747\" target=\"_blank\" rel=\"noopener\">S\u00e9bastien Lecornu<\/a>, de choisir entre \u00ab\u00a0rupture ou censure\u00a0\u00bb et a propos\u00e9 60\u00a0milliards d\u2019\u00e9conomies via l\u2019arr\u00eat de l\u2019immigration, la baisse des versements \u00e0 l\u2019UE et du train de vie de l\u2019\u00c9tat. Elle a \u00e9galement sugg\u00e9r\u00e9 \u00e0 Emmanuel Macron de dissoudre l\u2019Assembl\u00e9e ou de d\u00e9missionner. Enfin, la cheffe des d\u00e9put\u00e9s RN a critiqu\u00e9 la date de son proc\u00e8s d\u2019appel, jug\u00e9e comme une interf\u00e9rence \u00e9lectorale.<\/p>\n<p>2 &#8211; Premi\u00e8re F\u00eate du sport, voulue par Emmanuel Macron<\/p>\n<p>Ce dimanche\u00a014\u00a0septembre marquera la premi\u00e8re F\u00eate du sport, voulue par <a href=\"https:\/\/www.lejdd.fr\/Emmanuel-Macron\" target=\"_blank\" rel=\"noopener\">Emmanuel Macron<\/a>, \u00e0 l\u2019image de la F\u00eate de la musique. Il avait fait part de cette volont\u00e9 il y a un an en marge de la c\u00e9l\u00e9bration des athl\u00e8tes sur les Champs-\u00c9lys\u00e9es. D\u00e9sormais c\u00e9l\u00e9br\u00e9e chaque ann\u00e9e \u00e0 cette date, elle vise \u00e0 prolonger l\u2019\u00e9lan des Jeux olympiques et paralympiques de Paris 2024, \u00e0 encourager la pratique physique, \u00e0 valoriser le r\u00f4le du sport dans la soci\u00e9t\u00e9 et \u00e0 renforcer les liens sociaux autour de ses valeurs.<\/p>\n<p>Plus de 5 000 \u00e9v\u00e9nements labellis\u00e9s seront propos\u00e9s partout en France par clubs, associations, collectivit\u00e9s et entreprises\u00a0: initiations pour tous les \u00e2ges, d\u00e9monstrations spectaculaires, ateliers de sport-sant\u00e9, rencontres avec athl\u00e8tes, para-athl\u00e8tes et b\u00e9n\u00e9voles. \u00c0 Paris, un rendez-vous grand public transformera la rue de Rivoli en \u00ab\u00a0Boulevard du sport\u00a0\u00bb sur deux kilom\u00e8tres, de la Concorde \u00e0 l\u2019H\u00f4tel de Ville, avec espaces de pratique, animations inclusives et \u00e9changes avec des champions. Pilot\u00e9e par le minist\u00e8re des Sports avec le CNOSF, le CPSF, la Ville de Paris et la Commission europ\u00e9enne, et port\u00e9e par 48 f\u00e9d\u00e9rations, cette f\u00eate s\u2019ach\u00e8vera par l\u2019embrasement final de la Vasque de Paris 2024, qui s\u2019\u00e9teindra symboliquement pour clore un \u00e9t\u00e9 de c\u00e9l\u00e9brations du premier anniversaire des Jeux.<\/p>\n<p>3 &#8211; \u00c9ric Zemmour se rend au Royaume-Uni<\/p>\n<p>    <img decoding=\"async\" src=\"https:\/\/www.europesays.com\/fr\/wp-content\/uploads\/2025\/09\/abaca_952659_070.jpeg\" alt=\"Le pr\u00e9sident de Reconqu\u00eate Eric Zemmour.\" loading=\"lazy\"\/><\/p>\n<p>\n      Le pr\u00e9sident de Reconqu\u00eate, \u00c9ric Zemmour. <\/p>\n<p>                ABACA<br \/>\n                      \/<br \/>\n                                \u00a9 Roses Nicolas<\/p>\n<p><a href=\"https:\/\/www.lejdd.fr\/eric-zemmour\" target=\"_blank\" rel=\"noopener\">\u00c9ric Zemmour<\/a> sera \u00e0 Londres le 13\u00a0septembre pour participer \u00e0 une manifestation organis\u00e9e par Tommy Robinson, figure identitaire britannique. Le pr\u00e9sident de Reconqu\u00eate a annonc\u00e9 sa pr\u00e9sence sur X, affirmant vouloir se tenir \u00ab\u00a0aux c\u00f4t\u00e9s des centaines de milliers de Britanniques qui manifestent contre la submersion de nos pays\u00a0\u00bb. Robinson, se f\u00e9licitant de cette venue, a pr\u00e9sent\u00e9 l\u2019\u00e9v\u00e9nement comme \u00ab\u00a0le plus grand rassemblement patriotique que le monde n\u2019ait jamais connu\u00a0\u00bb et pr\u00e9cis\u00e9 que Zemmour y prononcerait un discours.<\/p>\n<p>    La suite apr\u00e8s cette publicit\u00e9<\/p>\n<p>La marche, pr\u00e9vue comme une d\u00e9monstration de d\u00e9fense de la libert\u00e9 d\u2019expression, partira de la gare de Waterloo, traversera le pont de Westminster et se terminera devant le 10 Downing Street. \u00c0 proximit\u00e9 du c\u00e9notaphe de Whitehall, les organisateurs assurent que l\u2019action sera pacifique, sans violence ni d\u00e9gradation, contrairement \u00e0 ce qu\u2019ils reprochent \u00e0 d\u2019autres mobilisations, notamment propalestiniennes. Robinson a appel\u00e9 les participants \u00e0 venir \u00ab\u00a0s\u2019amuser et d\u00e9couvrir ce qui est pr\u00e9vu\u00a0\u00bb, insistant sur la dimension festive et patriotique de ce rassemblement.<\/p>\n<p>4 &#8211; Derni\u00e8re repr\u00e9sentation de la Cin\u00e9sc\u00e9nie au Puy du Fou<\/p>\n<p>La derni\u00e8re repr\u00e9sentation de l\u2019ann\u00e9e 2025 de la Cin\u00e9sc\u00e9nie aura lieu ce samedi\u00a013\u00a0septembre au Puy du Fou. \u00c0 la nuit tomb\u00e9e, le spectacle entra\u00eene le spectateur dans une fresque grandiose o\u00f9 l\u2019histoire de la famille Maupillier devient celle de la France. Cr\u00e9\u00e9 en 1978, ce show nocturne, unique au monde, r\u00e9unit d\u00e9j\u00e0 plus de 13\u00a0millions de spectateurs. Sur une sc\u00e8ne de 23 hectares, 2 550 acteurs b\u00e9n\u00e9voles, appel\u00e9s Puyfolais, font revivre sept si\u00e8cles d\u2019histoire, du Moyen \u00c2ge \u00e0 la Seconde Guerre mondiale, \u00e0 travers un r\u00e9cit m\u00ealant faits r\u00e9els et l\u00e9gendes.<\/p>\n<p>Pendant 1h30, le public d\u00e9couvre une \u00e9pop\u00e9e po\u00e9tique et spectaculaire port\u00e9e par 28 000 costumes, des projections vid\u00e9o 3D, un syst\u00e8me sonore immersif \u00e0 360\u00b0, des drones autonomes et des effets pyrotechniques impressionnants. Sans cesse renouvel\u00e9e, la Cin\u00e9sc\u00e9nie int\u00e8gre chaque ann\u00e9e de nouvelles sc\u00e8nes, d\u00e9cors et technologies, renfor\u00e7ant son pouvoir d\u2019\u00e9motion et d\u2019\u00e9merveillement. Assis dans une immense tribune panoramique, 360 000 spectateurs annuels se laissent emporter par ce voyage f\u00e9erique, intime et universel, devenu au fil du temps le plus grand spectacle de nuit au monde.<\/p>\n<p>5 &#8211; La bonne nouvelle du jour<\/p>\n<p>Succ\u00e8s \u00e9clatant pour la Philharmonie de Paris\u00a0: avec 200 402 visiteurs entre le 14\u00a0f\u00e9vrier et le 17\u00a0ao\u00fbt, l\u2019exposition \u00ab\u00a0Disco, I\u2019m Coming Out\u00a0\u00bb devient la plus fr\u00e9quent\u00e9e de l\u2019histoire du lieu, d\u00e9tr\u00f4nant le record d\u00e9tenu depuis dix ans par \u00ab\u00a0David Bowie is\u00a0\u00bb et ses 196 650 curieux. Con\u00e7ue par le journaliste et \u00e9crivain Jean-Yves Leloup, l\u2019exposition a plong\u00e9 le public dans l\u2019univers festif et militant du disco, des clubs new-yorkais des ann\u00e9es 1970 \u00e0 son d\u00e9clin au d\u00e9but des ann\u00e9es\u00a01980.<\/p>\n<p>Les visiteurs ont dans\u00e9 au milieu de boules \u00e0 facettes et de n\u00e9ons, sur les hymnes de Donna Summer, Diana Ross, Chic ou encore Earth, Wind &amp; Fire, tout en d\u00e9couvrant les costumes scintillants port\u00e9s par Dalida ou Sheila. Forte de ce record, la Philharmonie pr\u00e9pare d\u00e9j\u00e0 trois nouvelles expositions\u00a0: \u00ab\u00a0Kandinsky, la musique des couleurs\u00a0\u00bb (15\u00a0octobre), \u00ab\u00a0Playing with Fire\u00a0\u00bb avec Yuja Wang (14\u00a0novembre) et \u00ab\u00a0Video Games &amp; Music\u00a0\u00bb (avril\u00a02026).<\/p>\n","protected":false},"excerpt":{"rendered":"L\u2019universit\u00e9 d\u2019\u00e9t\u00e9 du Rassemblement national d\u00e9bute ce vendredi\u00a012\u00a0septembre \u00e0 Bordeaux et se terminera ce dimanche. Lors de cette&hellip;\n","protected":false},"author":2,"featured_media":385639,"comment_status":"","ping_status":"","sticky":false,"template":"","format":"standard","meta":{"footnotes":""},"categories":[1412],"tags":[1451,1452,1453,1454,1455,1011,27,60],"class_list":{"0":"post-385638","1":"post","2":"type-post","3":"status-publish","4":"format-standard","5":"has-post-thumbnail","7":"category-f1","8":"tag-f1","9":"tag-formula-1","10":"tag-formula1","11":"tag-formule-1","12":"tag-formule1","13":"tag-fr","14":"tag-france","15":"tag-sports"},"share_on_mastodon":{"url":"https:\/\/pubeurope.com\/@fr\/115192151727356395","error":""},"_links":{"self":[{"href":"https:\/\/www.europesays.com\/fr\/wp-json\/wp\/v2\/posts\/385638","targetHints":{"allow":["GET"]}}],"collection":[{"href":"https:\/\/www.europesays.com\/fr\/wp-json\/wp\/v2\/posts"}],"about":[{"href":"https:\/\/www.europesays.com\/fr\/wp-json\/wp\/v2\/types\/post"}],"author":[{"embeddable":true,"href":"https:\/\/www.europesays.com\/fr\/wp-json\/wp\/v2\/users\/2"}],"replies":[{"embeddable":true,"href":"https:\/\/www.europesays.com\/fr\/wp-json\/wp\/v2\/comments?post=385638"}],"version-history":[{"count":0,"href":"https:\/\/www.europesays.com\/fr\/wp-json\/wp\/v2\/posts\/385638\/revisions"}],"wp:featuredmedia":[{"embeddable":true,"href":"https:\/\/www.europesays.com\/fr\/wp-json\/wp\/v2\/media\/385639"}],"wp:attachment":[{"href":"https:\/\/www.europesays.com\/fr\/wp-json\/wp\/v2\/media?parent=385638"}],"wp:term":[{"taxonomy":"category","embeddable":true,"href":"https:\/\/www.europesays.com\/fr\/wp-json\/wp\/v2\/categories?post=385638"},{"taxonomy":"post_tag","embeddable":true,"href":"https:\/\/www.europesays.com\/fr\/wp-json\/wp\/v2\/tags?post=385638"}],"curies":[{"name":"wp","href":"https:\/\/api.w.org\/{rel}","templated":true}]}}