{"id":385646,"date":"2025-09-12T16:01:10","date_gmt":"2025-09-12T16:01:10","guid":{"rendered":"https:\/\/www.europesays.com\/fr\/385646\/"},"modified":"2025-09-12T16:01:10","modified_gmt":"2025-09-12T16:01:10","slug":"a-la-mep-le-directeur-simon-baker-licencie-dans-des-circonstances-un-peu-floues-telerama","status":"publish","type":"post","link":"https:\/\/www.europesays.com\/fr\/385646\/","title":{"rendered":"\u00c0 la MEP, le directeur, Simon Baker, licenci\u00e9 dans des circonstances un peu floues &#8211; T\u00e9l\u00e9rama"},"content":{"rendered":"<ol>\n<li><a href=\"https:\/\/news.google.com\/rss\/articles\/CBMizAFBVV95cUxPdjBQVDBzemhyNmxiNnQ0T0k1NzZsQ3VTX3ZOTXJ5Z3p3cFNvYTgyUzIxbm9uOGZTLXl0Z01ESkt6YXJHd1N4amxFY204NC1VblZSamlPbl9ZLXkxMlRtY21nTkVlTXZYSmRCcUdZSWpaZFQzTllwOENqb2FacmpOZmlUMWdnUkktbDVpQ1dTVzhYaTY0NmJiSE5tNDJEc25HaUVfYmxCT3c5cGxSVFBWcFduN0V3Y0lCbjhnQWNPX2doVFEyejRzT2RsMEE?oc=5\" target=\"_blank\" rel=\"nofollow noopener\">\u00c0 la MEP, le directeur, Simon Baker, licenci\u00e9 dans des circonstances un peu floues<\/a>&nbsp;&nbsp;T\u00e9l\u00e9rama<\/li>\n<li><a href=\"https:\/\/news.google.com\/rss\/articles\/CBMiygFBVV95cUxQNUFaVUtSeGZCUGV4SlhnMTlWRm5hRzhxc1hyb0ZQQUpCMWZBUTV2dXB3ZG45WWZoa2E5aWJ3VFpvRE5QcnFEMmlBQ0czbVdoOXpvS014VWRQLXA3T2otOXBMWmhiLUxkUGk5cW45U2FCYS1LbDc1dmk5OVA2aDZpbDV3Yl94SVJsQTNoeHZMQVpOVFpocnBSYXlMS2lXQ19GaTA5d2NCVDFySlFWakF4MDBZWlF0bEpxb1p1dTNDYkdERF9IdWhTaGh3?oc=5\" target=\"_blank\" rel=\"nofollow noopener\">La Maison europ\u00e9enne de la photographie licencie son directeur<\/a>&nbsp;&nbsp;Le Monde.fr<\/li>\n<li><a href=\"https:\/\/news.google.com\/rss\/articles\/CBMitAFBVV95cUxQbjF6UHE3Y1p3NEU0bXVlVDZhOHZaUXQxYlE1UTlsQUhfdENZVEtMMkE2Z1dZR2lKSFhrZWlyWVJOUkMyaVFoLWhfYmtvM2lndlpmZkV0aTN0cHlub2V2QjVsSUdDUVRYTWZZQktBQ1U2UndnVnB0WGdCWWtmRkJfYWpLdkE4QWZ4eVR0RnJVcGdDT1JkQmxCUy1mN0tTYTlHUlJfU1lLTTN3TGRHVDJxektPSjk?oc=5\" target=\"_blank\" rel=\"nofollow noopener\">La Maison europ\u00e9enne de la photographie se s\u00e9pare de Simon Baker<\/a>&nbsp;&nbsp;Le Figaro<\/li>\n<li><a href=\"https:\/\/news.google.com\/rss\/articles\/CBMi4gFBVV95cUxPQ3E3VTFSUkZabGg4SERuemdMTGJId1pTX1BId3RzY1EwNGJJOFFHc2NMaC1jSnRSWFZNelVaUmZrTTlqUVUzRld4NktwZXV0STNaQW5raXFFdU9nTFE4UXVtMDNseHphdGZ1V3NScEdCVENPclhGd2pTTWg5c0pGTVZLZkx0TmctMGtOWmxtZGRvSmlaWC12eW1aZTB0eW9PS0hHdUZTTG5yMFVDTkR4NEVGV3pXQ2JyNWpzNFZwUmxOYzg3ejRfU1A1NnhicGthZ1FZRDg0TVRHeGRMWEdyYXFn?oc=5\" target=\"_blank\" rel=\"nofollow noopener\">MEP : le directeur Simon Baker remerci\u00e9 par la Maison europ\u00e9enne de la photographie<\/a>&nbsp;&nbsp;Lib\u00e9ration<\/li>\n<li><a href=\"https:\/\/news.google.com\/rss\/articles\/CBMiekFVX3lxTE51NlhTbGZVR3hYNlBycHRCakVHZFBPcU5xc09rcHpkZ2xZeFQ5LXJIeHEzRU02WFJ5RXRzcmlNUGVmeGVTdkJZaThtLTRnWXhveW4xSEoxSkNMNmhBa096Vkw5U1RCZGNWU3p3eXhOc2s5R1dBMTU2RWVR?oc=5\" target=\"_blank\" rel=\"nofollow noopener\">Paris : Simon Baker quitte la MEP<\/a>&nbsp;&nbsp;artnewspaper.fr<\/li>\n<\/ol>\n","protected":false},"excerpt":{"rendered":"\u00c0 la MEP, le directeur, Simon Baker, licenci\u00e9 dans des circonstances un peu floues&nbsp;&nbsp;T\u00e9l\u00e9rama La Maison europ\u00e9enne de&hellip;\n","protected":false},"author":2,"featured_media":385647,"comment_status":"","ping_status":"","sticky":false,"template":"","format":"standard","meta":{"footnotes":""},"categories":[1358],"tags":[1348,1384,1385,1386,58,59,1011,27],"class_list":{"0":"post-385646","1":"post","2":"type-post","3":"status-publish","4":"format-standard","5":"has-post-thumbnail","7":"category-arts-et-design","8":"tag-arts","9":"tag-arts-and-design","10":"tag-arts-et-design","11":"tag-design","12":"tag-divertissement","13":"tag-entertainment","14":"tag-fr","15":"tag-france"},"share_on_mastodon":{"url":"https:\/\/pubeurope.com\/@fr\/115192167367952990","error":""},"_links":{"self":[{"href":"https:\/\/www.europesays.com\/fr\/wp-json\/wp\/v2\/posts\/385646","targetHints":{"allow":["GET"]}}],"collection":[{"href":"https:\/\/www.europesays.com\/fr\/wp-json\/wp\/v2\/posts"}],"about":[{"href":"https:\/\/www.europesays.com\/fr\/wp-json\/wp\/v2\/types\/post"}],"author":[{"embeddable":true,"href":"https:\/\/www.europesays.com\/fr\/wp-json\/wp\/v2\/users\/2"}],"replies":[{"embeddable":true,"href":"https:\/\/www.europesays.com\/fr\/wp-json\/wp\/v2\/comments?post=385646"}],"version-history":[{"count":0,"href":"https:\/\/www.europesays.com\/fr\/wp-json\/wp\/v2\/posts\/385646\/revisions"}],"wp:featuredmedia":[{"embeddable":true,"href":"https:\/\/www.europesays.com\/fr\/wp-json\/wp\/v2\/media\/385647"}],"wp:attachment":[{"href":"https:\/\/www.europesays.com\/fr\/wp-json\/wp\/v2\/media?parent=385646"}],"wp:term":[{"taxonomy":"category","embeddable":true,"href":"https:\/\/www.europesays.com\/fr\/wp-json\/wp\/v2\/categories?post=385646"},{"taxonomy":"post_tag","embeddable":true,"href":"https:\/\/www.europesays.com\/fr\/wp-json\/wp\/v2\/tags?post=385646"}],"curies":[{"name":"wp","href":"https:\/\/api.w.org\/{rel}","templated":true}]}}