{"id":385650,"date":"2025-09-12T16:03:11","date_gmt":"2025-09-12T16:03:11","guid":{"rendered":"https:\/\/www.europesays.com\/fr\/385650\/"},"modified":"2025-09-12T16:03:11","modified_gmt":"2025-09-12T16:03:11","slug":"leurovision-dit-respecter-les-decisions-des-diffuseurs-apres-des-menaces-de-boycott-de-leurovision-si-israel-y-participe-actualites","status":"publish","type":"post","link":"https:\/\/www.europesays.com\/fr\/385650\/","title":{"rendered":"L&rsquo;Eurovision dit respecter les d\u00e9cisions des diffuseurs apr\u00e8s des menaces de boycott de l&rsquo;Eurovision si Isra\u00ebl y participe : Actualit\u00e9s"},"content":{"rendered":"<p class=\"lead \">Chaque membre de l&rsquo;Eurovision peut librement choisir d&rsquo;y concourir ou pas et leur d\u00e9cision sera respect\u00e9e, a assur\u00e9 son directeur vendredi, apr\u00e8s des menaces de boycott si Isra\u00ebl participe \u00e0 la prochaine \u00e9dition du t\u00e9l\u00e9-crochet le plus suivi au monde.<\/p>\n<p class=\"lead \">La radio-t\u00e9l\u00e9vision n\u00e9erlandaise Avrotros a annonc\u00e9 vendredi vouloir boycotter le concours de chansons en raison de la guerre \u00e0 Gaza, s&rsquo;ajoutant \u00e0 une liste de pays qui menacent de se retirer de la comp\u00e9tition l&rsquo;an prochain, pr\u00e9vue \u00e0 Vienne en Autriche, pays victorieux cette ann\u00e9e.<\/p>\n<p class=\"lead \">Jeudi, l&rsquo;Irlande, sept fois vainqueur \u00e0 l&rsquo;Eurovision, a fait part de son intention de ne pas concourir au c\u00f4t\u00e9 d&rsquo;Isra\u00ebl. En mai, le Premier ministre espagnol Pedro Sanchez avait d\u00e9j\u00e0 estim\u00e9 qu&rsquo;Isra\u00ebl devait \u00eatre exclu de la comp\u00e9tition \u00e0 l&rsquo;avenir.<\/p>\n<p class=\"lead \">\u00ab\u00a0Nous comprenons les inqui\u00e9tudes et les opinions (&#8230;) concernant le conflit en cours au Moyen-Orient\u00a0\u00bb, a indiqu\u00e9 \u00e0 l&rsquo;AFP le directeur du concours, Martin Green.<\/p>\n<p class=\"lead \">\u00ab\u00a0Les diffuseurs ont jusqu&rsquo;\u00e0 mi-d\u00e9cembre pour confirmer leur participation \u00e0 l&rsquo;\u00e9dition de l&rsquo;ann\u00e9e prochaine \u00e0 Vienne. Il appartient \u00e0 chaque membre de d\u00e9cider s&rsquo;il souhaite participer au concours et nous respecterons toute d\u00e9cision des diffuseurs\u00a0\u00bb, a-t-il ajout\u00e9.<\/p>\n<p class=\"lead \">Le concours est organis\u00e9 par l&rsquo;Union europ\u00e9enne de radio-t\u00e9l\u00e9vision (UER), la premi\u00e8re alliance mondiale de m\u00e9dias de service public, fond\u00e9e en 1950, en coop\u00e9ration avec ses membres dans plus de 35 pays.<\/p>\n<p class=\"lead \">Lors de la derni\u00e8re assembl\u00e9e g\u00e9n\u00e9rale l&rsquo;UER en juillet \u00e0 Londres, ses membres ont \u00ab\u00a0discut\u00e9 des \u00ab\u00a0pressions\u00a0\u00bb li\u00e9es \u00e0 la politique et aux conflits dans le monde, y compris \u00e0 Gaza, et d\u00e9cid\u00e9 de lancer un \u00ab\u00a0dialogue\u00a0\u00bb interne \u00e0 ce sujet. <\/p>\n<p class=\"lead \">Des recommandations sont attendues d&rsquo;ici la fin de l&rsquo;ann\u00e9e.<\/p>\n<p class=\"lead \">\u00ab\u00a0Nous continuons de consulter tous les membres de l&rsquo;UER afin de recueillir leurs avis sur la mani\u00e8re de g\u00e9rer la participation et les tensions g\u00e9opolitiques\u00a0\u00bb, a confirm\u00e9 vendredi M. Green.<\/p>\n<p class=\"lead \">Des pays ont d\u00e9j\u00e0 \u00e9t\u00e9 exclus de l&rsquo;Eurovision, \u00e0 l&rsquo;instar du Belarus en 2021 apr\u00e8s la r\u00e9\u00e9lection contest\u00e9e du pr\u00e9sident Alexandre Loukachenko. La Russie l&rsquo;a \u00e9t\u00e9 un an plus tard, apr\u00e8s avoir envahi l&rsquo;Ukraine.<\/p>\n<p class=\"lead \">L&rsquo;association de l&rsquo;audiovisuel public n\u00e9erlandaise Avrotros a elle affirm\u00e9 vendredi que sa \u00ab\u00a0participation \u00e0 l&rsquo;Eurovision 2026 ne sera pas possible aussi longtemps qu&rsquo;Isra\u00ebl restera au sein de l&rsquo;UER (l&rsquo;Union europ\u00e9enne de radio-t\u00e9l\u00e9vision)\u00a0\u00bb. <\/p>\n<p class=\"lead \">Au contraire, \u00ab\u00a0si l&rsquo;UER d\u00e9cide de ne pas admettre Isra\u00ebl, Avrotros sera heureux de participer l&rsquo;an prochain\u00a0\u00bb, a ajout\u00e9 le communiqu\u00e9 de l&rsquo;audiovisuel public n\u00e9erlandais.<\/p>\n<p class=\"lead \">Avrotros a justifi\u00e9 sa d\u00e9cision par les \u00ab\u00a0s\u00e9rieuses violations de la libert\u00e9 de la presse\u00a0\u00bb commises par les Isra\u00e9liens \u00e0 Gaza, selon son communiqu\u00e9. Elle accuse aussi Isra\u00ebl d&rsquo;avoir commis \u00ab\u00a0des interf\u00e9rences prouv\u00e9es lors de la derni\u00e8re \u00e9dition, se livrant \u00e0 une instrumentalisation politique de l&rsquo;\u00e9v\u00e9nement\u00a0\u00bb.<\/p>\n<p class=\"lead \">La chanteuse isra\u00e9lienne et survivante de l&rsquo;attaque du 7 octobre, Yuval Raphael, qui interpr\u00e9tait \u00ab\u00a0New Day Will Rise\u00a0\u00bb (Un jour nouveau se l\u00e8vera) est arriv\u00e9e seconde au concours cette ann\u00e9e en Suisse, port\u00e9e par le vote du public.<\/p>\n<p class=\"small font-weight-bold text-gray3 \"> publi\u00e9 le 12 septembre \u00e0 16h52, AFP<\/p>\n<p>                             Partager<\/p>\n","protected":false},"excerpt":{"rendered":"Chaque membre de l&rsquo;Eurovision peut librement choisir d&rsquo;y concourir ou pas et leur d\u00e9cision sera respect\u00e9e, a assur\u00e9&hellip;\n","protected":false},"author":2,"featured_media":385651,"comment_status":"","ping_status":"","sticky":false,"template":"","format":"standard","meta":{"footnotes":""},"categories":[1356],"tags":[2120,58,59,2399,1011,27,3819,873,7621,934,316,4279,9556,252,1364],"class_list":{"0":"post-385650","1":"post","2":"type-post","3":"status-publish","4":"format-standard","5":"has-post-thumbnail","7":"category-television","8":"tag-conflit","9":"tag-divertissement","10":"tag-entertainment","11":"tag-eurovision","12":"tag-fr","13":"tag-france","14":"tag-isral","15":"tag-musique","16":"tag-palestiniens","17":"tag-pays-bas","18":"tag-politique","19":"tag-rcompense","20":"tag-tlvision","21":"tag-television","22":"tag-tv"},"share_on_mastodon":{"url":"https:\/\/pubeurope.com\/@fr\/115192175221345830","error":""},"_links":{"self":[{"href":"https:\/\/www.europesays.com\/fr\/wp-json\/wp\/v2\/posts\/385650","targetHints":{"allow":["GET"]}}],"collection":[{"href":"https:\/\/www.europesays.com\/fr\/wp-json\/wp\/v2\/posts"}],"about":[{"href":"https:\/\/www.europesays.com\/fr\/wp-json\/wp\/v2\/types\/post"}],"author":[{"embeddable":true,"href":"https:\/\/www.europesays.com\/fr\/wp-json\/wp\/v2\/users\/2"}],"replies":[{"embeddable":true,"href":"https:\/\/www.europesays.com\/fr\/wp-json\/wp\/v2\/comments?post=385650"}],"version-history":[{"count":0,"href":"https:\/\/www.europesays.com\/fr\/wp-json\/wp\/v2\/posts\/385650\/revisions"}],"wp:featuredmedia":[{"embeddable":true,"href":"https:\/\/www.europesays.com\/fr\/wp-json\/wp\/v2\/media\/385651"}],"wp:attachment":[{"href":"https:\/\/www.europesays.com\/fr\/wp-json\/wp\/v2\/media?parent=385650"}],"wp:term":[{"taxonomy":"category","embeddable":true,"href":"https:\/\/www.europesays.com\/fr\/wp-json\/wp\/v2\/categories?post=385650"},{"taxonomy":"post_tag","embeddable":true,"href":"https:\/\/www.europesays.com\/fr\/wp-json\/wp\/v2\/tags?post=385650"}],"curies":[{"name":"wp","href":"https:\/\/api.w.org\/{rel}","templated":true}]}}