{"id":385654,"date":"2025-09-12T16:05:12","date_gmt":"2025-09-12T16:05:12","guid":{"rendered":"https:\/\/www.europesays.com\/fr\/385654\/"},"modified":"2025-09-12T16:05:12","modified_gmt":"2025-09-12T16:05:12","slug":"cinema-la-femme-qui-en-savait-trop-le-polar-scenarise-par-jafar-panahi","status":"publish","type":"post","link":"https:\/\/www.europesays.com\/fr\/385654\/","title":{"rendered":"[CINEMA] La femme qui en savait trop, le polar sc\u00e9naris\u00e9 par Jafar Panahi"},"content":{"rendered":"<p>Professeur de danse retrait\u00e9e et syndicaliste, Tarlan a toujours pris soin de Zara depuis que celle-ci a perdu sa m\u00e8re biologique, il y a des ann\u00e9es de cela. Si bien que Zara a suivi son exemple et est devenue, \u00e0 son tour, professeur dans la m\u00eame \u00e9cole. Un jour, d\u00e9couvrant que sa prot\u00e9g\u00e9e est battue par son \u00e9poux Solat, un homme riche et puissant, la vieille femme tente vainement de raisonner celui-ci et aper\u00e7oit tr\u00e8s vaguement, au domicile du couple, un corps inanim\u00e9. Solat affirme qu\u2019il s\u2019agit d\u2019un homme, d\u2019un amant de Zara. Incr\u00e9dule, Tarlan comprend tr\u00e8s vite que la pauvre femme a \u00e9t\u00e9 tu\u00e9e par son mari. La syndicaliste va alors chercher \u00e0 obtenir justice pour son amie et se heurter \u00e0 la mauvaise volont\u00e9 des autorit\u00e9s ainsi qu\u2019\u00e0 diverses tentatives d\u2019intimidation\u2026<\/p>\n<p>La jeunesse iranienne, porteuse d\u2019espoir<\/p>\n<p>R\u00e9alis\u00e9 par Nader Saeivar, mais sc\u00e9naris\u00e9 et mont\u00e9 par le cin\u00e9aste dissident Jafar Panahi, La femme qui en savait trop s\u2019inscrit dans ce sillon du cin\u00e9ma iranien qui, depuis le mouvement <a href=\"https:\/\/www.bvoltaire.fr\/livre-combat-de-liranienne-mona-jafarian-quen-pense-juliette-binoche\/\" target=\"_blank\" rel=\"noopener nofollow\">\u00ab\u00a0Femme, Vie, Libert\u00e9\u00a0\u00bb<\/a> en 2022, a d\u00e9cid\u00e9 de tirer \u00e0 boulets rouges sur le r\u00e9gime des mollahs \u2013 on pense aux r\u00e9cents <a href=\"https:\/\/www.bvoltaire.fr\/cinema-tatami-quand-une-athlete-iranienne-tourne-le-dos-a-son-pays\/\" target=\"_blank\" rel=\"noopener nofollow\">Tatami<\/a>, <a href=\"https:\/\/www.bvoltaire.fr\/cinema-les-nuits-de-mashhad-le-film-qui-fait-polemique-en-iran\/\" target=\"_blank\" rel=\"noopener nofollow\">Les Nuits de Mashhad<\/a>, <a href=\"https:\/\/www.bvoltaire.fr\/cinema-les-graines-du-figuier-sauvage-ou-le-prix-de-la-dissidence\/\" target=\"_blank\" rel=\"noopener nofollow\">Les Graines du figuier sauvage<\/a>, <a href=\"https:\/\/www.bvoltaire.fr\/cinema-lire-lolita-a-teheran-la-dissidence-dun-groupe-de-femmes-en-iran\/\" target=\"_blank\" rel=\"noopener nofollow\">Lire Lolita \u00e0 T\u00e9h\u00e9ran<\/a> et <a href=\"https:\/\/www.bvoltaire.fr\/cinema-_7-jours_-nouveau-drame-iranien-scenarise-par-mohammad-rasoulof-une-reussite\/\" target=\"_blank\" rel=\"noopener nofollow\">7 jours.<\/a><\/p>\n<p>Comme ses pr\u00e9d\u00e9cesseurs, le film de Saeivar nous d\u00e9peint une soci\u00e9t\u00e9 iranienne au bord de l\u2019implosion, o\u00f9 les injustices accumul\u00e9es depuis la r\u00e9volution de 1979 ont nourri une vive col\u00e8re dans la population que la simple r\u00e9pression par le pouvoir en place ne parvient plus \u00e0 endiguer. En atteste cette s\u00e9quence finale \u00e9loquente qui nous montre que si les puissants n\u2019ont toujours pas de comptes \u00e0 rendre, la jeunesse iranienne, porteuse d\u2019espoir, aura le fin mot.<\/p>\n<p>Un poil d\u00e9cevant mais courageux<\/p>\n<p>Affubl\u00e9, en France, d\u2019un titre hitchcockien, sugg\u00e9rant \u00e0 tort une intrigue charg\u00e9e de tension, de myst\u00e8res et de fausses pistes, La femme qui en savait trop risque bien de se mettre \u00e0 dos une partie des spectateurs, d\u00e9\u00e7us de d\u00e9couvrir un film politique plus prosa\u00efque qu&rsquo;il ne le laisse imaginer. Une fois de plus, le distributeur a mal fait son travail. Shahed, dans son titre original (qui signifie simplement \u00ab\u00a0le t\u00e9moin\u00a0\u00bb), n\u2019ambitionne nullement le grand spectacle. On e\u00fbt d\u2019ailleurs appr\u00e9ci\u00e9 \u2013 nous le confessons volontiers \u2013 plus de tension dans l\u2019\u00e9criture et dans le montage.<\/p>\n<p>D\u2019une qualit\u00e9 moindre que les films cit\u00e9s pr\u00e9c\u00e9demment, celui-ci n\u2019est pourtant pas d\u00e9m\u00e9ritant. Prix du public au festival de Venise, dans la section \u00ab\u00a0Orizzonti\u00a0\u00bb, La femme qui en savait trop a \u00e9t\u00e9 tourn\u00e9 clandestinement en Iran avant que le cin\u00e9aste ne s\u2019exile pour Berlin. Il faut dire, aussi, que son choix de confier le r\u00f4le principal \u00e0 Maryam Boubani, l\u2019une des premi\u00e8res com\u00e9diennes \u00e0 avoir retir\u00e9 leur voile apr\u00e8s la mort de Mahsa J\u00eena Amini en 2022, laissait peu de doute quant aux intentions du film\u2026<\/p>\n<p>3 \u00e9toiles sur 5<\/p>\n<\/p>\n<p>                    <a href=\"#\" rel=\"nofollow\" onclick=\"window.print(); pfTrackEvent('[CINEMA] &lt;em&gt;La femme qui en savait trop&lt;\/em&gt;, le polar sc\u00e9naris\u00e9 par Jafar Panahi'); return false;\" title=\"Printer Friendly, PDF &amp; Email\"><br \/>\n                    <img decoding=\"async\" src=\"https:\/\/www.europesays.com\/fr\/wp-content\/uploads\/2025\/04\/printfriendly-icon-sm.png\" alt=\"Print Friendly, PDF &amp; Email\" class=\"pf-button-img\" style=\"width: 17px;height: 17px;\"\/>Imprimer, enregistrer en PDF cet article<br \/>\n                    <\/a><\/p>\n","protected":false},"excerpt":{"rendered":"Professeur de danse retrait\u00e9e et syndicaliste, Tarlan a toujours pris soin de Zara depuis que celle-ci a perdu&hellip;\n","protected":false},"author":2,"featured_media":385655,"comment_status":"","ping_status":"","sticky":false,"template":"","format":"standard","meta":{"footnotes":""},"categories":[1354],"tags":[58,59,1346,1011,27,1360],"class_list":{"0":"post-385654","1":"post","2":"type-post","3":"status-publish","4":"format-standard","5":"has-post-thumbnail","7":"category-films","8":"tag-divertissement","9":"tag-entertainment","10":"tag-films","11":"tag-fr","12":"tag-france","13":"tag-movies"},"share_on_mastodon":{"url":"https:\/\/pubeurope.com\/@fr\/115192183296404129","error":""},"_links":{"self":[{"href":"https:\/\/www.europesays.com\/fr\/wp-json\/wp\/v2\/posts\/385654","targetHints":{"allow":["GET"]}}],"collection":[{"href":"https:\/\/www.europesays.com\/fr\/wp-json\/wp\/v2\/posts"}],"about":[{"href":"https:\/\/www.europesays.com\/fr\/wp-json\/wp\/v2\/types\/post"}],"author":[{"embeddable":true,"href":"https:\/\/www.europesays.com\/fr\/wp-json\/wp\/v2\/users\/2"}],"replies":[{"embeddable":true,"href":"https:\/\/www.europesays.com\/fr\/wp-json\/wp\/v2\/comments?post=385654"}],"version-history":[{"count":0,"href":"https:\/\/www.europesays.com\/fr\/wp-json\/wp\/v2\/posts\/385654\/revisions"}],"wp:featuredmedia":[{"embeddable":true,"href":"https:\/\/www.europesays.com\/fr\/wp-json\/wp\/v2\/media\/385655"}],"wp:attachment":[{"href":"https:\/\/www.europesays.com\/fr\/wp-json\/wp\/v2\/media?parent=385654"}],"wp:term":[{"taxonomy":"category","embeddable":true,"href":"https:\/\/www.europesays.com\/fr\/wp-json\/wp\/v2\/categories?post=385654"},{"taxonomy":"post_tag","embeddable":true,"href":"https:\/\/www.europesays.com\/fr\/wp-json\/wp\/v2\/tags?post=385654"}],"curies":[{"name":"wp","href":"https:\/\/api.w.org\/{rel}","templated":true}]}}