{"id":385660,"date":"2025-09-12T16:08:11","date_gmt":"2025-09-12T16:08:11","guid":{"rendered":"https:\/\/www.europesays.com\/fr\/385660\/"},"modified":"2025-09-12T16:08:11","modified_gmt":"2025-09-12T16:08:11","slug":"ses-jambes-plient-sous-son-poids-ridicule-elle-a-arrete-le-regime-alizee-violemment-attaquee-apres-son-concert-evenement","status":"publish","type":"post","link":"https:\/\/www.europesays.com\/fr\/385660\/","title":{"rendered":"\u00ab\u00a0Ses jambes plient sous son poids, \u00ab\u00a0Ridicule\u00a0\u00bb, \u00ab\u00a0Elle a arr\u00eat\u00e9 le r\u00e9gime ?\u00a0\u00bb, Aliz\u00e9e violemment attaqu\u00e9e apr\u00e8s son concert \u00e9v\u00e9nement"},"content":{"rendered":"<p>Depuis qu&rsquo;elle a crois\u00e9 la route de Gr\u00e9goire Lyonnet, dans Danse avec les stars, Aliz\u00e9e est un peu plus danseuse qu&rsquo;elle n&rsquo;est chanteuse. <a href=\"https:\/\/vsd.fr\/87548-alizee-sest-offerte-lolympia-pour-ses-25-ans-de-carriere\/\" target=\"_blank\" rel=\"noopener\">Mais pas ces 7 et 8 septembre 2025.<\/a> La graine de star r\u00e9v\u00e9l\u00e9e il y a 25 ans par Myl\u00e8ne Farmer est <strong>redevenue une Lolita, le temps de deux concerts \u00e0 l&rsquo;Olympia<\/strong>. <\/p>\n<p>Deux nuits de folie, pour reprendre son r\u00e9pertoire devant un public nostalgique&#8230; <strong>et quelques imb\u00e9ciles. <\/strong>En effet, si sur place, l&rsquo;ambiance \u00e9tait merveilleuse, l&rsquo;accueil r\u00e9serv\u00e9 \u00e0 Aliz\u00e9e sur la Toile, a \u00e9t\u00e9 un peu diff\u00e9rent&#8230;<\/p>\n<p>Sur les r\u00e9seaux sociaux, certains extraits du spectacle d&rsquo;Aliz\u00e9e ont re\u00e7u <strong>des commentaires malveillants<\/strong>. Et tr\u00e8s souvent, ils provenaient d&rsquo;hommes au physique peu attrayant. Un internaute s&rsquo;est m\u00eame propos\u00e9 de les compiler.<\/p>\n<p>On a ainsi pu lire : \u00ab\u00a0Putain elle a arr\u00eat\u00e9 le r\u00e9gime, qui s&rsquo;est-il pass\u00e9\u00a0\u00bb. \u00ab\u00a0La pauvre, <strong>m\u00eame ses jambes plient sous son poids\u00a0\u00bb<\/strong> a tacl\u00e9 un internaute \u00e0 propos d&rsquo;Aliz\u00e9e. Quand on s&rsquo;est m\u00eame adress\u00e9 \u00e0 elle directement : \u00ab\u00a0La tenue lol, tu te crois dans la petite maison dans la prairie\u00a0\u00bb ou \u00ab\u00a0C&rsquo;est quoi \u00e7a, ridicule\u00a0\u00bb.<\/p>\n<p>Autre outrage, on a \u00e9galement lu : \u00ab\u00a0On croirait une<strong> publicit\u00e9 pour du saucisson<\/strong>\u00ab\u00a0. Ou encore : \u00ab\u00a0Faut arr\u00eater les mini-jupes\u00a0\u00bb. <\/p>\n<p>Un de ces messieurs a estim\u00e9 : \u00ab\u00a0Elle est loin d&rsquo;une Lolita, aujourd&rsquo;hui\u00a0\u00bb. Un autre a balanc\u00e9 : \u00ab\u00a0La petite a pris de la cuisse. Nourri au grain\u00a0\u00bb et on a \u00e9galement relev\u00e9 : \u00ab\u00a0<strong>Waouuu les giboles. Un char d&rsquo;assaut le bordel\u00a0\u00bb<\/strong>. Pour finir en apoth\u00e9ose, la palme est sans doute revenue \u00e0 celui qui a avou\u00e9 concernant la star de 41 ans : \u00ab\u00a0<strong>Moi je me la taperais quand m\u00eame bien<\/strong>\u00ab\u00a0. Merci \u00e0 lui !<\/p>\n<p>Heureusement, ces d\u00e9rapages sexistes en rafales n&rsquo;ont pas r\u00e9ussi \u00e0 entamer la joie de la chanteuse. Sur la Toile, Aliz\u00e9e a \u00e9crit, ce 11 septembre 2025 : \u00ab\u00a0Les mots me manquent pour exprimer ce qu\u2019il s\u2019est pass\u00e9 pendant ces 2 concerts \u00e0 l\u2019Olympia\u00a0\u00bb. <\/p>\n<p>Et d&rsquo;ajouter : \u00ab\u00a0Jamais je n\u2019aurais imagin\u00e9 un tel accueil, les voix sur les premiers titres plus fortes que la musique,<strong> les sourires, les acclamations<\/strong> !\u00a0\u00bb<\/p>\n<p>Aliz\u00e9e a eu un mot pour ses fans fid\u00e8les : \u00ab\u00a0Cher public je vous remercie du fond du c\u0153ur , merci pour cet incroyable anniversaire en votre compagnie\u00a0\u00bb. Mais aussi pour sa famille et ses \u00e9quipes. <\/p>\n<p>Aliz\u00e9e remercie ses proches<\/p>\n<p>En coulisses, ses filles Maggy et Annily (<a href=\"https:\/\/www.public.fr\/alizee-avant-son-olympia-sa-fille-annily-publie-une-video-inattendue\" target=\"_blank\" rel=\"noopener\">qui s&rsquo;est charg\u00e9e de son make up<\/a>) \u00e9taient l\u00e0 pour la soutenir. Tout comme son homme, Gr\u00e9goire Lyonnet. <\/p>\n<p>Au danseur avec qui elle a eu un coup de foudre il y a 12 ans, elle a d\u00e9clar\u00e9 : \u00ab\u00a0il permet de r\u00e9aliser tous mes r\u00eaves, c\u2019est gr\u00e2ce \u00e0 lui si j\u2019ai pu monter sur sc\u00e8ne. <strong>Je t\u2019aime si fort\u00a0\u00bb.<\/strong> Et ceux-l\u00e0 sont bien les essentiels d&rsquo;Aliz\u00e9e, personne d&rsquo;autre.<\/p>\n<p>      Mentionn\u00e9s dans cet article<\/p>\n<p>      Sur le m\u00eame sujet<\/p>\n","protected":false},"excerpt":{"rendered":"Depuis qu&rsquo;elle a crois\u00e9 la route de Gr\u00e9goire Lyonnet, dans Danse avec les stars, Aliz\u00e9e est un peu&hellip;\n","protected":false},"author":2,"featured_media":385661,"comment_status":"","ping_status":"","sticky":false,"template":"","format":"standard","meta":{"footnotes":""},"categories":[8],"tags":[21748,3581,1697,58,59,1011,27,51822],"class_list":{"0":"post-385660","1":"post","2":"type-post","3":"status-publish","4":"format-standard","5":"has-post-thumbnail","7":"category-divertissement","8":"tag-alizee","9":"tag-anniversaire","10":"tag-concert","11":"tag-divertissement","12":"tag-entertainment","13":"tag-fr","14":"tag-france","15":"tag-lolita"},"share_on_mastodon":{"url":"https:\/\/pubeurope.com\/@fr\/115192195092474155","error":""},"_links":{"self":[{"href":"https:\/\/www.europesays.com\/fr\/wp-json\/wp\/v2\/posts\/385660","targetHints":{"allow":["GET"]}}],"collection":[{"href":"https:\/\/www.europesays.com\/fr\/wp-json\/wp\/v2\/posts"}],"about":[{"href":"https:\/\/www.europesays.com\/fr\/wp-json\/wp\/v2\/types\/post"}],"author":[{"embeddable":true,"href":"https:\/\/www.europesays.com\/fr\/wp-json\/wp\/v2\/users\/2"}],"replies":[{"embeddable":true,"href":"https:\/\/www.europesays.com\/fr\/wp-json\/wp\/v2\/comments?post=385660"}],"version-history":[{"count":0,"href":"https:\/\/www.europesays.com\/fr\/wp-json\/wp\/v2\/posts\/385660\/revisions"}],"wp:featuredmedia":[{"embeddable":true,"href":"https:\/\/www.europesays.com\/fr\/wp-json\/wp\/v2\/media\/385661"}],"wp:attachment":[{"href":"https:\/\/www.europesays.com\/fr\/wp-json\/wp\/v2\/media?parent=385660"}],"wp:term":[{"taxonomy":"category","embeddable":true,"href":"https:\/\/www.europesays.com\/fr\/wp-json\/wp\/v2\/categories?post=385660"},{"taxonomy":"post_tag","embeddable":true,"href":"https:\/\/www.europesays.com\/fr\/wp-json\/wp\/v2\/tags?post=385660"}],"curies":[{"name":"wp","href":"https:\/\/api.w.org\/{rel}","templated":true}]}}