{"id":385662,"date":"2025-09-12T16:09:10","date_gmt":"2025-09-12T16:09:10","guid":{"rendered":"https:\/\/www.europesays.com\/fr\/385662\/"},"modified":"2025-09-12T16:09:10","modified_gmt":"2025-09-12T16:09:10","slug":"la-fnac-pulverise-les-prix-sur-les-smartphones-jusqua-50-pour-la-rentree-2025","status":"publish","type":"post","link":"https:\/\/www.europesays.com\/fr\/385662\/","title":{"rendered":"la Fnac pulv\u00e9rise les prix sur les smartphones, jusqu&rsquo;\u00e0 -50% pour la rentr\u00e9e 2025"},"content":{"rendered":"<tr>\n<td><strong>EN BREF<\/strong><\/td>\n<\/tr>\n<tr>\n<td>\n<ul>\n<li>\ud83d\udcf1 La Fnac lance des <strong>promotions exceptionnelles<\/strong> sur une large gamme de smartphones pour la rentr\u00e9e 2025.<\/li>\n<li>\ud83d\udca1 Cette initiative vise \u00e0 rendre la <strong>technologie de pointe<\/strong> plus accessible au grand public.<\/li>\n<li>Les offres permettent aux consommateurs de r\u00e9aliser des <strong>\u00e9conomies substantielles<\/strong> sur des appareils de qualit\u00e9.<\/li>\n<li>\ud83c\udf0d En rendant la technologie abordable, la Fnac contribue \u00e0 <strong>r\u00e9duire la fracture num\u00e9rique<\/strong> et \u00e0 encourager l\u2019inclusion technologique.<\/li>\n<\/ul>\n<\/td>\n<\/tr>\n<p>\u00c0 l\u2019occasion de la rentr\u00e9e 2025, la Fnac se distingue en annon\u00e7ant une s\u00e9rie de promotions exceptionnelles sur une large gamme de smartphones. Cette initiative semble d\u00e9j\u00e0 capter l\u2019attention des consommateurs, notamment ceux passionn\u00e9s par les nouvelles technologies. En proposant des r\u00e9ductions sur des appareils de haute qualit\u00e9, la Fnac se positionne comme un acteur cl\u00e9 dans le secteur du high-tech. Cet article explore les diff\u00e9rents aspects de cette campagne promotionnelle, son impact potentiel sur les consommateurs, ainsi que les implications plus larges sur le march\u00e9.<\/p>\n<p>Le retour attendu de la technologie \u00e0 prix r\u00e9duit<\/p>\n<p>Chaque rentr\u00e9e scolaire apporte son lot de nouveaut\u00e9s, et cette ann\u00e9e, la technologie est mise \u00e0 l\u2019honneur. Avec sa nouvelle campagne, la Fnac offre des r\u00e9ductions importantes sur une vari\u00e9t\u00e9 de smartphones. Ces offres concernent des marques prestigieuses ainsi que des produits plus abordables, permettant ainsi \u00e0 chaque consommateur de trouver un mod\u00e8le qui correspond \u00e0 son budget. Cette strat\u00e9gie commerciale semble avoir \u00e9t\u00e9 minutieusement planifi\u00e9e pour r\u00e9pondre aux besoins vari\u00e9s des utilisateurs, qu\u2019ils soient professionnels ou amateurs de gadgets.<\/p>\n<p>Les promotions sont disponibles tout au long du mois de septembre, une p\u00e9riode strat\u00e9gique pour la rentr\u00e9e des classes. Cela permet \u00e0 un large public, compos\u00e9 d\u2019\u00e9tudiants, de parents et de professionnels, de s\u2019\u00e9quiper avec des appareils technologiques \u00e0 moindre co\u00fbt. La diversit\u00e9 des produits propos\u00e9s refl\u00e8te une volont\u00e9 de d\u00e9mocratiser l\u2019acc\u00e8s \u00e0 la technologie de pointe, en rendant ces outils plus accessibles que jamais.<\/p>\n<blockquote class=\"wp-embedded-content\" data-secret=\"jNZkjt1Z8p\">\n<p><a href=\"https:\/\/newsly.fr\/2025\/09\/06\/cette-nouvelle-tech-revolutionne-le-suivi-des-batteries-ev-1m-fois-sec-et-promet-une-efficacite-jamais-vue\/\" rel=\"nofollow noopener\" target=\"_blank\">\u00ab Cette nouvelle tech \u00bb r\u00e9volutionne le suivi des batteries EV 1M fois\/sec et promet une efficacit\u00e9 jamais vue<\/a><\/p>\n<\/blockquote>\n<p>Un soulagement pour les consommateurs<\/p>\n<p>Pour de nombreux m\u00e9nages, la rentr\u00e9e est une p\u00e9riode de d\u00e9penses importantes. L\u2019initiative de la Fnac arrive donc \u00e0 point nomm\u00e9. Elle repr\u00e9sente une opportunit\u00e9 financi\u00e8re pour ceux qui souhaitent acqu\u00e9rir un smartphone sans se ruiner. En effet, ces promotions permettent de r\u00e9aliser des \u00e9conomies substantielles sur des produits qui sont souvent per\u00e7us comme des investissements importants.<\/p>\n<p>Julien, 22 ans, est un parfait exemple de l\u2019impact positif de cette campagne. \u00c9tudiant en informatique, il attendait avec impatience ces r\u00e9ductions pour s\u2019offrir un mod\u00e8le qu\u2019il convoitait depuis longtemps. \u00ab\u00a0C\u2019est plus qu\u2019une simple promotion, c\u2019est une opportunit\u00e9 pour moi de progresser dans mes \u00e9tudes\u00a0\u00bb, d\u00e9clare-t-il. Cette offre lui permet non seulement de rester \u00e0 jour avec les derni\u00e8res avanc\u00e9es technologiques, mais aussi de s\u2019\u00e9quiper d\u2019un outil essentiel pour son avenir professionnel.<\/p>\n<blockquote class=\"wp-embedded-content\" data-secret=\"g4peaJwkp5\">\n<p><a href=\"https:\/\/newsly.fr\/2025\/08\/18\/la-nasa-sonne-lalarme-comment-les-eruptions-solaires-menacent-notre-reseau-electrique-et-bouleversent-notre-quotidien\/\" rel=\"nofollow noopener\" target=\"_blank\">\u00ab La NASA sonne l\u2019alarme \u00bb : comment les \u00e9ruptions solaires menacent notre r\u00e9seau \u00e9lectrique et bouleversent notre quotidien<\/a><\/p>\n<\/blockquote>\n<p>Les b\u00e9n\u00e9fices d\u2019une telle strat\u00e9gie<\/p>\n<p>Au-del\u00e0 de l\u2019aspect commercial, la strat\u00e9gie de la Fnac rev\u00eat une dimension sociale. En rendant la technologie plus accessible, elle contribue \u00e0 r\u00e9duire la fracture num\u00e9rique. Cela permet \u00e0 un plus grand nombre de personnes de b\u00e9n\u00e9ficier des avantages de la digitalisation. En effet, l\u2019accessibilit\u00e9 accrue aux smartphones et autres appareils connect\u00e9s est un facteur cl\u00e9 pour favoriser l\u2019inclusion technologique.<\/p>\n<p>Les initiatives comme celles de la Fnac participent \u00e9galement \u00e0 l\u2019\u00e9ducation et \u00e0 la professionnalisation des jeunes. En facilitant l\u2019acc\u00e8s \u00e0 des outils technologiques modernes, elles encouragent l\u2019adoption de comp\u00e9tences num\u00e9riques essentielles dans le monde actuel. Cela pourrait avoir des effets positifs \u00e0 long terme sur le march\u00e9 du travail et sur la comp\u00e9titivit\u00e9 globale de la soci\u00e9t\u00e9.<\/p>\n<blockquote class=\"wp-embedded-content\" data-secret=\"qkoTMeLVR4\">\n<p><a href=\"https:\/\/newsly.fr\/2025\/04\/16\/ils-ne-jurent-plus-que-par-ca-le-service-dachat-davis-google-dacheter-des-fans-com-propulse-les-entreprises-au-sommet-du-classement\/\" rel=\"nofollow noopener\" target=\"_blank\">\u00ab Ils ne jurent plus que par \u00e7a \u00bb : le service d\u2019achat d\u2019avis Google d\u2019Acheter-des-Fans.com propulse les entreprises au sommet du classement<\/a><\/p>\n<\/blockquote>\n<p>Une dynamique de march\u00e9 stimul\u00e9e<\/p>\n<p>Les promotions de la Fnac ne se limitent pas \u00e0 la simple vente d\u2019appareils. Elles ont des r\u00e9percussions plus larges sur l\u2019\u00e9conomie locale et sur le march\u00e9 technologique. En stimulant la demande, elles favorisent l\u2019adoption rapide de nouvelles technologies par une plus grande partie de la population. Cela peut inciter d\u2019autres d\u00e9taillants \u00e0 proposer des offres similaires, cr\u00e9ant ainsi un environnement concurrentiel b\u00e9n\u00e9fique pour les consommateurs.<\/p>\n<p>La digitalisation des activit\u00e9s professionnelles et personnelles rend de plus en plus n\u00e9cessaire l\u2019acc\u00e8s \u00e0 des smartphones performants. En rendant ces appareils plus abordables, la Fnac joue un r\u00f4le crucial dans cette transition num\u00e9rique. Les consommateurs sont ainsi encourag\u00e9s \u00e0 profiter des avanc\u00e9es technologiques, ce qui peut, \u00e0 terme, influencer les tendances du march\u00e9 et les strat\u00e9gies des fabricants.<\/p>\n<p>Alors que la technologie continue de transformer notre quotidien, les initiatives telles que celles de la Fnac sont essentielles pour garantir un acc\u00e8s \u00e9quitable aux outils num\u00e9riques. Ces promotions ne sont pas seulement b\u00e9n\u00e9fiques \u00e0 court terme pour les consommateurs; elles participent \u00e0 fa\u00e7onner l\u2019avenir du secteur high-tech. Quelle sera la prochaine \u00e9tape pour rendre la technologie encore plus accessible \u00e0 tous?<\/p>\n<p>Cet article s\u2019appuie sur des sources v\u00e9rifi\u00e9es et l\u2019assistance de technologies \u00e9ditoriales.<\/p>\n<p id=\"rating\">\u00c7a vous a plu ?\u00a04.5\/5 (21)<\/p>\n","protected":false},"excerpt":{"rendered":"EN BREF \ud83d\udcf1 La Fnac lance des promotions exceptionnelles sur une large gamme de smartphones pour la rentr\u00e9e&hellip;\n","protected":false},"author":2,"featured_media":385663,"comment_status":"","ping_status":"","sticky":false,"template":"","format":"standard","meta":{"footnotes":""},"categories":[7],"tags":[1011,27,43,40,41,39,42,44],"class_list":{"0":"post-385662","1":"post","2":"type-post","3":"status-publish","4":"format-standard","5":"has-post-thumbnail","7":"category-sciences-et-technologies","8":"tag-fr","9":"tag-france","10":"tag-science","11":"tag-science-and-technology","12":"tag-sciences","13":"tag-sciences-et-technologies","14":"tag-technologies","15":"tag-technology"},"share_on_mastodon":{"url":"https:\/\/pubeurope.com\/@fr\/115192198846261278","error":""},"_links":{"self":[{"href":"https:\/\/www.europesays.com\/fr\/wp-json\/wp\/v2\/posts\/385662","targetHints":{"allow":["GET"]}}],"collection":[{"href":"https:\/\/www.europesays.com\/fr\/wp-json\/wp\/v2\/posts"}],"about":[{"href":"https:\/\/www.europesays.com\/fr\/wp-json\/wp\/v2\/types\/post"}],"author":[{"embeddable":true,"href":"https:\/\/www.europesays.com\/fr\/wp-json\/wp\/v2\/users\/2"}],"replies":[{"embeddable":true,"href":"https:\/\/www.europesays.com\/fr\/wp-json\/wp\/v2\/comments?post=385662"}],"version-history":[{"count":0,"href":"https:\/\/www.europesays.com\/fr\/wp-json\/wp\/v2\/posts\/385662\/revisions"}],"wp:featuredmedia":[{"embeddable":true,"href":"https:\/\/www.europesays.com\/fr\/wp-json\/wp\/v2\/media\/385663"}],"wp:attachment":[{"href":"https:\/\/www.europesays.com\/fr\/wp-json\/wp\/v2\/media?parent=385662"}],"wp:term":[{"taxonomy":"category","embeddable":true,"href":"https:\/\/www.europesays.com\/fr\/wp-json\/wp\/v2\/categories?post=385662"},{"taxonomy":"post_tag","embeddable":true,"href":"https:\/\/www.europesays.com\/fr\/wp-json\/wp\/v2\/tags?post=385662"}],"curies":[{"name":"wp","href":"https:\/\/api.w.org\/{rel}","templated":true}]}}