{"id":385676,"date":"2025-09-12T16:16:12","date_gmt":"2025-09-12T16:16:12","guid":{"rendered":"https:\/\/www.europesays.com\/fr\/385676\/"},"modified":"2025-09-12T16:16:12","modified_gmt":"2025-09-12T16:16:12","slug":"photos-le-campus-nanceien-de-sciences-po-ouvre-son-annee-academique-et-celebre-ses-25-ans","status":"publish","type":"post","link":"https:\/\/www.europesays.com\/fr\/385676\/","title":{"rendered":"Photos. Le campus nanc\u00e9ien de Sciences Po ouvre son ann\u00e9e acad\u00e9mique et c\u00e9l\u00e8bre ses 25 ans"},"content":{"rendered":"<p>Le campus nanc\u00e9ien de Sciences Po a tenu sa rentr\u00e9e solennelle ce vendredi matin. La c\u00e9r\u00e9monie s\u2019est d\u00e9roul\u00e9e en pr\u00e9sence de Luis Vassy, directeur de Sciences Po, de Fran\u00e7ois Laval, directeur de Sciences Po Nancy, de Jeanne Lazarus, doyenne du coll\u00e8ge universitaire, ainsi que de plusieurs autorit\u00e9s locales et r\u00e9gionales. L\u2019\u00e9v\u00e9nement a marqu\u00e9 \u00e0 la fois le lancement d\u2019une nouvelle ann\u00e9e acad\u00e9mique et la c\u00e9l\u00e9bration des 25 ans d\u2019implantation de Sciences Po \u00e0 Nancy.<\/p>\n","protected":false},"excerpt":{"rendered":"Le campus nanc\u00e9ien de Sciences Po a tenu sa rentr\u00e9e solennelle ce vendredi matin. La c\u00e9r\u00e9monie s\u2019est d\u00e9roul\u00e9e&hellip;\n","protected":false},"author":2,"featured_media":385677,"comment_status":"","ping_status":"","sticky":false,"template":"","format":"standard","meta":{"footnotes":""},"categories":[9635],"tags":[1111,11,1704,1057,1777,674,1011,27,2798,775,1702,12,25],"class_list":{"0":"post-385676","1":"post","2":"type-post","3":"status-publish","4":"format-standard","5":"has-post-thumbnail","7":"category-nancy","8":"tag-actu","9":"tag-actualites","10":"tag-edition-nancy-et-agglomeration","11":"tag-education","12":"tag-eu","13":"tag-europe","14":"tag-fr","15":"tag-france","16":"tag-galerie-photo","17":"tag-grand-est","18":"tag-nancy","19":"tag-news","20":"tag-republique-francaise"},"share_on_mastodon":{"url":"https:\/\/pubeurope.com\/@fr\/115192226464732879","error":""},"_links":{"self":[{"href":"https:\/\/www.europesays.com\/fr\/wp-json\/wp\/v2\/posts\/385676","targetHints":{"allow":["GET"]}}],"collection":[{"href":"https:\/\/www.europesays.com\/fr\/wp-json\/wp\/v2\/posts"}],"about":[{"href":"https:\/\/www.europesays.com\/fr\/wp-json\/wp\/v2\/types\/post"}],"author":[{"embeddable":true,"href":"https:\/\/www.europesays.com\/fr\/wp-json\/wp\/v2\/users\/2"}],"replies":[{"embeddable":true,"href":"https:\/\/www.europesays.com\/fr\/wp-json\/wp\/v2\/comments?post=385676"}],"version-history":[{"count":0,"href":"https:\/\/www.europesays.com\/fr\/wp-json\/wp\/v2\/posts\/385676\/revisions"}],"wp:featuredmedia":[{"embeddable":true,"href":"https:\/\/www.europesays.com\/fr\/wp-json\/wp\/v2\/media\/385677"}],"wp:attachment":[{"href":"https:\/\/www.europesays.com\/fr\/wp-json\/wp\/v2\/media?parent=385676"}],"wp:term":[{"taxonomy":"category","embeddable":true,"href":"https:\/\/www.europesays.com\/fr\/wp-json\/wp\/v2\/categories?post=385676"},{"taxonomy":"post_tag","embeddable":true,"href":"https:\/\/www.europesays.com\/fr\/wp-json\/wp\/v2\/tags?post=385676"}],"curies":[{"name":"wp","href":"https:\/\/api.w.org\/{rel}","templated":true}]}}